{"id":20317,"date":"2022-08-10T13:42:01","date_gmt":"2022-08-10T16:42:01","guid":{"rendered":"https:\/\/radiorevelacionfm.cl\/?p=20317"},"modified":"2022-08-10T13:42:01","modified_gmt":"2022-08-10T16:42:01","slug":"gobernadora-andrea-macias-asiste-al-segundo-foro-para-la-descentralizacion","status":"publish","type":"post","link":"https:\/\/radiorevelacionfm.cl\/?p=20317","title":{"rendered":"Gobernadora Andrea Mac\u00edas asiste al Segundo Foro para la Descentralizaci\u00f3n"},"content":{"rendered":"<div class=\"flex_column av_one_full  flex_column_div av-zero-column-padding first  avia-builder-el-0  el_before_av_one_full  avia-builder-el-first  \" style='border-radius:0px; '><div  class='avia-image-container  av-styling-    avia-builder-el-1  avia-builder-el-no-sibling  avia-align-center '  itemprop=\"image\" itemscope=\"itemscope\" itemtype=\"https:\/\/schema.org\/ImageObject\"  ><div class='avia-image-container-inner'><div class='avia-image-overlay-wrap'><img decoding=\"async\" class='wp-image-20319 avia-img-lazy-loading-not-20319 avia_image' src=\"https:\/\/radiorevelacionfm.cl\/wp-content\/uploads\/2022\/08\/gobernadora_foro2-1_optimized.jpg\" alt='' title='gobernadora_foro2-(1)_optimized' height=\"600\" width=\"1032\"  itemprop=\"thumbnailUrl\" srcset=\"https:\/\/radiorevelacionfm.cl\/wp-content\/uploads\/2022\/08\/gobernadora_foro2-1_optimized.jpg 1032w, https:\/\/radiorevelacionfm.cl\/wp-content\/uploads\/2022\/08\/gobernadora_foro2-1_optimized-300x174.jpg 300w, https:\/\/radiorevelacionfm.cl\/wp-content\/uploads\/2022\/08\/gobernadora_foro2-1_optimized-1030x599.jpg 1030w, https:\/\/radiorevelacionfm.cl\/wp-content\/uploads\/2022\/08\/gobernadora_foro2-1_optimized-768x447.jpg 768w, https:\/\/radiorevelacionfm.cl\/wp-content\/uploads\/2022\/08\/gobernadora_foro2-1_optimized-705x410.jpg 705w, https:\/\/radiorevelacionfm.cl\/wp-content\/uploads\/2022\/08\/gobernadora_foro2-1_optimized-600x349.jpg 600w\" sizes=\"(max-width: 1032px) 100vw, 1032px\" \/><\/div><\/div><\/div><\/div><div class=\"flex_column av_one_full  flex_column_div av-zero-column-padding first  avia-builder-el-2  el_after_av_one_full  el_before_av_one_full  column-top-margin\" style='border-radius:0px; '><section class=\"av_textblock_section \"  itemscope=\"itemscope\" itemtype=\"https:\/\/schema.org\/BlogPosting\" itemprop=\"blogPost\" ><div class='avia_textblock  '   itemprop=\"text\" ><p style=\"text-align: center;\"><strong><span style=\"font-size: 18pt;\">Gobernadora Andrea Mac\u00edas asiste al Segundo Foro para la Descentralizaci\u00f3n<\/span><\/strong><\/p>\n<div id=\"gtx-trans\" style=\"position: absolute; left: -50px; top: 4.31534px;\">\n<div class=\"gtx-trans-icon\"><\/div>\n<\/div>\n<\/div><\/section><\/div><div class=\"flex_column av_one_full  flex_column_div av-zero-column-padding first  avia-builder-el-4  el_after_av_one_full  el_before_av_hr  column-top-margin\" style='border-radius:0px; '><section class=\"av_textblock_section \"  itemscope=\"itemscope\" itemtype=\"https:\/\/schema.org\/BlogPosting\" itemprop=\"blogPost\" ><div class='avia_textblock  '   itemprop=\"text\" ><p dir=\"ltr\" style=\"text-align: justify;\">La Gobernadora Regional, Andrea Mac\u00edas Palma, particip\u00f3 hoy en el Segundo Foro para la Descentralizaci\u00f3n que estuvo liderado por el Presidente de la Rep\u00fablica, Gabriel Boric Font, que junto con representantes de diversos ministerios como; Interior, Econom\u00eda, Fomento y Turismo, Desarrollo Social y Familia, Transportes y Telecomunicaciones, m\u00e1s la subsecretar\u00edas de Vivienda y Urbanismo, de Desarrollo Regional, informaron y respondieron a las consultas de las y los gobernadores en la comuna de Frutillar, Regi\u00f3n de Los Lagos.<\/p>\n<p dir=\"ltr\" style=\"text-align: justify;\">Avanzar en una hoja de ruta para un Chile regionalista y mostrar el desarrollo, fueron algunos de los objetivos de la reuni\u00f3n. \u00abBuenas noticias en el traspaso de competencias en instrumentos de fomento productivo. Este debe pensarse desde las regiones, atendiendo a las distintas demandas y a los distintas vocaciones productivas que tiene cada territorio\u00bb, dijo la Gobernadora Regional, Andrea Mac\u00edas, al concluir la actividad.<\/p>\n<p dir=\"ltr\" style=\"text-align: justify;\">Durante la reuni\u00f3n el ministro de Econom\u00eda, Fomento y Turismo, Nicol\u00e1s Grau, inform\u00f3 sobre la propuesta enmarcada en Desarrollo Productivo, la formaci\u00f3n de un Comit\u00e9 integrado por miembros del Gobierno Regional, Central, representantes del mundo p\u00fablico, y del \u00e1rea privada, planteamiento que igual explic\u00f3 el subsecretario de la Subsecretar\u00eda de Desarrollo Regional (Subdere), Miguel Crispi, explic\u00f3 que \u00ablo que vamos a hacer es conformar comit\u00e9s Corfo, donde esos comit\u00e9s de Fomento Productivo Regional van a tener una mayor\u00eda de miembros de las regiones, presididos por representantes de los gobernadores y gobernadoras regionales para concentrar m\u00e1s de cuarenta herramientas de fomento productivo para que as\u00ed podamos tener pol\u00edticas de desarrollo territorial y fomento productivo en las regiones lideradas por sus propias autoridades, por el mundo privado, tambi\u00e9n por el mundo acad\u00e9mico\u00bb.<\/p>\n<p dir=\"ltr\" style=\"text-align: justify;\">Uno de los pilares en el programa de Gobierno del Presidente de la Rep\u00fablica, Gabriel Boric Font, es la descentralizaci\u00f3n, por lo que enfatiz\u00f3 su compromiso con avanzar en la materia.<\/p>\n<p dir=\"ltr\" style=\"text-align: justify;\">\u00abHemos dicho en reiteradas oportunidades, queremos ser un Gobierno que distribuya el poder porque lo que tenemos entre todos, lo que generamos entre todos, las posibilidades que generamos entre todos los chilenos, tenemos que distribuirlas (&#8230;) y eso tiene que ver con las oportunidades, tiene que ver con el poder, tiene que ver con el acceso a los servicios, tiene que ver tambi\u00e9n con los recursos materiales, dijo el mandatario.<\/p>\n<p dir=\"ltr\" style=\"text-align: justify;\">En la jornada se realiz\u00f3 la firma de un acuerdo entre la Direcci\u00f3n de Presupuestos (Dipres) y la Asociaci\u00f3n de Gobernadores y Gobernadoras de Chile, para que exista m\u00e1s autonom\u00eda en el presupuesto de las regiones.<\/p>\n<p dir=\"ltr\" style=\"text-align: justify;\">La ministra del Interior y Seguridad P\u00fablica, Izkia Siches, se refiri\u00f3 al tema donde asever\u00f3 que \u00abes un d\u00eda que es important\u00edsimo para Chile porque avanzamos en algo que es important\u00edsimo porque avanzamos en algo que es esencial para nuestro Gobierno, entregarle m\u00e1s poder y recursos a las autoridades democr\u00e1ticamente electas, los gobernadores y gobernadoras\u00bb.<\/p>\n<p dir=\"ltr\" style=\"text-align: justify;\">Los representantes gubernamentales destacaron que trabajan para dar facultades y herramientas que puedan contribuir en el \u00e1mbito de desarrollo social, cultura, de ordenamiento territorial, adem\u00e1s del fomento productivo.<\/p>\n<\/div><\/section><\/div><div  style='height:50px' class='hr hr-invisible   avia-builder-el-6  el_after_av_one_full  el_before_av_social_share '><span class='hr-inner ' ><span class='hr-inner-style'><\/span><\/span><\/div><\/p>\n<div  class='av-social-sharing-box  avia-builder-el-7  el_after_av_hr  el_before_av_hr  '><div class='av-share-box'><h5 class='av-share-link-description av-no-toc '>Compartir esta noticia<\/h5><ul class='av-share-box-list noLightbox'><li class='av-share-link av-social-link-facebook' ><a target=\"_blank\" aria-label=\"Compartir en Facebook\" href='https:\/\/www.facebook.com\/sharer.php?u=https:\/\/radiorevelacionfm.cl\/?p=20317&#038;t=Gobernadora%20Andrea%20Mac%C3%ADas%20asiste%20al%20Segundo%20Foro%20para%20la%20Descentralizaci%C3%B3n' aria-hidden='false' data-av_icon='\ue8f3' data-av_iconfont='entypo-fontello' title='' data-avia-related-tooltip='Compartir en Facebook' rel=\"noopener\"><span class='avia_hidden_link_text'>Compartir en Facebook<\/span><\/a><\/li><li class='av-share-link av-social-link-twitter' ><a target=\"_blank\" aria-label=\"Compartir en Twitter\" href='https:\/\/twitter.com\/share?text=Gobernadora%20Andrea%20Mac%C3%ADas%20asiste%20al%20Segundo%20Foro%20para%20la%20Descentralizaci%C3%B3n&#038;url=https:\/\/radiorevelacionfm.cl\/?p=20317' aria-hidden='false' data-av_icon='\ue8f1' data-av_iconfont='entypo-fontello' title='' data-avia-related-tooltip='Compartir en Twitter' rel=\"noopener\"><span class='avia_hidden_link_text'>Compartir en Twitter<\/span><\/a><\/li><li class='av-share-link av-social-link-whatsapp' ><a target=\"_blank\" aria-label=\"Compartir en Whatsapp\" href='https:\/\/api.whatsapp.com\/send?text=https:\/\/radiorevelacionfm.cl\/?p=20317' aria-hidden='false' data-av_icon='\uf232' data-av_iconfont='entypo-fontello' title='' data-avia-related-tooltip='Compartir en Whatsapp' rel=\"noopener\"><span class='avia_hidden_link_text'>Compartir en Whatsapp<\/span><\/a><\/li><li class='av-share-link av-social-link-linkedin' ><a target=\"_blank\" aria-label=\"Compartir en LinkedIn\" href='https:\/\/linkedin.com\/shareArticle?mini=true&#038;title=Gobernadora%20Andrea%20Mac%C3%ADas%20asiste%20al%20Segundo%20Foro%20para%20la%20Descentralizaci%C3%B3n&#038;url=https:\/\/radiorevelacionfm.cl\/?p=20317' aria-hidden='false' data-av_icon='\ue8fc' data-av_iconfont='entypo-fontello' title='' data-avia-related-tooltip='Compartir en LinkedIn' rel=\"noopener\"><span class='avia_hidden_link_text'>Compartir en LinkedIn<\/span><\/a><\/li><li class='av-share-link av-social-link-mail' ><a  aria-label=\"Compartir por correo\" href='mailto:?subject=Gobernadora%20Andrea%20Mac%C3%ADas%20asiste%20al%20Segundo%20Foro%20para%20la%20Descentralizaci%C3%B3n&#038;body=https:\/\/radiorevelacionfm.cl\/?p=20317' aria-hidden='false' data-av_icon='\ue805' data-av_iconfont='entypo-fontello' title='' data-avia-related-tooltip='Compartir por correo'><span class='avia_hidden_link_text'>Compartir por correo<\/span><\/a><\/li><\/ul><\/div><\/div>\n<div  style='height:50px' class='hr hr-invisible   avia-builder-el-8  el_after_av_social_share  el_before_av_comments_list '><span class='hr-inner ' ><span class='hr-inner-style'><\/span><\/span><\/div>\n<div  class='av-buildercomment  av-blog-meta-html-info-disabled av-blog-meta-tag-disabled  '><\/div>\n","protected":false},"excerpt":{"rendered":"","protected":false},"author":1,"featured_media":20319,"comment_status":"open","ping_status":"open","sticky":false,"template":"","format":"standard","meta":{"footnotes":""},"categories":[38],"tags":[],"class_list":["post-20317","post","type-post","status-publish","format-standard","has-post-thumbnail","hentry","category-regional"],"jetpack_featured_media_url":"https:\/\/radiorevelacionfm.cl\/wp-content\/uploads\/2022\/08\/gobernadora_foro2-1_optimized.jpg","_links":{"self":[{"href":"https:\/\/radiorevelacionfm.cl\/index.php?rest_route=\/wp\/v2\/posts\/20317","targetHints":{"allow":["GET"]}}],"collection":[{"href":"https:\/\/radiorevelacionfm.cl\/index.php?rest_route=\/wp\/v2\/posts"}],"about":[{"href":"https:\/\/radiorevelacionfm.cl\/index.php?rest_route=\/wp\/v2\/types\/post"}],"author":[{"embeddable":true,"href":"https:\/\/radiorevelacionfm.cl\/index.php?rest_route=\/wp\/v2\/users\/1"}],"replies":[{"embeddable":true,"href":"https:\/\/radiorevelacionfm.cl\/index.php?rest_route=%2Fwp%2Fv2%2Fcomments&post=20317"}],"version-history":[{"count":2,"href":"https:\/\/radiorevelacionfm.cl\/index.php?rest_route=\/wp\/v2\/posts\/20317\/revisions"}],"predecessor-version":[{"id":20335,"href":"https:\/\/radiorevelacionfm.cl\/index.php?rest_route=\/wp\/v2\/posts\/20317\/revisions\/20335"}],"wp:featuredmedia":[{"embeddable":true,"href":"https:\/\/radiorevelacionfm.cl\/index.php?rest_route=\/wp\/v2\/media\/20319"}],"wp:attachment":[{"href":"https:\/\/radiorevelacionfm.cl\/index.php?rest_route=%2Fwp%2Fv2%2Fmedia&parent=20317"}],"wp:term":[{"taxonomy":"category","embeddable":true,"href":"https:\/\/radiorevelacionfm.cl\/index.php?rest_route=%2Fwp%2Fv2%2Fcategories&post=20317"},{"taxonomy":"post_tag","embeddable":true,"href":"https:\/\/radiorevelacionfm.cl\/index.php?rest_route=%2Fwp%2Fv2%2Ftags&post=20317"}],"curies":[{"name":"wp","href":"https:\/\/api.w.org\/{rel}","templated":true}]}}