{"id":20314,"date":"2022-08-10T10:48:56","date_gmt":"2022-08-10T13:48:56","guid":{"rendered":"https:\/\/radiorevelacionfm.cl\/?p=20314"},"modified":"2022-08-10T10:54:34","modified_gmt":"2022-08-10T13:54:34","slug":"realizan-segundo-taller-de-gestion-de-transito-para-abordar-mejoras-de-conectividad-en-puerto-aysen","status":"publish","type":"post","link":"https:\/\/radiorevelacionfm.cl\/?p=20314","title":{"rendered":"Realizan segundo Taller de Gesti\u00f3n de Tr\u00e1nsito para abordar mejoras de conectividad en Puerto Ays\u00e9n"},"content":{"rendered":"<div class=\"flex_column av_one_full  flex_column_div av-zero-column-padding first  avia-builder-el-0  el_before_av_one_full  avia-builder-el-first  \" style='border-radius:0px; '><div  class='avia-image-container  av-styling-    avia-builder-el-1  avia-builder-el-no-sibling  avia-align-center '  itemprop=\"image\" itemscope=\"itemscope\" itemtype=\"https:\/\/schema.org\/ImageObject\"  ><div class='avia-image-container-inner'><div class='avia-image-overlay-wrap'><img decoding=\"async\" class='wp-image-20315 avia-img-lazy-loading-not-20315 avia_image' src=\"https:\/\/radiorevelacionfm.cl\/wp-content\/uploads\/2022\/08\/img-gttp-muniaysen4-1-1_optimized.jpg\" alt='' title='img-gttp-muniaysen4-(1)-(1)_optimized' height=\"600\" width=\"804\"  itemprop=\"thumbnailUrl\" srcset=\"https:\/\/radiorevelacionfm.cl\/wp-content\/uploads\/2022\/08\/img-gttp-muniaysen4-1-1_optimized.jpg 804w, https:\/\/radiorevelacionfm.cl\/wp-content\/uploads\/2022\/08\/img-gttp-muniaysen4-1-1_optimized-300x224.jpg 300w, https:\/\/radiorevelacionfm.cl\/wp-content\/uploads\/2022\/08\/img-gttp-muniaysen4-1-1_optimized-768x573.jpg 768w, https:\/\/radiorevelacionfm.cl\/wp-content\/uploads\/2022\/08\/img-gttp-muniaysen4-1-1_optimized-705x526.jpg 705w, https:\/\/radiorevelacionfm.cl\/wp-content\/uploads\/2022\/08\/img-gttp-muniaysen4-1-1_optimized-600x448.jpg 600w\" sizes=\"(max-width: 804px) 100vw, 804px\" \/><\/div><\/div><\/div><\/div>\n<div class=\"flex_column av_one_full  flex_column_div av-zero-column-padding first  avia-builder-el-2  el_after_av_one_full  el_before_av_one_full  column-top-margin\" style='border-radius:0px; '><section class=\"av_textblock_section \"  itemscope=\"itemscope\" itemtype=\"https:\/\/schema.org\/BlogPosting\" itemprop=\"blogPost\" ><div class='avia_textblock  '   itemprop=\"text\" ><p style=\"text-align: center;\"><strong><span style=\"font-size: 18pt;\">Realizan segundo Taller de Gesti\u00f3n de Tr\u00e1nsito para abordar mejoras de conectividad en Puerto Ays\u00e9n <\/span><\/strong><\/p>\n<div id=\"gtx-trans\" style=\"position: absolute; left: -50px; top: 4.31534px;\">\n<div class=\"gtx-trans-icon\"><\/div>\n<\/div>\n<\/div><\/section><\/div>\n<div class=\"flex_column av_one_full  flex_column_div av-zero-column-padding first  avia-builder-el-4  el_after_av_one_full  el_before_av_hr  column-top-margin\" style='border-radius:0px; '><section class=\"av_textblock_section \"  itemscope=\"itemscope\" itemtype=\"https:\/\/schema.org\/BlogPosting\" itemprop=\"blogPost\" ><div class='avia_textblock  '   itemprop=\"text\" ><p style=\"text-align: justify;\">En una instancia de m\u00e1s de dos horas, dirigentes sociales de Puerto Ays\u00e9n abordaron en compa\u00f1\u00eda de la Direcci\u00f3n de Tr\u00e1nsito y Transporte P\u00fablico de la Ilustre Municipalidad de Ays\u00e9n una nueva jornada de Taller de Participaci\u00f3n Ciudadana referida al Plan de Gesti\u00f3n de Tr\u00e1nsito de la comuna porte\u00f1a. En la ocasi\u00f3n, desarrollada bajo modalidad hibrida (telem\u00e1tica &#8211; presencial) los vecinos y vecinas pudieron conocer los proyectos que la consultora a cargo de este estudio, CGM Ingenier\u00eda, formul\u00f3 en base a los primeros problemas detectados, con miras a mejorar la conectividad de los habitantes y residentes de este importante polo de desarrollo regional.<\/p>\n<p style=\"text-align: justify;\">Al respecto, la directora de Tr\u00e1nsito y Transporte P\u00fablico de la casa edilicia aysenina, Mabel Vel\u00e1squez Ulloa, coment\u00f3 que \u201cestamos muy contentos, la gente que lleg\u00f3 ten\u00eda mucho \u00e1nimo de participar, de opinar respecto a los cambios que se deben realizar en c\u00f3mo nos novemos los ayseninos. As\u00ed es que, el balance siempre va a ser positivo. Se propuso tambi\u00e9n, en base de lo que nos dijeron y contaron en las problem\u00e1ticas del primer taller, una bater\u00eda de 18 proyectos o posibles proyectos que se pudieran realizar en el Plan de Gesti\u00f3n de Tr\u00e1nsito y que evidentemente nos ayudar\u00e1n a mejorar la movilidad de todos los actores viales\u201d.<\/p>\n<p style=\"text-align: justify;\">Con ello, la personera municipal, destac\u00f3 que este paso es de car\u00e1cter evaluativo y que la sanci\u00f3n de los proyectos expuestos se desarrollar\u00e1 en una nueva instancia. Sin embargo, tambi\u00e9n invit\u00f3 a la comunidad aysenina a integrarse en esta materia a trav\u00e9s de la Encuesta Origen \u2013 Destino Hogares, instrumento que forma parte del Plan de Gesti\u00f3n de Tr\u00e1nsito y que complementar\u00e1 con datos claves la movilidad activa de los residentes de Ays\u00e9n, adem\u00e1s de ser una de las bases para justificar y\/o realizar ajustes a los proyectos expuestos en base a las necesidades que se presenta en el territorio.<\/p>\n<p style=\"text-align: justify;\">Frente a estos hechos, la presidenta de la Junta de Vecinos del sector de Pedro Aguirre Cerda, Rosa Ch\u00e1vez Nitor, declar\u00f3 que a su juicio esta fue \u201cuna excelente reuni\u00f3n\u201d, argumentando que hoy se est\u00e1 trabajando en mejorar la conectividad desde lo expedito, en la convivencia que presentan peatones y automovilistas para evitar accidentes, as\u00ed como tambi\u00e9n, revisar los puntos de preocupaci\u00f3n vecinal como lo son los estacionamientos, ciclov\u00edas, sem\u00e1foros y otros. Por lo que, la dirigenta destac\u00f3 el accionar del municipio para tratar estos temas con la comunidad.<\/p>\n<p style=\"text-align: justify;\">Por su parte, Ximena Ru\u00edz, presidenta del Consejo Consultivo del Hospital de Puerto Ays\u00e9n, relat\u00f3 que esta es la segunda vez que participa de este encuentro, motivada principalmente por plasmar los requerimientos formulados en la primera instancia junto al dirigente \u00c1ngel Maldonado de la Agrupaci\u00f3n Visi\u00f3n de futuro. En su caso, una semaforizaci\u00f3n inclusiva es primordial considerando el porcentaje de la poblaci\u00f3n aysenina que posee baja o nula visi\u00f3n, por lo que, espera continuar participando de estas actividades para abordar las materias de inclusi\u00f3n por las que vela su organizaci\u00f3n.<\/p>\n<p style=\"text-align: justify;\">Finalmente, Ru\u00edz, abord\u00f3 que \u201cEl taller ha sido bastante largo, pero entretenido porque podemos nosotros tambi\u00e9n aportar con ideas para las mejoras de este proyecto que se encuentra liderando la municipalidad, esperamos que esto se pueda concretar en un tiempo cercano para que se materialicen las mejoras que se necesitan tanto en el tr\u00e1nsito como en la se\u00f1al\u00e9tica y otros arreglos que requiere la ciudad en Puerto Ays\u00e9n\u201d, puntualiz\u00f3 la reconocida dirigenta social.<\/p>\n<\/div><\/section><\/div><div  style='height:50px' class='hr hr-invisible   avia-builder-el-6  el_after_av_one_full  el_before_av_social_share '><span class='hr-inner ' ><span class='hr-inner-style'><\/span><\/span><\/div><\/p>\n<div  class='av-social-sharing-box  avia-builder-el-7  el_after_av_hr  el_before_av_hr  '><div class='av-share-box'><h5 class='av-share-link-description av-no-toc '>Compartir esta noticia<\/h5><ul class='av-share-box-list noLightbox'><li class='av-share-link av-social-link-facebook' ><a target=\"_blank\" aria-label=\"Compartir en Facebook\" href='https:\/\/www.facebook.com\/sharer.php?u=https:\/\/radiorevelacionfm.cl\/?p=20314&#038;t=Realizan%20segundo%20Taller%20de%20Gesti%C3%B3n%20de%20Tr%C3%A1nsito%20para%20abordar%20mejoras%20de%20conectividad%20en%20Puerto%20Ays%C3%A9n' aria-hidden='false' data-av_icon='\ue8f3' data-av_iconfont='entypo-fontello' title='' data-avia-related-tooltip='Compartir en Facebook' rel=\"noopener\"><span class='avia_hidden_link_text'>Compartir en Facebook<\/span><\/a><\/li><li class='av-share-link av-social-link-twitter' ><a target=\"_blank\" aria-label=\"Compartir en Twitter\" href='https:\/\/twitter.com\/share?text=Realizan%20segundo%20Taller%20de%20Gesti%C3%B3n%20de%20Tr%C3%A1nsito%20para%20abordar%20mejoras%20de%20conectividad%20en%20Puerto%20Ays%C3%A9n&#038;url=https:\/\/radiorevelacionfm.cl\/?p=20314' aria-hidden='false' data-av_icon='\ue8f1' data-av_iconfont='entypo-fontello' title='' data-avia-related-tooltip='Compartir en Twitter' rel=\"noopener\"><span class='avia_hidden_link_text'>Compartir en Twitter<\/span><\/a><\/li><li class='av-share-link av-social-link-whatsapp' ><a target=\"_blank\" aria-label=\"Compartir en Whatsapp\" href='https:\/\/api.whatsapp.com\/send?text=https:\/\/radiorevelacionfm.cl\/?p=20314' aria-hidden='false' data-av_icon='\uf232' data-av_iconfont='entypo-fontello' title='' data-avia-related-tooltip='Compartir en Whatsapp' rel=\"noopener\"><span class='avia_hidden_link_text'>Compartir en Whatsapp<\/span><\/a><\/li><li class='av-share-link av-social-link-linkedin' ><a target=\"_blank\" aria-label=\"Compartir en LinkedIn\" href='https:\/\/linkedin.com\/shareArticle?mini=true&#038;title=Realizan%20segundo%20Taller%20de%20Gesti%C3%B3n%20de%20Tr%C3%A1nsito%20para%20abordar%20mejoras%20de%20conectividad%20en%20Puerto%20Ays%C3%A9n&#038;url=https:\/\/radiorevelacionfm.cl\/?p=20314' aria-hidden='false' data-av_icon='\ue8fc' data-av_iconfont='entypo-fontello' title='' data-avia-related-tooltip='Compartir en LinkedIn' rel=\"noopener\"><span class='avia_hidden_link_text'>Compartir en LinkedIn<\/span><\/a><\/li><li class='av-share-link av-social-link-mail' ><a  aria-label=\"Compartir por correo\" href='mailto:?subject=Realizan%20segundo%20Taller%20de%20Gesti%C3%B3n%20de%20Tr%C3%A1nsito%20para%20abordar%20mejoras%20de%20conectividad%20en%20Puerto%20Ays%C3%A9n&#038;body=https:\/\/radiorevelacionfm.cl\/?p=20314' aria-hidden='false' data-av_icon='\ue805' data-av_iconfont='entypo-fontello' title='' data-avia-related-tooltip='Compartir por correo'><span class='avia_hidden_link_text'>Compartir por correo<\/span><\/a><\/li><\/ul><\/div><\/div>\n<div  style='height:50px' class='hr hr-invisible   avia-builder-el-8  el_after_av_social_share  el_before_av_comments_list '><span class='hr-inner ' ><span class='hr-inner-style'><\/span><\/span><\/div>\n<div  class='av-buildercomment  av-blog-meta-html-info-disabled av-blog-meta-tag-disabled  '><\/div>\n","protected":false},"excerpt":{"rendered":"","protected":false},"author":1,"featured_media":20315,"comment_status":"open","ping_status":"open","sticky":false,"template":"","format":"standard","meta":{"footnotes":""},"categories":[38],"tags":[],"class_list":["post-20314","post","type-post","status-publish","format-standard","has-post-thumbnail","hentry","category-regional"],"jetpack_featured_media_url":"https:\/\/radiorevelacionfm.cl\/wp-content\/uploads\/2022\/08\/img-gttp-muniaysen4-1-1_optimized.jpg","_links":{"self":[{"href":"https:\/\/radiorevelacionfm.cl\/index.php?rest_route=\/wp\/v2\/posts\/20314","targetHints":{"allow":["GET"]}}],"collection":[{"href":"https:\/\/radiorevelacionfm.cl\/index.php?rest_route=\/wp\/v2\/posts"}],"about":[{"href":"https:\/\/radiorevelacionfm.cl\/index.php?rest_route=\/wp\/v2\/types\/post"}],"author":[{"embeddable":true,"href":"https:\/\/radiorevelacionfm.cl\/index.php?rest_route=\/wp\/v2\/users\/1"}],"replies":[{"embeddable":true,"href":"https:\/\/radiorevelacionfm.cl\/index.php?rest_route=%2Fwp%2Fv2%2Fcomments&post=20314"}],"version-history":[{"count":3,"href":"https:\/\/radiorevelacionfm.cl\/index.php?rest_route=\/wp\/v2\/posts\/20314\/revisions"}],"predecessor-version":[{"id":20326,"href":"https:\/\/radiorevelacionfm.cl\/index.php?rest_route=\/wp\/v2\/posts\/20314\/revisions\/20326"}],"wp:featuredmedia":[{"embeddable":true,"href":"https:\/\/radiorevelacionfm.cl\/index.php?rest_route=\/wp\/v2\/media\/20315"}],"wp:attachment":[{"href":"https:\/\/radiorevelacionfm.cl\/index.php?rest_route=%2Fwp%2Fv2%2Fmedia&parent=20314"}],"wp:term":[{"taxonomy":"category","embeddable":true,"href":"https:\/\/radiorevelacionfm.cl\/index.php?rest_route=%2Fwp%2Fv2%2Fcategories&post=20314"},{"taxonomy":"post_tag","embeddable":true,"href":"https:\/\/radiorevelacionfm.cl\/index.php?rest_route=%2Fwp%2Fv2%2Ftags&post=20314"}],"curies":[{"name":"wp","href":"https:\/\/api.w.org\/{rel}","templated":true}]}}