{"id":20309,"date":"2022-08-10T10:58:31","date_gmt":"2022-08-10T13:58:31","guid":{"rendered":"https:\/\/radiorevelacionfm.cl\/?p=20309"},"modified":"2022-08-10T11:11:38","modified_gmt":"2022-08-10T14:11:38","slug":"cesfam-alejandro-gutierrez-celebro-a-ninos-y-ninas-de-mejor-ninez","status":"publish","type":"post","link":"https:\/\/radiorevelacionfm.cl\/?p=20309","title":{"rendered":"Cesfam Alejandro Guti\u00e9rrez celebr\u00f3 a ni\u00f1os y ni\u00f1as de Mejor Ni\u00f1ez"},"content":{"rendered":"<div class=\"flex_column av_one_full  flex_column_div av-zero-column-padding first  avia-builder-el-0  el_before_av_one_full  avia-builder-el-first  \" style='border-radius:0px; '><div  class='avia-image-container  av-styling-    avia-builder-el-1  avia-builder-el-no-sibling  avia-align-center '  itemprop=\"image\" itemscope=\"itemscope\" itemtype=\"https:\/\/schema.org\/ImageObject\"  ><div class='avia-image-container-inner'><div class='avia-image-overlay-wrap'><img decoding=\"async\" class='wp-image-20329 avia-img-lazy-loading-not-20329 avia_image' src=\"https:\/\/radiorevelacionfm.cl\/wp-content\/uploads\/2022\/08\/Dia-de-la-Ninez-01-3-1.jpg\" alt='' title='D\u00eda de la Ni\u00f1ez 01 (3) (1)' height=\"600\" width=\"763\"  itemprop=\"thumbnailUrl\" srcset=\"https:\/\/radiorevelacionfm.cl\/wp-content\/uploads\/2022\/08\/Dia-de-la-Ninez-01-3-1.jpg 763w, https:\/\/radiorevelacionfm.cl\/wp-content\/uploads\/2022\/08\/Dia-de-la-Ninez-01-3-1-300x236.jpg 300w, https:\/\/radiorevelacionfm.cl\/wp-content\/uploads\/2022\/08\/Dia-de-la-Ninez-01-3-1-705x554.jpg 705w, https:\/\/radiorevelacionfm.cl\/wp-content\/uploads\/2022\/08\/Dia-de-la-Ninez-01-3-1-600x472.jpg 600w\" sizes=\"(max-width: 763px) 100vw, 763px\" \/><\/div><\/div><\/div><\/div><div class=\"flex_column av_one_full  flex_column_div av-zero-column-padding first  avia-builder-el-2  el_after_av_one_full  el_before_av_one_full  column-top-margin\" style='border-radius:0px; '><section class=\"av_textblock_section \"  itemscope=\"itemscope\" itemtype=\"https:\/\/schema.org\/BlogPosting\" itemprop=\"blogPost\" ><div class='avia_textblock  '   itemprop=\"text\" ><p style=\"text-align: center;\"><strong><span style=\"font-size: 18pt;\">Cesfam Alejandro Guti\u00e9rrez celebr\u00f3 a ni\u00f1os y ni\u00f1as de Mejor Ni\u00f1ez<\/span><\/strong><\/p>\n<div id=\"gtx-trans\" style=\"position: absolute; left: -50px; top: 4.31534px;\">\n<div class=\"gtx-trans-icon\"><\/div>\n<\/div>\n<\/div><\/section><\/div><\/p>\n<div class=\"flex_column av_one_full  flex_column_div av-zero-column-padding first  avia-builder-el-4  el_after_av_one_full  el_before_av_hr  column-top-margin\" style='border-radius:0px; '><section class=\"av_textblock_section \"  itemscope=\"itemscope\" itemtype=\"https:\/\/schema.org\/BlogPosting\" itemprop=\"blogPost\" ><div class='avia_textblock  '   itemprop=\"text\" ><p style=\"font-weight: 400; text-align: justify;\">El equipo de salud del Cesfam Dr. Alejandro Guti\u00e9rrez, que tiene a cargo la salud de los ni\u00f1os y ni\u00f1as de la Residencia Ays\u00e9n, Programa Residencial de la red del Servicio de Protecci\u00f3n Especializada para la ni\u00f1ez y Adolescencia en la regi\u00f3n de Ays\u00e9n, desarroll\u00f3 la celebraci\u00f3n del \u201cD\u00eda de la Ni\u00f1ez\u201d.<\/p>\n<p style=\"font-weight: 400; text-align: justify;\">En un distendido espacio, un total de 15 ni\u00f1as y ni\u00f1as disfrutaron de una tarde recreativa, en la que compartieron, jugaron y disfrutaron de una presentaci\u00f3n de malabarismo realizada por un funcionario del establecimiento.<\/p>\n<p style=\"font-weight: 400; text-align: justify;\">La actividad tuvo por objetivo relevar en espacios comunitarios, actividades para contribuir al bienestar y la recreaci\u00f3n de las ni\u00f1as y ni\u00f1os que actualmente se encuentran en el dispositivo de protecci\u00f3n. Los funcionarios del establecimiento recolectaron regalos y alimentos para celebrarlos y visibilizar el trabajo que est\u00e1 haciendo el equipo local de Sename Mejor Ni\u00f1ez del Cesfam Alejandro Guti\u00e9rrez. \u201cEs que nos reconocieran como personas y profesionales que estaremos a su disposici\u00f3n frente a cualquier requerimiento, y tambi\u00e9n brindar un tiempo en el cual pudi\u00e9ramos conocernos entre los profesionales del consultorio, la residencia y con las ni\u00f1as y ni\u00f1os que ah\u00ed residen\u201d, indic\u00f3 Thania Lemus, enfermera del Cesfam Dr. Alejandro Guti\u00e9rrez de Coyhaique y encargada de la actividad.<\/p>\n<p style=\"font-weight: 400; text-align: justify;\">M\u00e1s all\u00e1, la profesional destac\u00f3 el sentido que cobr\u00f3 esta celebraci\u00f3n en todos quienes buscan garantizar la protecci\u00f3n de sus derechos \u201crealizamos las gestiones en cuanto a los permisos, solicitud de donaciones en regalos y alimentos para poder celebrar a estos peque\u00f1os, que se dio gracias a la colaboraci\u00f3n de diferentes actores como los de Salud Rural, gestora intersectorial de Sename Mejor Ni\u00f1ez, director y funcionarios del Cesfam Alejandro Guti\u00e9rrez, y tambi\u00e9n usuarios del consultorio, ya que se logr\u00f3 reunir regalos y donaciones en alimentos para la celebraci\u00f3n de esta actividad, lo que nos alegr\u00f3 bastante dado el compromiso que pudimos ver\u201d.<\/p>\n<p style=\"text-align: justify;\"><span style=\"font-weight: 400;\">Finalmente, la profesional destac\u00f3 \u201ca todos quienes aportaron en esta actividad, especialmente al equipo de trabajo que se vio reflejado en el \u00e9xito de esta celebraci\u00f3n\u201d.<\/span><\/p>\n<\/div><\/section><\/div>\n<div  style='height:50px' class='hr hr-invisible   avia-builder-el-6  el_after_av_one_full  el_before_av_social_share '><span class='hr-inner ' ><span class='hr-inner-style'><\/span><\/span><\/div>\n<div  class='av-social-sharing-box  avia-builder-el-7  el_after_av_hr  el_before_av_hr  '><div class='av-share-box'><h5 class='av-share-link-description av-no-toc '>Compartir esta noticia<\/h5><ul class='av-share-box-list noLightbox'><li class='av-share-link av-social-link-facebook' ><a target=\"_blank\" aria-label=\"Compartir en Facebook\" href='https:\/\/www.facebook.com\/sharer.php?u=https:\/\/radiorevelacionfm.cl\/?p=20309&#038;t=Cesfam%20Alejandro%20Guti%C3%A9rrez%20celebr%C3%B3%20a%20ni%C3%B1os%20y%20ni%C3%B1as%20de%20Mejor%20Ni%C3%B1ez' aria-hidden='false' data-av_icon='\ue8f3' data-av_iconfont='entypo-fontello' title='' data-avia-related-tooltip='Compartir en Facebook' rel=\"noopener\"><span class='avia_hidden_link_text'>Compartir en Facebook<\/span><\/a><\/li><li class='av-share-link av-social-link-twitter' ><a target=\"_blank\" aria-label=\"Compartir en Twitter\" href='https:\/\/twitter.com\/share?text=Cesfam%20Alejandro%20Guti%C3%A9rrez%20celebr%C3%B3%20a%20ni%C3%B1os%20y%20ni%C3%B1as%20de%20Mejor%20Ni%C3%B1ez&#038;url=https:\/\/radiorevelacionfm.cl\/?p=20309' aria-hidden='false' data-av_icon='\ue8f1' data-av_iconfont='entypo-fontello' title='' data-avia-related-tooltip='Compartir en Twitter' rel=\"noopener\"><span class='avia_hidden_link_text'>Compartir en Twitter<\/span><\/a><\/li><li class='av-share-link av-social-link-whatsapp' ><a target=\"_blank\" aria-label=\"Compartir en Whatsapp\" href='https:\/\/api.whatsapp.com\/send?text=https:\/\/radiorevelacionfm.cl\/?p=20309' aria-hidden='false' data-av_icon='\uf232' data-av_iconfont='entypo-fontello' title='' data-avia-related-tooltip='Compartir en Whatsapp' rel=\"noopener\"><span class='avia_hidden_link_text'>Compartir en Whatsapp<\/span><\/a><\/li><li class='av-share-link av-social-link-linkedin' ><a target=\"_blank\" aria-label=\"Compartir en LinkedIn\" href='https:\/\/linkedin.com\/shareArticle?mini=true&#038;title=Cesfam%20Alejandro%20Guti%C3%A9rrez%20celebr%C3%B3%20a%20ni%C3%B1os%20y%20ni%C3%B1as%20de%20Mejor%20Ni%C3%B1ez&#038;url=https:\/\/radiorevelacionfm.cl\/?p=20309' aria-hidden='false' data-av_icon='\ue8fc' data-av_iconfont='entypo-fontello' title='' data-avia-related-tooltip='Compartir en LinkedIn' rel=\"noopener\"><span class='avia_hidden_link_text'>Compartir en LinkedIn<\/span><\/a><\/li><li class='av-share-link av-social-link-mail' ><a  aria-label=\"Compartir por correo\" href='mailto:?subject=Cesfam%20Alejandro%20Guti%C3%A9rrez%20celebr%C3%B3%20a%20ni%C3%B1os%20y%20ni%C3%B1as%20de%20Mejor%20Ni%C3%B1ez&#038;body=https:\/\/radiorevelacionfm.cl\/?p=20309' aria-hidden='false' data-av_icon='\ue805' data-av_iconfont='entypo-fontello' title='' data-avia-related-tooltip='Compartir por correo'><span class='avia_hidden_link_text'>Compartir por correo<\/span><\/a><\/li><\/ul><\/div><\/div>\n<div  style='height:50px' class='hr hr-invisible   avia-builder-el-8  el_after_av_social_share  el_before_av_comments_list '><span class='hr-inner ' ><span class='hr-inner-style'><\/span><\/span><\/div>\n<div  class='av-buildercomment  av-blog-meta-html-info-disabled av-blog-meta-tag-disabled  '><\/div>\n","protected":false},"excerpt":{"rendered":"","protected":false},"author":1,"featured_media":20329,"comment_status":"open","ping_status":"open","sticky":false,"template":"","format":"standard","meta":{"footnotes":""},"categories":[46],"tags":[],"class_list":["post-20309","post","type-post","status-publish","format-standard","has-post-thumbnail","hentry","category-salud"],"jetpack_featured_media_url":"https:\/\/radiorevelacionfm.cl\/wp-content\/uploads\/2022\/08\/Dia-de-la-Ninez-01-3-1.jpg","_links":{"self":[{"href":"https:\/\/radiorevelacionfm.cl\/index.php?rest_route=\/wp\/v2\/posts\/20309","targetHints":{"allow":["GET"]}}],"collection":[{"href":"https:\/\/radiorevelacionfm.cl\/index.php?rest_route=\/wp\/v2\/posts"}],"about":[{"href":"https:\/\/radiorevelacionfm.cl\/index.php?rest_route=\/wp\/v2\/types\/post"}],"author":[{"embeddable":true,"href":"https:\/\/radiorevelacionfm.cl\/index.php?rest_route=\/wp\/v2\/users\/1"}],"replies":[{"embeddable":true,"href":"https:\/\/radiorevelacionfm.cl\/index.php?rest_route=%2Fwp%2Fv2%2Fcomments&post=20309"}],"version-history":[{"count":3,"href":"https:\/\/radiorevelacionfm.cl\/index.php?rest_route=\/wp\/v2\/posts\/20309\/revisions"}],"predecessor-version":[{"id":20328,"href":"https:\/\/radiorevelacionfm.cl\/index.php?rest_route=\/wp\/v2\/posts\/20309\/revisions\/20328"}],"wp:featuredmedia":[{"embeddable":true,"href":"https:\/\/radiorevelacionfm.cl\/index.php?rest_route=\/wp\/v2\/media\/20329"}],"wp:attachment":[{"href":"https:\/\/radiorevelacionfm.cl\/index.php?rest_route=%2Fwp%2Fv2%2Fmedia&parent=20309"}],"wp:term":[{"taxonomy":"category","embeddable":true,"href":"https:\/\/radiorevelacionfm.cl\/index.php?rest_route=%2Fwp%2Fv2%2Fcategories&post=20309"},{"taxonomy":"post_tag","embeddable":true,"href":"https:\/\/radiorevelacionfm.cl\/index.php?rest_route=%2Fwp%2Fv2%2Ftags&post=20309"}],"curies":[{"name":"wp","href":"https:\/\/api.w.org\/{rel}","templated":true}]}}