{"id":20304,"date":"2022-08-10T12:27:59","date_gmt":"2022-08-10T15:27:59","guid":{"rendered":"https:\/\/radiorevelacionfm.cl\/?p=20304"},"modified":"2022-08-10T12:27:59","modified_gmt":"2022-08-10T15:27:59","slug":"universidad-de-aysen-realizara-la-i-feria-de-convivencia-escolar-en-coyhaique","status":"publish","type":"post","link":"https:\/\/radiorevelacionfm.cl\/?p=20304","title":{"rendered":"Universidad de Ays\u00e9n realizar\u00e1 la \u00abI Feria de Convivencia Escolar\u00bb en Coyhaique"},"content":{"rendered":"<div class=\"flex_column av_one_full  flex_column_div av-zero-column-padding first  avia-builder-el-0  el_before_av_one_full  avia-builder-el-first  \" style='border-radius:0px; '><div  class='avia-image-container  av-styling-    avia-builder-el-1  avia-builder-el-no-sibling  avia-align-center '  itemprop=\"image\" itemscope=\"itemscope\" itemtype=\"https:\/\/schema.org\/ImageObject\"  ><div class='avia-image-container-inner'><div class='avia-image-overlay-wrap'><img decoding=\"async\" class='wp-image-20305 avia-img-lazy-loading-not-20305 avia_image' src=\"https:\/\/radiorevelacionfm.cl\/wp-content\/uploads\/2022\/08\/img-20220727-wa0047v2-1-1_optimized-1.jpg\" alt='' title='img-20220727-wa0047v2-(1)-(1)_optimized (1)' height=\"600\" width=\"1188\"  itemprop=\"thumbnailUrl\" srcset=\"https:\/\/radiorevelacionfm.cl\/wp-content\/uploads\/2022\/08\/img-20220727-wa0047v2-1-1_optimized-1.jpg 1188w, https:\/\/radiorevelacionfm.cl\/wp-content\/uploads\/2022\/08\/img-20220727-wa0047v2-1-1_optimized-1-300x152.jpg 300w, https:\/\/radiorevelacionfm.cl\/wp-content\/uploads\/2022\/08\/img-20220727-wa0047v2-1-1_optimized-1-1030x520.jpg 1030w, https:\/\/radiorevelacionfm.cl\/wp-content\/uploads\/2022\/08\/img-20220727-wa0047v2-1-1_optimized-1-768x388.jpg 768w, https:\/\/radiorevelacionfm.cl\/wp-content\/uploads\/2022\/08\/img-20220727-wa0047v2-1-1_optimized-1-705x356.jpg 705w, https:\/\/radiorevelacionfm.cl\/wp-content\/uploads\/2022\/08\/img-20220727-wa0047v2-1-1_optimized-1-600x303.jpg 600w\" sizes=\"(max-width: 1188px) 100vw, 1188px\" \/><\/div><\/div><\/div><\/div><div class=\"flex_column av_one_full  flex_column_div av-zero-column-padding first  avia-builder-el-2  el_after_av_one_full  el_before_av_one_full  column-top-margin\" style='border-radius:0px; '><section class=\"av_textblock_section \"  itemscope=\"itemscope\" itemtype=\"https:\/\/schema.org\/BlogPosting\" itemprop=\"blogPost\" ><div class='avia_textblock  '   itemprop=\"text\" ><p style=\"text-align: center;\"><strong><span style=\"font-size: 18pt;\">Universidad de Ays\u00e9n realizar\u00e1 la \u00abI Feria de Convivencia Escolar\u00bb en Coyhaique<\/span><\/strong><\/p>\n<div id=\"gtx-trans\" style=\"position: absolute; left: -50px; top: 4.31534px;\">\n<div class=\"gtx-trans-icon\"><\/div>\n<\/div>\n<\/div><\/section><\/div><div class=\"flex_column av_one_full  flex_column_div av-zero-column-padding first  avia-builder-el-4  el_after_av_one_full  el_before_av_hr  column-top-margin\" style='border-radius:0px; '><section class=\"av_textblock_section \"  itemscope=\"itemscope\" itemtype=\"https:\/\/schema.org\/BlogPosting\" itemprop=\"blogPost\" ><div class='avia_textblock  '   itemprop=\"text\" ><p style=\"text-align: justify;\">En el contexto de la s\u00e9tima Escuela de Invierno de la UAys\u00e9n, instancia que la Universidad de Ays\u00e9n realiza anualmente y en el marco del Proyecto FIC (Fondo de Innovaci\u00f3n para la Competitividad) Prototipo de Convivencia Escolar, financiado por el Gobierno regional de Ays\u00e9n y ejecutado por el Departamento de Ciencias Sociales y Humanidades de la casa de estudios, el jueves 11 de Agosto, a partir de las 10:30 de la ma\u00f1ana en las dependencias universitarias del Campus Lillo (Eusebio Lillo 667), se llevar\u00e1 a cabo esta exposici\u00f3n. \u00abLa feria espera ser un espacio en el que distintos actores de las comunidades educativas, actores pol\u00edticos y de la sociedad civil e instituciones de educaci\u00f3n superior y de investigaci\u00f3n puedan compartir conocimientos y experiencias que contribuyan a mejorar la convivencia en los espacios educativos. Esta feria espera convertirse en un hito inicial para futuras colaboraciones que beneficien a las comunidades educativas\u00bb se\u00f1al\u00f3 Julia San Mart\u00edn, acad\u00e9mica de la Universidad de Ays\u00e9n.<\/p>\n<p style=\"text-align: justify;\">Esta feria pretende reunir a diferentes actores tanto de la oferta p\u00fablica, como de los diferentes establecimientos educacionales de Coyhaique y Puerto Ays\u00e9n, y de esta manera tratar la tem\u00e1tica de la convivencia escolar, que ha recobrado un mayor realce, sobretodo en el contexto del retorno a clases presenciales de las y los alumnos, tras el COVID-19. \u00abSiempre el tema de la convivencia escolar es importante, pero hoy m\u00e1s que nunca resulta fundamental, no s\u00f3lo por la vuelta a clases presencial sino porque el tema tambi\u00e9n plantea desaf\u00edos a la convivencia social, para que en Chile seamos un pa\u00eds sin violencia, inclusivo y democr\u00e1tico\u00bb afirm\u00f3 la soci\u00f3loga y acad\u00e9mica de la UAys\u00e9n, Julia Cubillos.<\/p>\n<p style=\"text-align: justify;\">Por \u00faltimo, la doctora Julia San Mart\u00edn reiter\u00f3 la invitaci\u00f3n. \u00abEsperamos contar con una alta participaci\u00f3n de alumnos\/as, profesores\/as, apoderados\/as, asistentes de la educaci\u00f3n, ya que son quienes en su d\u00eda a d\u00eda tienen el desaf\u00edo de contribuir a una cultura del bien-estar. Sus experiencias son sin duda el motor para que las acciones que se desean proyectar tengan \u00e9xito\u00bb.<\/p>\n<p style=\"text-align: justify;\">Cabe se\u00f1alar que en la feria participar\u00e1n INDH, Defensor\u00eda Penal P\u00fablica, DEM Puerto Ays\u00e9n, Liceo de Ma\u00f1ihuales, DEM Coyhaique, Liceo Ricardo Navarrete, Liceo Juan Pablo II, Colegio San Jos\u00e9 UR, INJUV, SENDA, de Salud, Cecrea, Seremi de la Mujer y Equidad de G\u00e9nero, Sernameg,\u00a0CIEP, Seremi educaci\u00f3n, Superintendencia Educaci\u00f3n.<\/p>\n<\/div><\/section><\/div><div  style='height:50px' class='hr hr-invisible   avia-builder-el-6  el_after_av_one_full  el_before_av_social_share '><span class='hr-inner ' ><span class='hr-inner-style'><\/span><\/span><\/div><\/p>\n<div  class='av-social-sharing-box  avia-builder-el-7  el_after_av_hr  el_before_av_hr  '><div class='av-share-box'><h5 class='av-share-link-description av-no-toc '>Compartir esta noticia<\/h5><ul class='av-share-box-list noLightbox'><li class='av-share-link av-social-link-facebook' ><a target=\"_blank\" aria-label=\"Compartir en Facebook\" href='https:\/\/www.facebook.com\/sharer.php?u=https:\/\/radiorevelacionfm.cl\/?p=20304&#038;t=Universidad%20de%20Ays%C3%A9n%20realizar%C3%A1%20la%20%C2%ABI%20Feria%20de%20Convivencia%20Escolar%C2%BB%20en%20Coyhaique' aria-hidden='false' data-av_icon='\ue8f3' data-av_iconfont='entypo-fontello' title='' data-avia-related-tooltip='Compartir en Facebook' rel=\"noopener\"><span class='avia_hidden_link_text'>Compartir en Facebook<\/span><\/a><\/li><li class='av-share-link av-social-link-twitter' ><a target=\"_blank\" aria-label=\"Compartir en Twitter\" href='https:\/\/twitter.com\/share?text=Universidad%20de%20Ays%C3%A9n%20realizar%C3%A1%20la%20%C2%ABI%20Feria%20de%20Convivencia%20Escolar%C2%BB%20en%20Coyhaique&#038;url=https:\/\/radiorevelacionfm.cl\/?p=20304' aria-hidden='false' data-av_icon='\ue8f1' data-av_iconfont='entypo-fontello' title='' data-avia-related-tooltip='Compartir en Twitter' rel=\"noopener\"><span class='avia_hidden_link_text'>Compartir en Twitter<\/span><\/a><\/li><li class='av-share-link av-social-link-whatsapp' ><a target=\"_blank\" aria-label=\"Compartir en Whatsapp\" href='https:\/\/api.whatsapp.com\/send?text=https:\/\/radiorevelacionfm.cl\/?p=20304' aria-hidden='false' data-av_icon='\uf232' data-av_iconfont='entypo-fontello' title='' data-avia-related-tooltip='Compartir en Whatsapp' rel=\"noopener\"><span class='avia_hidden_link_text'>Compartir en Whatsapp<\/span><\/a><\/li><li class='av-share-link av-social-link-linkedin' ><a target=\"_blank\" aria-label=\"Compartir en LinkedIn\" href='https:\/\/linkedin.com\/shareArticle?mini=true&#038;title=Universidad%20de%20Ays%C3%A9n%20realizar%C3%A1%20la%20%C2%ABI%20Feria%20de%20Convivencia%20Escolar%C2%BB%20en%20Coyhaique&#038;url=https:\/\/radiorevelacionfm.cl\/?p=20304' aria-hidden='false' data-av_icon='\ue8fc' data-av_iconfont='entypo-fontello' title='' data-avia-related-tooltip='Compartir en LinkedIn' rel=\"noopener\"><span class='avia_hidden_link_text'>Compartir en LinkedIn<\/span><\/a><\/li><li class='av-share-link av-social-link-mail' ><a  aria-label=\"Compartir por correo\" href='mailto:?subject=Universidad%20de%20Ays%C3%A9n%20realizar%C3%A1%20la%20%C2%ABI%20Feria%20de%20Convivencia%20Escolar%C2%BB%20en%20Coyhaique&#038;body=https:\/\/radiorevelacionfm.cl\/?p=20304' aria-hidden='false' data-av_icon='\ue805' data-av_iconfont='entypo-fontello' title='' data-avia-related-tooltip='Compartir por correo'><span class='avia_hidden_link_text'>Compartir por correo<\/span><\/a><\/li><\/ul><\/div><\/div>\n<div  style='height:50px' class='hr hr-invisible   avia-builder-el-8  el_after_av_social_share  el_before_av_comments_list '><span class='hr-inner ' ><span class='hr-inner-style'><\/span><\/span><\/div>\n<div  class='av-buildercomment  av-blog-meta-html-info-disabled av-blog-meta-tag-disabled  '><\/div>\n","protected":false},"excerpt":{"rendered":"","protected":false},"author":1,"featured_media":20305,"comment_status":"open","ping_status":"open","sticky":false,"template":"","format":"standard","meta":{"footnotes":""},"categories":[49],"tags":[],"class_list":["post-20304","post","type-post","status-publish","format-standard","has-post-thumbnail","hentry","category-educacion"],"jetpack_featured_media_url":"https:\/\/radiorevelacionfm.cl\/wp-content\/uploads\/2022\/08\/img-20220727-wa0047v2-1-1_optimized-1.jpg","_links":{"self":[{"href":"https:\/\/radiorevelacionfm.cl\/index.php?rest_route=\/wp\/v2\/posts\/20304","targetHints":{"allow":["GET"]}}],"collection":[{"href":"https:\/\/radiorevelacionfm.cl\/index.php?rest_route=\/wp\/v2\/posts"}],"about":[{"href":"https:\/\/radiorevelacionfm.cl\/index.php?rest_route=\/wp\/v2\/types\/post"}],"author":[{"embeddable":true,"href":"https:\/\/radiorevelacionfm.cl\/index.php?rest_route=\/wp\/v2\/users\/1"}],"replies":[{"embeddable":true,"href":"https:\/\/radiorevelacionfm.cl\/index.php?rest_route=%2Fwp%2Fv2%2Fcomments&post=20304"}],"version-history":[{"count":2,"href":"https:\/\/radiorevelacionfm.cl\/index.php?rest_route=\/wp\/v2\/posts\/20304\/revisions"}],"predecessor-version":[{"id":20334,"href":"https:\/\/radiorevelacionfm.cl\/index.php?rest_route=\/wp\/v2\/posts\/20304\/revisions\/20334"}],"wp:featuredmedia":[{"embeddable":true,"href":"https:\/\/radiorevelacionfm.cl\/index.php?rest_route=\/wp\/v2\/media\/20305"}],"wp:attachment":[{"href":"https:\/\/radiorevelacionfm.cl\/index.php?rest_route=%2Fwp%2Fv2%2Fmedia&parent=20304"}],"wp:term":[{"taxonomy":"category","embeddable":true,"href":"https:\/\/radiorevelacionfm.cl\/index.php?rest_route=%2Fwp%2Fv2%2Fcategories&post=20304"},{"taxonomy":"post_tag","embeddable":true,"href":"https:\/\/radiorevelacionfm.cl\/index.php?rest_route=%2Fwp%2Fv2%2Ftags&post=20304"}],"curies":[{"name":"wp","href":"https:\/\/api.w.org\/{rel}","templated":true}]}}