{"id":20301,"date":"2022-08-10T11:54:13","date_gmt":"2022-08-10T14:54:13","guid":{"rendered":"https:\/\/radiorevelacionfm.cl\/?p=20301"},"modified":"2022-08-10T12:15:20","modified_gmt":"2022-08-10T15:15:20","slug":"implementan-comite-operativo-para-la-elaboracion-del-plan-de-descontaminacion-de-puerto-aysen","status":"publish","type":"post","link":"https:\/\/radiorevelacionfm.cl\/?p=20301","title":{"rendered":"Implementan comit\u00e9 operativo para la elaboraci\u00f3n del Plan de Descontaminaci\u00f3n de Puerto Ays\u00e9n"},"content":{"rendered":"<div class=\"flex_column av_one_full  flex_column_div av-zero-column-padding first  avia-builder-el-0  el_before_av_one_full  avia-builder-el-first  \" style='border-radius:0px; '><div  class='avia-image-container  av-styling-    avia-builder-el-1  avia-builder-el-no-sibling  avia-align-center '  itemprop=\"image\" itemscope=\"itemscope\" itemtype=\"https:\/\/schema.org\/ImageObject\"  ><div class='avia-image-container-inner'><div class='avia-image-overlay-wrap'><img decoding=\"async\" class='wp-image-20302 avia-img-lazy-loading-not-20302 avia_image' src=\"https:\/\/radiorevelacionfm.cl\/wp-content\/uploads\/2022\/08\/3-83-1_optimized.jpg\" alt='' title='3-(83)-(1)_optimized' height=\"600\" width=\"1069\"  itemprop=\"thumbnailUrl\" srcset=\"https:\/\/radiorevelacionfm.cl\/wp-content\/uploads\/2022\/08\/3-83-1_optimized.jpg 1069w, https:\/\/radiorevelacionfm.cl\/wp-content\/uploads\/2022\/08\/3-83-1_optimized-300x168.jpg 300w, https:\/\/radiorevelacionfm.cl\/wp-content\/uploads\/2022\/08\/3-83-1_optimized-1030x578.jpg 1030w, https:\/\/radiorevelacionfm.cl\/wp-content\/uploads\/2022\/08\/3-83-1_optimized-768x431.jpg 768w, https:\/\/radiorevelacionfm.cl\/wp-content\/uploads\/2022\/08\/3-83-1_optimized-705x396.jpg 705w, https:\/\/radiorevelacionfm.cl\/wp-content\/uploads\/2022\/08\/3-83-1_optimized-600x337.jpg 600w\" sizes=\"(max-width: 1069px) 100vw, 1069px\" \/><\/div><\/div><\/div><\/div>\n<div class=\"flex_column av_one_full  flex_column_div av-zero-column-padding first  avia-builder-el-2  el_after_av_one_full  el_before_av_one_full  column-top-margin\" style='border-radius:0px; '><section class=\"av_textblock_section \"  itemscope=\"itemscope\" itemtype=\"https:\/\/schema.org\/BlogPosting\" itemprop=\"blogPost\" ><div class='avia_textblock  '   itemprop=\"text\" ><p style=\"text-align: center;\"><strong><span style=\"font-size: 18pt;\">Implementan comit\u00e9 operativo para la elaboraci\u00f3n del Plan de Descontaminaci\u00f3n de Puerto Ays\u00e9n<\/span><\/strong><\/p>\n<div id=\"gtx-trans\" style=\"position: absolute; left: -50px; top: 4.31534px;\">\n<div class=\"gtx-trans-icon\"><\/div>\n<\/div>\n<\/div><\/section><\/div><div class=\"flex_column av_one_full  flex_column_div av-zero-column-padding first  avia-builder-el-4  el_after_av_one_full  el_before_av_hr  column-top-margin\" style='border-radius:0px; '><section class=\"av_textblock_section \"  itemscope=\"itemscope\" itemtype=\"https:\/\/schema.org\/BlogPosting\" itemprop=\"blogPost\" ><div class='avia_textblock  '   itemprop=\"text\" ><p style=\"text-align: justify;\">En esta instancia se reunieron numerosos representantes de los servicios p\u00fablicos que componen el Comit\u00e9 Operativo, hito importante y necesario para la elaboraci\u00f3n del anteproyecto de PDA \u201cLa elaboraci\u00f3n de este plan es una oportunidad que nos beneficia a todos, disminuir los niveles de contaminaci\u00f3n en la ciudad, significa poner adelante el cuidado de la salud de nuestros vecinos y vecinas\u201d, afirm\u00f3 el Delegado Presidencial Provincial de Ays\u00e9n, Jorge Salfate.<\/p>\n<p style=\"text-align: justify;\">En marzo de 2022 se public\u00f3 en el Diario Oficial el decreto Supremo N\u00b0 37 del Ministerio del Medio Ambiente, que declar\u00f3 \u201czona saturada\u201d a la ciudad de Puerto Ays\u00e9n, y acto seguido se dict\u00f3 la Resoluci\u00f3n N\u00ba 496 con fecha 24 de mayo de 2022, que dio inicio al proceso para la elaboraci\u00f3n del PDA de la localidad. Este instrumento considerar\u00e1 un conjunto de medidas para recuperar la calidad del aire de la zona saturada y se convertir\u00e1 en la hoja de ruta para avanzar hacia metas concretas de corto, mediano y largo plazo.<\/p>\n<p style=\"text-align: justify;\">Por lo anterior, la SEREMI del Medio Ambiente de Ays\u00e9n ha activado diversas instancias de di\u00e1logo en compa\u00f1\u00eda de servicios, autoridades y actores locales, difundiendo los detalles y el cronograma del proceso, pero tambi\u00e9n recogiendo las observaciones e inquietudes de la ciudadan\u00eda. \u201cEste comit\u00e9 es la instancia en que los diversos servicios relevantes y actores pertinentes nos ponemos de acuerdo en las distintas medidas que vamos a tener que implementar para poder llevar a cabo el PDA; en ese sentido, este comit\u00e9 tiene la tremenda tarea, de trazar el camino, determinar las acciones y medidas, con la mayor ambici\u00f3n posible y conectado con la realidad de Puerto Ays\u00e9n\u201d, declar\u00f3 el Seremi del Medio Ambiente; Juli\u00e1n C\u00e1rdenas<\/p>\n<p style=\"text-align: justify;\">El Comit\u00e9 Operativo est\u00e1 integrado por las Serem\u00edas de Medio Ambiente; Salud; Vivienda y Urbanismo; Transporte y Telecomunicaciones; Energ\u00eda; Educaci\u00f3n; Desarrollo Social y Familia; la Delegaci\u00f3n Presidencial Provincial de Ays\u00e9n; Superintendencia del Medio Ambiente; Corporaci\u00f3n Nacional Forestal de la Regi\u00f3n de Ays\u00e9n; y la Municipalidad de Puerto Ays\u00e9n. De esta forma, se incluye ampliamente a todos los actores estatales con competencia ambiental, para abordar el plan en forma integral y transversal. No obstante, y a fin de incluir de mejor forma la visi\u00f3n ciudadana en la elaboraci\u00f3n del plan, se acord\u00f3 en la reuni\u00f3n conformar un Comit\u00e9 Operativo Ampliado que incorpore a distintos actores de la sociedad civil y la comunidad en general.<\/p>\n<p style=\"text-align: justify;\">Adicionalmente, en esta primera reuni\u00f3n del comit\u00e9 operativo, se realiz\u00f3 una propuesta de trabajo, considerando el plazo m\u00e1ximo de 1 a\u00f1o para la elaboraci\u00f3n del anteproyecto antes de ser sometido a consulta p\u00fablica, trazando as\u00ed una hoja de ruta para acotar las intervenciones de los distintos actores e ir acotando responsabilidades. \u201cAc\u00e1 nuestra Serem\u00eda cumple un rol fundamental pensando que tenemos un plan de emergencia habitacional en marcha que implica que tengamos altos est\u00e1ndares de eficiencia energ\u00e9tica para las futuras viviendas y tambi\u00e9n analizar con los distintos seremis, contrapartes y servicios, como abordamos esto para puerto Ays\u00e9n mejorando la calidad de vida de nuestros vecinos y vecinas\u201d, destac\u00f3 la Seremi de Vivienda y Urbanismo, Paulina Ruz. Por su parte, el Seremi de Energ\u00eda, Carlos D\u00edaz, valor\u00f3 el momento, se\u00f1alando que \u201ces s\u00faper relevante porque vamos a estar en paralelo, desarrollando el PDA y el reglamento de la nueva ley de biocombustibles s\u00f3lidos, entonces tenemos que estar alimentando a tiempo real, para priorizar y analizar las medidas del PDA\u00a0 en funci\u00f3n de los que va a pasar en el futuro\u201d.<\/p>\n<\/div><\/section><\/div><\/p>\n<div  style='height:50px' class='hr hr-invisible   avia-builder-el-6  el_after_av_one_full  el_before_av_social_share '><span class='hr-inner ' ><span class='hr-inner-style'><\/span><\/span><\/div>\n<div  class='av-social-sharing-box  avia-builder-el-7  el_after_av_hr  el_before_av_hr  '><div class='av-share-box'><h5 class='av-share-link-description av-no-toc '>Compartir esta noticia<\/h5><ul class='av-share-box-list noLightbox'><li class='av-share-link av-social-link-facebook' ><a target=\"_blank\" aria-label=\"Compartir en Facebook\" href='https:\/\/www.facebook.com\/sharer.php?u=https:\/\/radiorevelacionfm.cl\/?p=20301&#038;t=Implementan%20comit%C3%A9%20operativo%20para%20la%20elaboraci%C3%B3n%20del%20Plan%20de%20Descontaminaci%C3%B3n%20de%20Puerto%20Ays%C3%A9n' aria-hidden='false' data-av_icon='\ue8f3' data-av_iconfont='entypo-fontello' title='' data-avia-related-tooltip='Compartir en Facebook' rel=\"noopener\"><span class='avia_hidden_link_text'>Compartir en Facebook<\/span><\/a><\/li><li class='av-share-link av-social-link-twitter' ><a target=\"_blank\" aria-label=\"Compartir en Twitter\" href='https:\/\/twitter.com\/share?text=Implementan%20comit%C3%A9%20operativo%20para%20la%20elaboraci%C3%B3n%20del%20Plan%20de%20Descontaminaci%C3%B3n%20de%20Puerto%20Ays%C3%A9n&#038;url=https:\/\/radiorevelacionfm.cl\/?p=20301' aria-hidden='false' data-av_icon='\ue8f1' data-av_iconfont='entypo-fontello' title='' data-avia-related-tooltip='Compartir en Twitter' rel=\"noopener\"><span class='avia_hidden_link_text'>Compartir en Twitter<\/span><\/a><\/li><li class='av-share-link av-social-link-whatsapp' ><a target=\"_blank\" aria-label=\"Compartir en Whatsapp\" href='https:\/\/api.whatsapp.com\/send?text=https:\/\/radiorevelacionfm.cl\/?p=20301' aria-hidden='false' data-av_icon='\uf232' data-av_iconfont='entypo-fontello' title='' data-avia-related-tooltip='Compartir en Whatsapp' rel=\"noopener\"><span class='avia_hidden_link_text'>Compartir en Whatsapp<\/span><\/a><\/li><li class='av-share-link av-social-link-linkedin' ><a target=\"_blank\" aria-label=\"Compartir en LinkedIn\" href='https:\/\/linkedin.com\/shareArticle?mini=true&#038;title=Implementan%20comit%C3%A9%20operativo%20para%20la%20elaboraci%C3%B3n%20del%20Plan%20de%20Descontaminaci%C3%B3n%20de%20Puerto%20Ays%C3%A9n&#038;url=https:\/\/radiorevelacionfm.cl\/?p=20301' aria-hidden='false' data-av_icon='\ue8fc' data-av_iconfont='entypo-fontello' title='' data-avia-related-tooltip='Compartir en LinkedIn' rel=\"noopener\"><span class='avia_hidden_link_text'>Compartir en LinkedIn<\/span><\/a><\/li><li class='av-share-link av-social-link-mail' ><a  aria-label=\"Compartir por correo\" href='mailto:?subject=Implementan%20comit%C3%A9%20operativo%20para%20la%20elaboraci%C3%B3n%20del%20Plan%20de%20Descontaminaci%C3%B3n%20de%20Puerto%20Ays%C3%A9n&#038;body=https:\/\/radiorevelacionfm.cl\/?p=20301' aria-hidden='false' data-av_icon='\ue805' data-av_iconfont='entypo-fontello' title='' data-avia-related-tooltip='Compartir por correo'><span class='avia_hidden_link_text'>Compartir por correo<\/span><\/a><\/li><\/ul><\/div><\/div>\n<div  style='height:50px' class='hr hr-invisible   avia-builder-el-8  el_after_av_social_share  el_before_av_comments_list '><span class='hr-inner ' ><span class='hr-inner-style'><\/span><\/span><\/div>\n<div  class='av-buildercomment  av-blog-meta-html-info-disabled av-blog-meta-tag-disabled  '><\/div>\n","protected":false},"excerpt":{"rendered":"","protected":false},"author":1,"featured_media":20302,"comment_status":"open","ping_status":"open","sticky":false,"template":"","format":"standard","meta":{"footnotes":""},"categories":[38],"tags":[],"class_list":["post-20301","post","type-post","status-publish","format-standard","has-post-thumbnail","hentry","category-regional"],"jetpack_featured_media_url":"https:\/\/radiorevelacionfm.cl\/wp-content\/uploads\/2022\/08\/3-83-1_optimized.jpg","_links":{"self":[{"href":"https:\/\/radiorevelacionfm.cl\/index.php?rest_route=\/wp\/v2\/posts\/20301","targetHints":{"allow":["GET"]}}],"collection":[{"href":"https:\/\/radiorevelacionfm.cl\/index.php?rest_route=\/wp\/v2\/posts"}],"about":[{"href":"https:\/\/radiorevelacionfm.cl\/index.php?rest_route=\/wp\/v2\/types\/post"}],"author":[{"embeddable":true,"href":"https:\/\/radiorevelacionfm.cl\/index.php?rest_route=\/wp\/v2\/users\/1"}],"replies":[{"embeddable":true,"href":"https:\/\/radiorevelacionfm.cl\/index.php?rest_route=%2Fwp%2Fv2%2Fcomments&post=20301"}],"version-history":[{"count":4,"href":"https:\/\/radiorevelacionfm.cl\/index.php?rest_route=\/wp\/v2\/posts\/20301\/revisions"}],"predecessor-version":[{"id":20332,"href":"https:\/\/radiorevelacionfm.cl\/index.php?rest_route=\/wp\/v2\/posts\/20301\/revisions\/20332"}],"wp:featuredmedia":[{"embeddable":true,"href":"https:\/\/radiorevelacionfm.cl\/index.php?rest_route=\/wp\/v2\/media\/20302"}],"wp:attachment":[{"href":"https:\/\/radiorevelacionfm.cl\/index.php?rest_route=%2Fwp%2Fv2%2Fmedia&parent=20301"}],"wp:term":[{"taxonomy":"category","embeddable":true,"href":"https:\/\/radiorevelacionfm.cl\/index.php?rest_route=%2Fwp%2Fv2%2Fcategories&post=20301"},{"taxonomy":"post_tag","embeddable":true,"href":"https:\/\/radiorevelacionfm.cl\/index.php?rest_route=%2Fwp%2Fv2%2Ftags&post=20301"}],"curies":[{"name":"wp","href":"https:\/\/api.w.org\/{rel}","templated":true}]}}