{"id":2030,"date":"2021-01-22T18:31:57","date_gmt":"2021-01-22T21:31:57","guid":{"rendered":"https:\/\/radiorevelacionfm.cl\/?p=2030"},"modified":"2021-01-22T18:31:57","modified_gmt":"2021-01-22T21:31:57","slug":"finaliza-primera-etapa-de-vacunacion-contra-el-covid-19-de-la-region-de-aysen","status":"publish","type":"post","link":"https:\/\/radiorevelacionfm.cl\/?p=2030","title":{"rendered":"Finaliza primera etapa de vacunaci\u00f3n contra el COVID-19 de la Regi\u00f3n de Ays\u00e9n"},"content":{"rendered":"<div class=\"flex_column av_one_full  flex_column_div av-zero-column-padding first  avia-builder-el-0  el_before_av_one_full  avia-builder-el-first  \" style='border-radius:0px; '><div  class='avia-image-container  av-styling-    avia-builder-el-1  avia-builder-el-no-sibling  avia-align-center '  itemprop=\"image\" itemscope=\"itemscope\" itemtype=\"https:\/\/schema.org\/ImageObject\"  ><div class='avia-image-container-inner'><div class='avia-image-overlay-wrap'><img decoding=\"async\" class='wp-image-0 avia-img-lazy-loading-not-0 avia_image' src=\"https:\/\/radiorevelacionfm.cl\/wp-content\/uploads\/2021\/01\/WhatsApp-Image-2021-01-22-at-16.13.15-1.jpeg\" alt='' title=''   itemprop=\"thumbnailUrl\"  \/><\/div><\/div><\/div><\/div><div class=\"flex_column av_one_full  flex_column_div av-zero-column-padding first  avia-builder-el-2  el_after_av_one_full  el_before_av_one_full  column-top-margin\" style='border-radius:0px; '><section class=\"av_textblock_section \"  itemscope=\"itemscope\" itemtype=\"https:\/\/schema.org\/BlogPosting\" itemprop=\"blogPost\" ><div class='avia_textblock  '   itemprop=\"text\" ><p style=\"text-align: center;\"><strong><span style=\"font-size: 18pt;\">Finaliza primera etapa de vacunaci\u00f3n contra el COVID-19 de la Regi\u00f3n de Ays\u00e9n<\/span><\/strong><\/p>\n<div id=\"gtx-trans\" style=\"position: absolute; left: -50px; top: 4.31534px;\">\n<div class=\"gtx-trans-icon\"><\/div>\n<\/div>\n<\/div><\/section><\/div><div class=\"flex_column av_one_full  flex_column_div av-zero-column-padding first  avia-builder-el-4  el_after_av_one_full  el_before_av_hr  column-top-margin\" style='border-radius:0px; '><section class=\"av_textblock_section \"  itemscope=\"itemscope\" itemtype=\"https:\/\/schema.org\/BlogPosting\" itemprop=\"blogPost\" ><div class='avia_textblock  '   itemprop=\"text\" ><p style=\"text-align: justify;\"><em>E<\/em><em>n esta primera etapa las 2.050 vacunas estuvieron destinadas al personal de la Red de Salud y funcionarios del SENAME. <\/em><\/p>\n<p style=\"text-align: justify;\">Un despliegue log\u00edstico sin precedentes se vivi\u00f3 en la regi\u00f3n, para inmunizar al personal de salud de la Red Asistencial, adem\u00e1s de usuarios y funcionarios de SENAME. Diversas instituciones fueron part\u00edcipes del traslado, el almacenamiento y la ejecuci\u00f3n de las dosis de Pfizer que permitieron concretar en tiempo r\u00e9cord la inoculaci\u00f3n.<\/p>\n<p style=\"text-align: justify;\">Tal como se planific\u00f3, un total de 2.050 funcionarios recibieron la inmunizaci\u00f3n contra el coronavirus en los distintos puntos de vacunaci\u00f3n que se habilitaron en los recintos asistenciales de la regi\u00f3n.<\/p>\n<p style=\"text-align: justify;\">El proceso y su \u00e9xito fueron destacados por la Intendenta Margarita Ossa Rojas, quien al respecto se\u00f1al\u00f3 que \u201cayer culmin\u00f3 la primera parte del proceso de vacunaci\u00f3n en la regi\u00f3n de Ays\u00e9n; fue un proceso complejo por nuestro extenso territorio pero que se llev\u00f3 muy bien ya que logramos cumplir con los horarios y zonas establecidas donde deb\u00edamos trasladarnos con las vacunas para iniciar este proceso que es tan importante para todos en nuestro pa\u00eds\u201d, dijo.<\/p>\n<p style=\"text-align: justify;\">En ese mismo sentido, la primera autoridad regional hizo un especial agradecimiento \u201ca las fuerzas de Orden y Seguridad, los municipios, los centros de salud y a la seremi de Salud porque fue un esfuerzo importante que nos acerca cada vez m\u00e1s a comenzar a dejar atr\u00e1s esta pandemia y para nosotros como Gobierno es un hito importante ya que da cuenta del esfuerzo del Estado por asegurar a cada chileno la dosis\u201d, dijo.<\/p>\n<p style=\"text-align: justify;\">Por su parte, la seremi de Salud Ays\u00e9n, Alejandra Valdebenito, detall\u00f3 que durante el proceso \u201cse distribuyeron en una log\u00edstica terrestre y a\u00e9rea. En la log\u00edstica terrestre, el d\u00eda lunes 18 se distribuyeron, pero tambi\u00e9n alcanzamos a incluir a la comuna de Ays\u00e9n y la localidad de Aguirre. El martes 19 despeg\u00f3 un helic\u00f3ptero de Carabineros de Chile hacia Cochrane, Chile Chico, Murta y O\u00b4Higgins en donde se entregaron 1.072 vacunas; en la comuna de Coyhaique y Ays\u00e9n se entregaron 632 vacunas, todas ya inoculadas\u201d, precis\u00f3.<\/p>\n<p style=\"text-align: justify;\">Adicionalmente, Valdebenito explic\u00f3 que \u201cel d\u00eda mi\u00e9rcoles 20 el mismo helic\u00f3ptero parti\u00f3 al norte de la regi\u00f3n \u2013Cisnes, La Junta y Melinka- en donde el mismo equipo distribuy\u00f3 276 dosis de vacuna para los trabajadores de la salud. El d\u00eda jueves 21, con una remesa de 70 dosis, se logr\u00f3 inocular personal administrativos del Servicio de Salud Ays\u00e9n, funcionarios de la salud que pertenecen a las residencias sanitarias de la comuna de Coyhaique, proceso terminado ayer (jueves) a las 18.00 horas\u201d.<\/p>\n<p style=\"text-align: justify;\">Gabriel Burgos, director del Servicio de Salud Ays\u00e9n, indic\u00f3 que \u201ces importante destacar al personal de salud por participar de este gran desaf\u00edo, recibiendo la primera dosis de la inmunizaci\u00f3n y tambi\u00e9n, a quienes formaron parte de los equipos que se desplegaron por toda nuestra Red Asistencial, asegurando los aspectos log\u00edsticos, que permitieron alcanzar con \u00e9xito la correcta entrega de esta vacuna contra el COVID-19+\u201d, puntualiz\u00f3.<\/p>\n<p style=\"text-align: justify;\">Cabe destacar el trabajo mancomunado de distintas instituciones como PDI, Carabineros, Armada y Fuerza A\u00e9rea de Chile, que colaboraron en completar este proceso de vacunaci\u00f3n contra el COVID-19 en la Regi\u00f3n de Ays\u00e9n.<\/p>\n<p style=\"text-align: justify;\">A contar de ahora, y en la medida en que lleguen nuevas remesas de la vacuna en las pr\u00f3ximas semanas y meses, los grupos que conforman la poblaci\u00f3n objetiva, ir\u00e1n accediendo a esta protecci\u00f3n que es entregada en forma gratuita por el Estado.<\/p>\n<\/div><\/section><\/div><div  style='height:50px' class='hr hr-invisible   avia-builder-el-6  el_after_av_one_full  el_before_av_social_share '><span class='hr-inner ' ><span class='hr-inner-style'><\/span><\/span><\/div><\/p>\n<div  class='av-social-sharing-box  avia-builder-el-7  el_after_av_hr  el_before_av_hr  '><div class='av-share-box'><h5 class='av-share-link-description av-no-toc '>Compartir esta noticia<\/h5><ul class='av-share-box-list noLightbox'><li class='av-share-link av-social-link-facebook' ><a target=\"_blank\" aria-label=\"Compartir en Facebook\" href='https:\/\/www.facebook.com\/sharer.php?u=https:\/\/radiorevelacionfm.cl\/?p=2030&#038;t=Finaliza%20primera%20etapa%20de%20vacunaci%C3%B3n%20contra%20el%20COVID-19%20de%20la%20Regi%C3%B3n%20de%20Ays%C3%A9n' aria-hidden='false' data-av_icon='\ue8f3' data-av_iconfont='entypo-fontello' title='' data-avia-related-tooltip='Compartir en Facebook' rel=\"noopener\"><span class='avia_hidden_link_text'>Compartir en Facebook<\/span><\/a><\/li><li class='av-share-link av-social-link-twitter' ><a target=\"_blank\" aria-label=\"Compartir en Twitter\" href='https:\/\/twitter.com\/share?text=Finaliza%20primera%20etapa%20de%20vacunaci%C3%B3n%20contra%20el%20COVID-19%20de%20la%20Regi%C3%B3n%20de%20Ays%C3%A9n&#038;url=https:\/\/radiorevelacionfm.cl\/?p=2030' aria-hidden='false' data-av_icon='\ue8f1' data-av_iconfont='entypo-fontello' title='' data-avia-related-tooltip='Compartir en Twitter' rel=\"noopener\"><span class='avia_hidden_link_text'>Compartir en Twitter<\/span><\/a><\/li><li class='av-share-link av-social-link-whatsapp' ><a target=\"_blank\" aria-label=\"Compartir en Whatsapp\" href='https:\/\/api.whatsapp.com\/send?text=https:\/\/radiorevelacionfm.cl\/?p=2030' aria-hidden='false' data-av_icon='\uf232' data-av_iconfont='entypo-fontello' title='' data-avia-related-tooltip='Compartir en Whatsapp' rel=\"noopener\"><span class='avia_hidden_link_text'>Compartir en Whatsapp<\/span><\/a><\/li><li class='av-share-link av-social-link-linkedin' ><a target=\"_blank\" aria-label=\"Compartir en LinkedIn\" href='https:\/\/linkedin.com\/shareArticle?mini=true&#038;title=Finaliza%20primera%20etapa%20de%20vacunaci%C3%B3n%20contra%20el%20COVID-19%20de%20la%20Regi%C3%B3n%20de%20Ays%C3%A9n&#038;url=https:\/\/radiorevelacionfm.cl\/?p=2030' aria-hidden='false' data-av_icon='\ue8fc' data-av_iconfont='entypo-fontello' title='' data-avia-related-tooltip='Compartir en LinkedIn' rel=\"noopener\"><span class='avia_hidden_link_text'>Compartir en LinkedIn<\/span><\/a><\/li><li class='av-share-link av-social-link-mail' ><a  aria-label=\"Compartir por correo\" href='mailto:?subject=Finaliza%20primera%20etapa%20de%20vacunaci%C3%B3n%20contra%20el%20COVID-19%20de%20la%20Regi%C3%B3n%20de%20Ays%C3%A9n&#038;body=https:\/\/radiorevelacionfm.cl\/?p=2030' aria-hidden='false' data-av_icon='\ue805' data-av_iconfont='entypo-fontello' title='' data-avia-related-tooltip='Compartir por correo'><span class='avia_hidden_link_text'>Compartir por correo<\/span><\/a><\/li><\/ul><\/div><\/div>\n<div  style='height:50px' class='hr hr-invisible   avia-builder-el-8  el_after_av_social_share  el_before_av_comments_list '><span class='hr-inner ' ><span class='hr-inner-style'><\/span><\/span><\/div>\n<div  class='av-buildercomment  av-blog-meta-html-info-disabled av-blog-meta-tag-disabled  '><\/div>\n","protected":false},"excerpt":{"rendered":"","protected":false},"author":1,"featured_media":0,"comment_status":"open","ping_status":"open","sticky":false,"template":"","format":"standard","meta":{"footnotes":""},"categories":[46],"tags":[],"class_list":["post-2030","post","type-post","status-publish","format-standard","hentry","category-salud"],"jetpack_featured_media_url":"","_links":{"self":[{"href":"https:\/\/radiorevelacionfm.cl\/index.php?rest_route=\/wp\/v2\/posts\/2030","targetHints":{"allow":["GET"]}}],"collection":[{"href":"https:\/\/radiorevelacionfm.cl\/index.php?rest_route=\/wp\/v2\/posts"}],"about":[{"href":"https:\/\/radiorevelacionfm.cl\/index.php?rest_route=\/wp\/v2\/types\/post"}],"author":[{"embeddable":true,"href":"https:\/\/radiorevelacionfm.cl\/index.php?rest_route=\/wp\/v2\/users\/1"}],"replies":[{"embeddable":true,"href":"https:\/\/radiorevelacionfm.cl\/index.php?rest_route=%2Fwp%2Fv2%2Fcomments&post=2030"}],"version-history":[{"count":1,"href":"https:\/\/radiorevelacionfm.cl\/index.php?rest_route=\/wp\/v2\/posts\/2030\/revisions"}],"predecessor-version":[{"id":2032,"href":"https:\/\/radiorevelacionfm.cl\/index.php?rest_route=\/wp\/v2\/posts\/2030\/revisions\/2032"}],"wp:attachment":[{"href":"https:\/\/radiorevelacionfm.cl\/index.php?rest_route=%2Fwp%2Fv2%2Fmedia&parent=2030"}],"wp:term":[{"taxonomy":"category","embeddable":true,"href":"https:\/\/radiorevelacionfm.cl\/index.php?rest_route=%2Fwp%2Fv2%2Fcategories&post=2030"},{"taxonomy":"post_tag","embeddable":true,"href":"https:\/\/radiorevelacionfm.cl\/index.php?rest_route=%2Fwp%2Fv2%2Ftags&post=2030"}],"curies":[{"name":"wp","href":"https:\/\/api.w.org\/{rel}","templated":true}]}}