{"id":20298,"date":"2022-08-10T11:36:16","date_gmt":"2022-08-10T14:36:16","guid":{"rendered":"https:\/\/radiorevelacionfm.cl\/?p=20298"},"modified":"2022-08-10T11:36:16","modified_gmt":"2022-08-10T14:36:16","slug":"ciep-y-pdi-avanzan-en-materias-medioambientales-para-proteccion-de-la-patagonia-chilena","status":"publish","type":"post","link":"https:\/\/radiorevelacionfm.cl\/?p=20298","title":{"rendered":"CIEP y PDI avanzan en materias medioambientales para protecci\u00f3n de la Patagonia chilena"},"content":{"rendered":"<div class=\"flex_column av_one_full  flex_column_div av-zero-column-padding first  avia-builder-el-0  el_before_av_one_full  avia-builder-el-first  \" style='border-radius:0px; '><div  class='avia-image-container  av-styling-    avia-builder-el-1  avia-builder-el-no-sibling  avia-align-center '  itemprop=\"image\" itemscope=\"itemscope\" itemtype=\"https:\/\/schema.org\/ImageObject\"  ><div class='avia-image-container-inner'><div class='avia-image-overlay-wrap'><img decoding=\"async\" class='wp-image-20299 avia-img-lazy-loading-not-20299 avia_image' src=\"https:\/\/radiorevelacionfm.cl\/wp-content\/uploads\/2022\/08\/reunion-con-ciep-004-1_optimized.jpeg\" alt='' title='reuni\u00f3n-con-ciep-004-(1)_optimized' height=\"600\" width=\"1144\"  itemprop=\"thumbnailUrl\" srcset=\"https:\/\/radiorevelacionfm.cl\/wp-content\/uploads\/2022\/08\/reunion-con-ciep-004-1_optimized.jpeg 1144w, https:\/\/radiorevelacionfm.cl\/wp-content\/uploads\/2022\/08\/reunion-con-ciep-004-1_optimized-300x157.jpeg 300w, https:\/\/radiorevelacionfm.cl\/wp-content\/uploads\/2022\/08\/reunion-con-ciep-004-1_optimized-1030x540.jpeg 1030w, https:\/\/radiorevelacionfm.cl\/wp-content\/uploads\/2022\/08\/reunion-con-ciep-004-1_optimized-768x403.jpeg 768w, https:\/\/radiorevelacionfm.cl\/wp-content\/uploads\/2022\/08\/reunion-con-ciep-004-1_optimized-705x370.jpeg 705w, https:\/\/radiorevelacionfm.cl\/wp-content\/uploads\/2022\/08\/reunion-con-ciep-004-1_optimized-600x315.jpeg 600w\" sizes=\"(max-width: 1144px) 100vw, 1144px\" \/><\/div><\/div><\/div><\/div><div class=\"flex_column av_one_full  flex_column_div av-zero-column-padding first  avia-builder-el-2  el_after_av_one_full  el_before_av_one_full  column-top-margin\" style='border-radius:0px; '><section class=\"av_textblock_section \"  itemscope=\"itemscope\" itemtype=\"https:\/\/schema.org\/BlogPosting\" itemprop=\"blogPost\" ><div class='avia_textblock  '   itemprop=\"text\" ><p style=\"text-align: center;\"><span style=\"font-size: 18pt;\"><strong>CIEP y PDI avanzan en materias medioambientales para protecci\u00f3n de la Patagonia chilena<\/strong><\/span><\/p>\n<div id=\"gtx-trans\" style=\"position: absolute; left: -50px; top: 4.31534px;\">\n<div class=\"gtx-trans-icon\"><\/div>\n<\/div>\n<\/div><\/section><\/div><div class=\"flex_column av_one_full  flex_column_div av-zero-column-padding first  avia-builder-el-4  el_after_av_one_full  el_before_av_hr  column-top-margin\" style='border-radius:0px; '><section class=\"av_textblock_section \"  itemscope=\"itemscope\" itemtype=\"https:\/\/schema.org\/BlogPosting\" itemprop=\"blogPost\" ><div class='avia_textblock  '   itemprop=\"text\" ><p style=\"text-align: justify;\">Tras la entrada en vigencia del convenio de colaboraci\u00f3n firmado por la Polic\u00eda de Investigaciones de Chile y el Centro de Investigaci\u00f3n en Ecosistemas de la Patagonia durante el mes de mayo del presente a\u00f1o, se conform\u00f3 el comit\u00e9 operativo del convenio, cuyo rol es ejecutar los alcances de esta colaboraci\u00f3n y las tem\u00e1ticas de inter\u00e9s rec\u00edproco para coordinar el plan de acci\u00f3n a seguir durante el corto y mediano plazo.<\/p>\n<p style=\"text-align: justify;\">As\u00ed, recientemente, el pasado 3 de agosto se realiz\u00f3 la primera reuni\u00f3n ampliada entre el CIEP y la Brigada Investigadora de Delitos del Medio Ambiente y Patrimonio Cultural (BIDEMA) Ays\u00e9n de la PDI con el objetivo de conocer de primera fuente, por parte de los investigadores de ambas instituciones, las labores y alcances de cada parte.<\/p>\n<p style=\"text-align: justify;\">En la oportunidad, el subprefecto Claudio Reyes, jefe de la BIDEMA Ays\u00e9n, realiz\u00f3 una presentaci\u00f3n sobre las funciones y labores de la unidad especializada, adem\u00e1s, explic\u00f3 c\u00f3mo se realizan y trabajan las denuncias en temas medioambientales. Por su parte, investigadores del CIEP de las l\u00edneas de Pesca y Acuicultura, Arqueolog\u00eda y Patrimonio, Ecosistemas Terrestres y Marinos, y, de Turismo Sustentable, presentaron el trabajo que desarrollan en cada una de las \u00e1reas.<\/p>\n<p style=\"text-align: justify;\">Al respecto, el Director Ejecutivo del CIEP, Giovanni Daneri, sostuvo que este convenio \u201cpermite interactuar de manera m\u00e1s eficiente con la Brigada Investigadora de Delitos Medioambientales, apoy\u00e1ndonos mutuamente en algunos temas de inter\u00e9s\u201d. As\u00ed, el Director Ejecutivo asegur\u00f3 que el CIEP pone a disposici\u00f3n la experiencia de los investigadores y los laboratorios de an\u00e1lisis especializados para cuando se requiera, mientras que la BIDEMA colaborar\u00e1 en distintos aspectos que tienen que ver con la protecci\u00f3n del medio ambiente.<\/p>\n<p style=\"text-align: justify;\">\u201cEn la reuni\u00f3n se trataron los temas donde podr\u00eda haber interacci\u00f3n entre ambas instituciones y se reforz\u00f3 la voluntad de trabajar temas en conjunto en pro de la protecci\u00f3n del medio ambiente en la Patagonia\u201d, finaliz\u00f3 Giovanni Daneri.<\/p>\n<p style=\"text-align: justify;\">Por su parte, el jefe de la BIDEMA Ays\u00e9n de la PDI, subprefecto Claudio Reyes, se\u00f1al\u00f3 que \u201cen esta reuni\u00f3n se abordaron diferentes temas, donde se dio a conocer por parte de la BIDEMA los alcances y competencias que tiene la brigada y, a su vez, tambi\u00e9n se conoci\u00f3 el trabajo y las \u00e1reas del CIEP\u201d, agregando que \u201cse pudo afianzar la colaboraci\u00f3n y disposici\u00f3n de cada una de las instituciones para fortalecer las investigaciones, tanto acad\u00e9micas como policiales, y preservar de mejor forma el medio ambiente, otorgando a los Tribunales y al Ministerio P\u00fablico un sustento acad\u00e9mico que permitir\u00e1 robustecer las investigaciones policiales\u201d.<\/p>\n<p style=\"text-align: justify;\">Con esto, la PDI y el CIEP reafirman su compromiso de colaboraci\u00f3n identificando temas de trabajo conjunto, resaltando instancias previas de asociatividad y analizando la oportunidad que reviste el despliegue territorial de CIEP para la coordinaci\u00f3n de este convenio.<\/p>\n<\/div><\/section><\/div><div  style='height:50px' class='hr hr-invisible   avia-builder-el-6  el_after_av_one_full  el_before_av_social_share '><span class='hr-inner ' ><span class='hr-inner-style'><\/span><\/span><\/div><\/p>\n<div  class='av-social-sharing-box  avia-builder-el-7  el_after_av_hr  el_before_av_hr  '><div class='av-share-box'><h5 class='av-share-link-description av-no-toc '>Compartir esta noticia<\/h5><ul class='av-share-box-list noLightbox'><li class='av-share-link av-social-link-facebook' ><a target=\"_blank\" aria-label=\"Compartir en Facebook\" href='https:\/\/www.facebook.com\/sharer.php?u=https:\/\/radiorevelacionfm.cl\/?p=20298&#038;t=CIEP%20y%20PDI%20avanzan%20en%20materias%20medioambientales%20para%20protecci%C3%B3n%20de%20la%20Patagonia%20chilena' aria-hidden='false' data-av_icon='\ue8f3' data-av_iconfont='entypo-fontello' title='' data-avia-related-tooltip='Compartir en Facebook' rel=\"noopener\"><span class='avia_hidden_link_text'>Compartir en Facebook<\/span><\/a><\/li><li class='av-share-link av-social-link-twitter' ><a target=\"_blank\" aria-label=\"Compartir en Twitter\" href='https:\/\/twitter.com\/share?text=CIEP%20y%20PDI%20avanzan%20en%20materias%20medioambientales%20para%20protecci%C3%B3n%20de%20la%20Patagonia%20chilena&#038;url=https:\/\/radiorevelacionfm.cl\/?p=20298' aria-hidden='false' data-av_icon='\ue8f1' data-av_iconfont='entypo-fontello' title='' data-avia-related-tooltip='Compartir en Twitter' rel=\"noopener\"><span class='avia_hidden_link_text'>Compartir en Twitter<\/span><\/a><\/li><li class='av-share-link av-social-link-whatsapp' ><a target=\"_blank\" aria-label=\"Compartir en Whatsapp\" href='https:\/\/api.whatsapp.com\/send?text=https:\/\/radiorevelacionfm.cl\/?p=20298' aria-hidden='false' data-av_icon='\uf232' data-av_iconfont='entypo-fontello' title='' data-avia-related-tooltip='Compartir en Whatsapp' rel=\"noopener\"><span class='avia_hidden_link_text'>Compartir en Whatsapp<\/span><\/a><\/li><li class='av-share-link av-social-link-linkedin' ><a target=\"_blank\" aria-label=\"Compartir en LinkedIn\" href='https:\/\/linkedin.com\/shareArticle?mini=true&#038;title=CIEP%20y%20PDI%20avanzan%20en%20materias%20medioambientales%20para%20protecci%C3%B3n%20de%20la%20Patagonia%20chilena&#038;url=https:\/\/radiorevelacionfm.cl\/?p=20298' aria-hidden='false' data-av_icon='\ue8fc' data-av_iconfont='entypo-fontello' title='' data-avia-related-tooltip='Compartir en LinkedIn' rel=\"noopener\"><span class='avia_hidden_link_text'>Compartir en LinkedIn<\/span><\/a><\/li><li class='av-share-link av-social-link-mail' ><a  aria-label=\"Compartir por correo\" href='mailto:?subject=CIEP%20y%20PDI%20avanzan%20en%20materias%20medioambientales%20para%20protecci%C3%B3n%20de%20la%20Patagonia%20chilena&#038;body=https:\/\/radiorevelacionfm.cl\/?p=20298' aria-hidden='false' data-av_icon='\ue805' data-av_iconfont='entypo-fontello' title='' data-avia-related-tooltip='Compartir por correo'><span class='avia_hidden_link_text'>Compartir por correo<\/span><\/a><\/li><\/ul><\/div><\/div>\n<div  style='height:50px' class='hr hr-invisible   avia-builder-el-8  el_after_av_social_share  el_before_av_comments_list '><span class='hr-inner ' ><span class='hr-inner-style'><\/span><\/span><\/div>\n<div  class='av-buildercomment  av-blog-meta-html-info-disabled av-blog-meta-tag-disabled  '><\/div>\n","protected":false},"excerpt":{"rendered":"","protected":false},"author":1,"featured_media":20299,"comment_status":"open","ping_status":"open","sticky":false,"template":"","format":"standard","meta":{"footnotes":""},"categories":[39],"tags":[],"class_list":["post-20298","post","type-post","status-publish","format-standard","has-post-thumbnail","hentry","category-medio-ambiente"],"jetpack_featured_media_url":"https:\/\/radiorevelacionfm.cl\/wp-content\/uploads\/2022\/08\/reunion-con-ciep-004-1_optimized.jpeg","_links":{"self":[{"href":"https:\/\/radiorevelacionfm.cl\/index.php?rest_route=\/wp\/v2\/posts\/20298","targetHints":{"allow":["GET"]}}],"collection":[{"href":"https:\/\/radiorevelacionfm.cl\/index.php?rest_route=\/wp\/v2\/posts"}],"about":[{"href":"https:\/\/radiorevelacionfm.cl\/index.php?rest_route=\/wp\/v2\/types\/post"}],"author":[{"embeddable":true,"href":"https:\/\/radiorevelacionfm.cl\/index.php?rest_route=\/wp\/v2\/users\/1"}],"replies":[{"embeddable":true,"href":"https:\/\/radiorevelacionfm.cl\/index.php?rest_route=%2Fwp%2Fv2%2Fcomments&post=20298"}],"version-history":[{"count":2,"href":"https:\/\/radiorevelacionfm.cl\/index.php?rest_route=\/wp\/v2\/posts\/20298\/revisions"}],"predecessor-version":[{"id":20331,"href":"https:\/\/radiorevelacionfm.cl\/index.php?rest_route=\/wp\/v2\/posts\/20298\/revisions\/20331"}],"wp:featuredmedia":[{"embeddable":true,"href":"https:\/\/radiorevelacionfm.cl\/index.php?rest_route=\/wp\/v2\/media\/20299"}],"wp:attachment":[{"href":"https:\/\/radiorevelacionfm.cl\/index.php?rest_route=%2Fwp%2Fv2%2Fmedia&parent=20298"}],"wp:term":[{"taxonomy":"category","embeddable":true,"href":"https:\/\/radiorevelacionfm.cl\/index.php?rest_route=%2Fwp%2Fv2%2Fcategories&post=20298"},{"taxonomy":"post_tag","embeddable":true,"href":"https:\/\/radiorevelacionfm.cl\/index.php?rest_route=%2Fwp%2Fv2%2Ftags&post=20298"}],"curies":[{"name":"wp","href":"https:\/\/api.w.org\/{rel}","templated":true}]}}