{"id":20291,"date":"2022-08-09T19:12:49","date_gmt":"2022-08-09T22:12:49","guid":{"rendered":"https:\/\/radiorevelacionfm.cl\/?p=20291"},"modified":"2022-08-09T19:12:49","modified_gmt":"2022-08-09T22:12:49","slug":"culmina-marcha-blanca-de-normativa-que-rige-uso-de-vidrios-polarizados-en-vehiculos-livianos-y-medianos","status":"publish","type":"post","link":"https:\/\/radiorevelacionfm.cl\/?p=20291","title":{"rendered":"Culmina marcha blanca de normativa que rige uso de vidrios polarizados en veh\u00edculos livianos y medianos"},"content":{"rendered":"<div class=\"flex_column av_one_full  flex_column_div av-zero-column-padding first  avia-builder-el-0  el_before_av_one_full  avia-builder-el-first  \" style='border-radius:0px; '><div  class='avia-image-container  av-styling-    avia-builder-el-1  avia-builder-el-no-sibling  avia-align-center '  itemprop=\"image\" itemscope=\"itemscope\" itemtype=\"https:\/\/schema.org\/ImageObject\"  ><div class='avia-image-container-inner'><div class='avia-image-overlay-wrap'><img decoding=\"async\" class='wp-image-20292 avia-img-lazy-loading-not-20292 avia_image' src=\"https:\/\/radiorevelacionfm.cl\/wp-content\/uploads\/2022\/08\/20220809_091540-1-1.jpg\" alt='' title='20220809_091540 (1) (1)' height=\"600\" width=\"895\"  itemprop=\"thumbnailUrl\" srcset=\"https:\/\/radiorevelacionfm.cl\/wp-content\/uploads\/2022\/08\/20220809_091540-1-1.jpg 895w, https:\/\/radiorevelacionfm.cl\/wp-content\/uploads\/2022\/08\/20220809_091540-1-1-300x201.jpg 300w, https:\/\/radiorevelacionfm.cl\/wp-content\/uploads\/2022\/08\/20220809_091540-1-1-768x515.jpg 768w, https:\/\/radiorevelacionfm.cl\/wp-content\/uploads\/2022\/08\/20220809_091540-1-1-705x473.jpg 705w, https:\/\/radiorevelacionfm.cl\/wp-content\/uploads\/2022\/08\/20220809_091540-1-1-600x402.jpg 600w\" sizes=\"(max-width: 895px) 100vw, 895px\" \/><\/div><\/div><\/div><\/div><div class=\"flex_column av_one_full  flex_column_div av-zero-column-padding first  avia-builder-el-2  el_after_av_one_full  el_before_av_one_full  column-top-margin\" style='border-radius:0px; '><section class=\"av_textblock_section \"  itemscope=\"itemscope\" itemtype=\"https:\/\/schema.org\/BlogPosting\" itemprop=\"blogPost\" ><div class='avia_textblock  '   itemprop=\"text\" ><p style=\"text-align: center;\"><span style=\"font-size: 18pt;\"><b>Culmina marcha blanca de normativa que rige uso de vidrios polarizados en veh\u00edculos livianos y medianos<\/b><\/span><\/p>\n<div id=\"gtx-trans\" style=\"position: absolute; left: -50px; top: 4.31534px;\">\n<div class=\"gtx-trans-icon\"><\/div>\n<\/div>\n<\/div><\/section><\/div><div class=\"flex_column av_one_full  flex_column_div av-zero-column-padding first  avia-builder-el-4  el_after_av_one_full  el_before_av_hr  column-top-margin\" style='border-radius:0px; '><section class=\"av_textblock_section \"  itemscope=\"itemscope\" itemtype=\"https:\/\/schema.org\/BlogPosting\" itemprop=\"blogPost\" ><div class='avia_textblock  '   itemprop=\"text\" ><p style=\"font-weight: 400; text-align: justify;\">Como una forma de reforzar la seguridad vial y evitar posibles distorsiones en la visibilidad de se\u00f1ales de tr\u00e1nsito, el Ministerio de Transportes y Telecomunicaciones impuls\u00f3 la normativa para regular el uso de vidrios polarizados en veh\u00edculos livianos y medianos. Luego de una marcha blanca de tres meses, el pr\u00f3ximo 11 de agosto se aplicar\u00e1 esta norma a los veh\u00edculos que recurran a renovar su Revisi\u00f3n T\u00e9cnica.<\/p>\n<p style=\"font-weight: 400; text-align: justify;\">La seremiTT Claudia Cantero explic\u00f3 que la norma se aplicar\u00e1 a los vidrios polarizados con la certificaci\u00f3n del instalador \u201cla idea es evitar cualquier tipo de accidente de tr\u00e1nsito, por lo que se norma con mayor rigurosidad el porcentaje de luz que puede traspasar un vidrio polarizado. La idea es que las personas puedan informarse para evitar rechazos en la Planta de Revisi\u00f3n T\u00e9cnica y evitar sanciones de fiscalizaci\u00f3n de Carabineros y del Ministerio de Transportes\u201d.<\/p>\n<p style=\"font-weight: 400; text-align: justify;\">En cuanto a la labor de control que se desarrollar\u00e1 en torno a esta modificaci\u00f3n legal, el Capit\u00e1n de la SIAT Osvaldo Mellado, agreg\u00f3 que \u201ccomo Carabineros estamos trabajando hace bastante tiempo en este tema. Cabe recordar que si bien la actual legislaci\u00f3n regula el porcentaje de luminosidad de los vidrios polarizados, antiguamente ya estaba normado que los parabrisas no pod\u00edan tener polarizado en ninguna circunstancia. Por tanto debemos se\u00f1alar que el a\u00f1o 2021 a la fecha hemos cursado 47 infracciones por este tipo de falta que corresponde a una falta menos grave que se denuncia al Juzgado de Polic\u00eda Local\u201d.<\/p>\n<p style=\"font-weight: 400; text-align: justify;\">Desde el 11 de agosto, al momento de renovar la Revisi\u00f3n T\u00e9cnica las plantas medir\u00e1n el factor de transmisi\u00f3n de luz, para lo cual cuentan con un dispositivo especializado que determina si el porcentaje cumple con la normativa.\u00a0 \u201cPara los vidrios delanteros deben cumplir con un 70% de paso de luz en las puertas delanteras y para las puertas traseras y luneta\u00a0 es un 28% de paso de luz. Adem\u00e1s la ley otorga un 5% de tolerancia a estos valores. Cabe se\u00f1alar que en la PRT s\u00f3lo se medir\u00e1n aquellos vidrios que vengan con la certificaci\u00f3n y aquellos que no la tengan se rechazar\u00e1n\u201d, puntualiz\u00f3 el Jefe de la PRT Coyhaique, Francisco Montero.<\/p>\n<p style=\"font-weight: 400; text-align: justify;\">En todos los casos, la l\u00e1mina polarizada debe contar con un sello en relieve e indeleble, el nombre y RUT del instalador. Adem\u00e1s con esta norma se proh\u00edben las l\u00e1minas reflectivas, met\u00e1licas o espejadas; las l\u00e1minas color \u00e1mbar, amarillo, rojo o azul; la l\u00e1minas sobre vidrios que de f\u00e1brica est\u00e1n permitidos, las l\u00e1minas con imperfecciones, las l\u00e1minas adheridas en la superficie externa de los vidrios o no instaladas en un s\u00f3lo pa\u00f1o.<\/p>\n<\/div><\/section><\/div><div  style='height:50px' class='hr hr-invisible   avia-builder-el-6  el_after_av_one_full  el_before_av_social_share '><span class='hr-inner ' ><span class='hr-inner-style'><\/span><\/span><\/div><\/p>\n<div  class='av-social-sharing-box  avia-builder-el-7  el_after_av_hr  el_before_av_hr  '><div class='av-share-box'><h5 class='av-share-link-description av-no-toc '>Compartir esta noticia<\/h5><ul class='av-share-box-list noLightbox'><li class='av-share-link av-social-link-facebook' ><a target=\"_blank\" aria-label=\"Compartir en Facebook\" href='https:\/\/www.facebook.com\/sharer.php?u=https:\/\/radiorevelacionfm.cl\/?p=20291&#038;t=Culmina%20marcha%20blanca%20de%20normativa%20que%20rige%20uso%20de%20vidrios%20polarizados%20en%20veh%C3%ADculos%20livianos%20y%20medianos' aria-hidden='false' data-av_icon='\ue8f3' data-av_iconfont='entypo-fontello' title='' data-avia-related-tooltip='Compartir en Facebook' rel=\"noopener\"><span class='avia_hidden_link_text'>Compartir en Facebook<\/span><\/a><\/li><li class='av-share-link av-social-link-twitter' ><a target=\"_blank\" aria-label=\"Compartir en Twitter\" href='https:\/\/twitter.com\/share?text=Culmina%20marcha%20blanca%20de%20normativa%20que%20rige%20uso%20de%20vidrios%20polarizados%20en%20veh%C3%ADculos%20livianos%20y%20medianos&#038;url=https:\/\/radiorevelacionfm.cl\/?p=20291' aria-hidden='false' data-av_icon='\ue8f1' data-av_iconfont='entypo-fontello' title='' data-avia-related-tooltip='Compartir en Twitter' rel=\"noopener\"><span class='avia_hidden_link_text'>Compartir en Twitter<\/span><\/a><\/li><li class='av-share-link av-social-link-whatsapp' ><a target=\"_blank\" aria-label=\"Compartir en Whatsapp\" href='https:\/\/api.whatsapp.com\/send?text=https:\/\/radiorevelacionfm.cl\/?p=20291' aria-hidden='false' data-av_icon='\uf232' data-av_iconfont='entypo-fontello' title='' data-avia-related-tooltip='Compartir en Whatsapp' rel=\"noopener\"><span class='avia_hidden_link_text'>Compartir en Whatsapp<\/span><\/a><\/li><li class='av-share-link av-social-link-linkedin' ><a target=\"_blank\" aria-label=\"Compartir en LinkedIn\" href='https:\/\/linkedin.com\/shareArticle?mini=true&#038;title=Culmina%20marcha%20blanca%20de%20normativa%20que%20rige%20uso%20de%20vidrios%20polarizados%20en%20veh%C3%ADculos%20livianos%20y%20medianos&#038;url=https:\/\/radiorevelacionfm.cl\/?p=20291' aria-hidden='false' data-av_icon='\ue8fc' data-av_iconfont='entypo-fontello' title='' data-avia-related-tooltip='Compartir en LinkedIn' rel=\"noopener\"><span class='avia_hidden_link_text'>Compartir en LinkedIn<\/span><\/a><\/li><li class='av-share-link av-social-link-mail' ><a  aria-label=\"Compartir por correo\" href='mailto:?subject=Culmina%20marcha%20blanca%20de%20normativa%20que%20rige%20uso%20de%20vidrios%20polarizados%20en%20veh%C3%ADculos%20livianos%20y%20medianos&#038;body=https:\/\/radiorevelacionfm.cl\/?p=20291' aria-hidden='false' data-av_icon='\ue805' data-av_iconfont='entypo-fontello' title='' data-avia-related-tooltip='Compartir por correo'><span class='avia_hidden_link_text'>Compartir por correo<\/span><\/a><\/li><\/ul><\/div><\/div>\n<div  style='height:50px' class='hr hr-invisible   avia-builder-el-8  el_after_av_social_share  el_before_av_comments_list '><span class='hr-inner ' ><span class='hr-inner-style'><\/span><\/span><\/div>\n<div  class='av-buildercomment  av-blog-meta-html-info-disabled av-blog-meta-tag-disabled  '><\/div>\n","protected":false},"excerpt":{"rendered":"","protected":false},"author":1,"featured_media":20292,"comment_status":"open","ping_status":"open","sticky":false,"template":"","format":"standard","meta":{"footnotes":""},"categories":[59],"tags":[],"class_list":["post-20291","post","type-post","status-publish","format-standard","has-post-thumbnail","hentry","category-transporte"],"jetpack_featured_media_url":"https:\/\/radiorevelacionfm.cl\/wp-content\/uploads\/2022\/08\/20220809_091540-1-1.jpg","_links":{"self":[{"href":"https:\/\/radiorevelacionfm.cl\/index.php?rest_route=\/wp\/v2\/posts\/20291","targetHints":{"allow":["GET"]}}],"collection":[{"href":"https:\/\/radiorevelacionfm.cl\/index.php?rest_route=\/wp\/v2\/posts"}],"about":[{"href":"https:\/\/radiorevelacionfm.cl\/index.php?rest_route=\/wp\/v2\/types\/post"}],"author":[{"embeddable":true,"href":"https:\/\/radiorevelacionfm.cl\/index.php?rest_route=\/wp\/v2\/users\/1"}],"replies":[{"embeddable":true,"href":"https:\/\/radiorevelacionfm.cl\/index.php?rest_route=%2Fwp%2Fv2%2Fcomments&post=20291"}],"version-history":[{"count":2,"href":"https:\/\/radiorevelacionfm.cl\/index.php?rest_route=\/wp\/v2\/posts\/20291\/revisions"}],"predecessor-version":[{"id":20307,"href":"https:\/\/radiorevelacionfm.cl\/index.php?rest_route=\/wp\/v2\/posts\/20291\/revisions\/20307"}],"wp:featuredmedia":[{"embeddable":true,"href":"https:\/\/radiorevelacionfm.cl\/index.php?rest_route=\/wp\/v2\/media\/20292"}],"wp:attachment":[{"href":"https:\/\/radiorevelacionfm.cl\/index.php?rest_route=%2Fwp%2Fv2%2Fmedia&parent=20291"}],"wp:term":[{"taxonomy":"category","embeddable":true,"href":"https:\/\/radiorevelacionfm.cl\/index.php?rest_route=%2Fwp%2Fv2%2Fcategories&post=20291"},{"taxonomy":"post_tag","embeddable":true,"href":"https:\/\/radiorevelacionfm.cl\/index.php?rest_route=%2Fwp%2Fv2%2Ftags&post=20291"}],"curies":[{"name":"wp","href":"https:\/\/api.w.org\/{rel}","templated":true}]}}