{"id":20287,"date":"2022-08-09T18:16:26","date_gmt":"2022-08-09T21:16:26","guid":{"rendered":"https:\/\/radiorevelacionfm.cl\/?p=20287"},"modified":"2022-08-09T18:16:26","modified_gmt":"2022-08-09T21:16:26","slug":"alcalde-llamo-a-incluir-a-la-comuna-de-cisnes-en-negociaciones-por-reduccion-de-cuota-del-erizo","status":"publish","type":"post","link":"https:\/\/radiorevelacionfm.cl\/?p=20287","title":{"rendered":"Alcalde llam\u00f3 a incluir a la comuna de Cisnes en negociaciones por reducci\u00f3n de cuota del erizo"},"content":{"rendered":"<div class=\"flex_column av_one_full  flex_column_div av-zero-column-padding first  avia-builder-el-0  el_before_av_one_full  avia-builder-el-first  \" style='border-radius:0px; '><div  class='avia-image-container  av-styling-    avia-builder-el-1  avia-builder-el-no-sibling  avia-align-center '  itemprop=\"image\" itemscope=\"itemscope\" itemtype=\"https:\/\/schema.org\/ImageObject\"  ><div class='avia-image-container-inner'><div class='avia-image-overlay-wrap'><img decoding=\"async\" class='wp-image-20288 avia-img-lazy-loading-not-20288 avia_image' src=\"https:\/\/radiorevelacionfm.cl\/wp-content\/uploads\/2022\/08\/alcalde-cisnes-1-1_optimized.jpg\" alt='' title='alcalde-cisnes-1-(1)_optimized' height=\"600\" width=\"1067\"  itemprop=\"thumbnailUrl\" srcset=\"https:\/\/radiorevelacionfm.cl\/wp-content\/uploads\/2022\/08\/alcalde-cisnes-1-1_optimized.jpg 1067w, https:\/\/radiorevelacionfm.cl\/wp-content\/uploads\/2022\/08\/alcalde-cisnes-1-1_optimized-300x169.jpg 300w, https:\/\/radiorevelacionfm.cl\/wp-content\/uploads\/2022\/08\/alcalde-cisnes-1-1_optimized-1030x579.jpg 1030w, https:\/\/radiorevelacionfm.cl\/wp-content\/uploads\/2022\/08\/alcalde-cisnes-1-1_optimized-768x432.jpg 768w, https:\/\/radiorevelacionfm.cl\/wp-content\/uploads\/2022\/08\/alcalde-cisnes-1-1_optimized-705x396.jpg 705w, https:\/\/radiorevelacionfm.cl\/wp-content\/uploads\/2022\/08\/alcalde-cisnes-1-1_optimized-600x337.jpg 600w\" sizes=\"(max-width: 1067px) 100vw, 1067px\" \/><\/div><\/div><\/div><\/div><div class=\"flex_column av_one_full  flex_column_div av-zero-column-padding first  avia-builder-el-2  el_after_av_one_full  el_before_av_one_full  column-top-margin\" style='border-radius:0px; '><section class=\"av_textblock_section \"  itemscope=\"itemscope\" itemtype=\"https:\/\/schema.org\/BlogPosting\" itemprop=\"blogPost\" ><div class='avia_textblock  '   itemprop=\"text\" ><p style=\"text-align: center;\"><strong><span style=\"font-size: 18pt;\">Alcalde llam\u00f3 a incluir a la comuna de Cisnes en negociaciones por reducci\u00f3n de cuota del erizo<\/span><\/strong><\/p>\n<div id=\"gtx-trans\" style=\"position: absolute; left: -50px; top: 4.31534px;\">\n<div class=\"gtx-trans-icon\"><\/div>\n<\/div>\n<\/div><\/section><\/div><div class=\"flex_column av_one_full  flex_column_div av-zero-column-padding first  avia-builder-el-4  el_after_av_one_full  el_before_av_hr  column-top-margin\" style='border-radius:0px; '><section class=\"av_textblock_section \"  itemscope=\"itemscope\" itemtype=\"https:\/\/schema.org\/BlogPosting\" itemprop=\"blogPost\" ><div class='avia_textblock  '   itemprop=\"text\" ><p style=\"text-align: justify;\">El Alcalde Francisco Roncagliolo Lepio, manifest\u00f3 su preocupaci\u00f3n por la ausencia de representantes de la comuna de Cisnes en las distintas mesas de negociaci\u00f3n que se han desarrollado, en torno a la reducci\u00f3n en la cuota del recurso erizo.<\/p>\n<p style=\"text-align: justify;\">Esto luego de que algunas comitivas han sostenido encuentros con autoridades del nivel central, dirigentes y autoridades locales, sin considerar a este territorio que es parte del litoral de la regi\u00f3n de Ays\u00e9n y donde existen familias que extraen el recurso antes se\u00f1alado.<\/p>\n<p style=\"text-align: justify;\">\u201cEs tambi\u00e9n una preocupaci\u00f3n importante para nuestra comuna de Cisnes, lo que est\u00e1 pasando con la reducci\u00f3n de las 300 toneladas de erizo que se ha hecho a la cuota de la regi\u00f3n de Ays\u00e9n. Hoy d\u00eda reconocemos el hecho de que se est\u00e9n llevando adelante mesas de trabajo, que se est\u00e9n llevando adelante instancias de conversaci\u00f3n a nivel central, pero hacemos el punto, en el sentido de que la comuna de Cisnes no est\u00e1 siendo considerada en este proceso de negociaci\u00f3n y de conversaci\u00f3n. Es por eso que, nosotros hacemos la invitaci\u00f3n publica y abierta a que se invite a nuestros actores locales, personas que son extractores del recurso erizo, pero tambi\u00e9n son personas que est\u00e1n cuidando este recurso\u201d, manifest\u00f3 el edil.<\/p>\n<p style=\"text-align: justify;\">El Alcalde, Francisco Roncagliolo, afirm\u00f3 adem\u00e1s que, \u201cnosotros como comuna, siempre cuando se ha negociado algo con la d\u00e9cima regi\u00f3n, es al final del d\u00eda en la comuna de Cisnes donde se vienen a extraer estos recursos. Tenemos, adem\u00e1s, flotas ilegales instaladas en distintos puntos, en que obviamente van generando un perjuicio directo a nuestros vecinos. As\u00ed es que la invitaci\u00f3n est\u00e1 hecha a que se sume a nuestra comuna a participar, tenemos harto que decir y tambi\u00e9n tenemos propuestas importantes que hacer, para el cuidado y resguardo de los recursos, sobre todo para fortalecer sector de la pesca artesanal y en este caso extractores del recurso erizo\u201d, puntualiz\u00f3 la m\u00e1xima autoridad de la comuna de Cisnes.<\/p>\n<\/div><\/section><\/div><div  style='height:50px' class='hr hr-invisible   avia-builder-el-6  el_after_av_one_full  el_before_av_social_share '><span class='hr-inner ' ><span class='hr-inner-style'><\/span><\/span><\/div><\/p>\n<div  class='av-social-sharing-box  avia-builder-el-7  el_after_av_hr  el_before_av_hr  '><div class='av-share-box'><h5 class='av-share-link-description av-no-toc '>Compartir esta noticia<\/h5><ul class='av-share-box-list noLightbox'><li class='av-share-link av-social-link-facebook' ><a target=\"_blank\" aria-label=\"Compartir en Facebook\" href='https:\/\/www.facebook.com\/sharer.php?u=https:\/\/radiorevelacionfm.cl\/?p=20287&#038;t=Alcalde%20llam%C3%B3%20a%20incluir%20a%20la%20comuna%20de%20Cisnes%20en%20negociaciones%20por%20reducci%C3%B3n%20de%20cuota%20del%20erizo' aria-hidden='false' data-av_icon='\ue8f3' data-av_iconfont='entypo-fontello' title='' data-avia-related-tooltip='Compartir en Facebook' rel=\"noopener\"><span class='avia_hidden_link_text'>Compartir en Facebook<\/span><\/a><\/li><li class='av-share-link av-social-link-twitter' ><a target=\"_blank\" aria-label=\"Compartir en Twitter\" href='https:\/\/twitter.com\/share?text=Alcalde%20llam%C3%B3%20a%20incluir%20a%20la%20comuna%20de%20Cisnes%20en%20negociaciones%20por%20reducci%C3%B3n%20de%20cuota%20del%20erizo&#038;url=https:\/\/radiorevelacionfm.cl\/?p=20287' aria-hidden='false' data-av_icon='\ue8f1' data-av_iconfont='entypo-fontello' title='' data-avia-related-tooltip='Compartir en Twitter' rel=\"noopener\"><span class='avia_hidden_link_text'>Compartir en Twitter<\/span><\/a><\/li><li class='av-share-link av-social-link-whatsapp' ><a target=\"_blank\" aria-label=\"Compartir en Whatsapp\" href='https:\/\/api.whatsapp.com\/send?text=https:\/\/radiorevelacionfm.cl\/?p=20287' aria-hidden='false' data-av_icon='\uf232' data-av_iconfont='entypo-fontello' title='' data-avia-related-tooltip='Compartir en Whatsapp' rel=\"noopener\"><span class='avia_hidden_link_text'>Compartir en Whatsapp<\/span><\/a><\/li><li class='av-share-link av-social-link-linkedin' ><a target=\"_blank\" aria-label=\"Compartir en LinkedIn\" href='https:\/\/linkedin.com\/shareArticle?mini=true&#038;title=Alcalde%20llam%C3%B3%20a%20incluir%20a%20la%20comuna%20de%20Cisnes%20en%20negociaciones%20por%20reducci%C3%B3n%20de%20cuota%20del%20erizo&#038;url=https:\/\/radiorevelacionfm.cl\/?p=20287' aria-hidden='false' data-av_icon='\ue8fc' data-av_iconfont='entypo-fontello' title='' data-avia-related-tooltip='Compartir en LinkedIn' rel=\"noopener\"><span class='avia_hidden_link_text'>Compartir en LinkedIn<\/span><\/a><\/li><li class='av-share-link av-social-link-mail' ><a  aria-label=\"Compartir por correo\" href='mailto:?subject=Alcalde%20llam%C3%B3%20a%20incluir%20a%20la%20comuna%20de%20Cisnes%20en%20negociaciones%20por%20reducci%C3%B3n%20de%20cuota%20del%20erizo&#038;body=https:\/\/radiorevelacionfm.cl\/?p=20287' aria-hidden='false' data-av_icon='\ue805' data-av_iconfont='entypo-fontello' title='' data-avia-related-tooltip='Compartir por correo'><span class='avia_hidden_link_text'>Compartir por correo<\/span><\/a><\/li><\/ul><\/div><\/div>\n<div  style='height:50px' class='hr hr-invisible   avia-builder-el-8  el_after_av_social_share  el_before_av_comments_list '><span class='hr-inner ' ><span class='hr-inner-style'><\/span><\/span><\/div>\n<div  class='av-buildercomment  av-blog-meta-html-info-disabled av-blog-meta-tag-disabled  '><\/div>\n","protected":false},"excerpt":{"rendered":"","protected":false},"author":1,"featured_media":20288,"comment_status":"open","ping_status":"open","sticky":false,"template":"","format":"standard","meta":{"footnotes":""},"categories":[60],"tags":[],"class_list":["post-20287","post","type-post","status-publish","format-standard","has-post-thumbnail","hentry","category-pesca"],"jetpack_featured_media_url":"https:\/\/radiorevelacionfm.cl\/wp-content\/uploads\/2022\/08\/alcalde-cisnes-1-1_optimized.jpg","_links":{"self":[{"href":"https:\/\/radiorevelacionfm.cl\/index.php?rest_route=\/wp\/v2\/posts\/20287","targetHints":{"allow":["GET"]}}],"collection":[{"href":"https:\/\/radiorevelacionfm.cl\/index.php?rest_route=\/wp\/v2\/posts"}],"about":[{"href":"https:\/\/radiorevelacionfm.cl\/index.php?rest_route=\/wp\/v2\/types\/post"}],"author":[{"embeddable":true,"href":"https:\/\/radiorevelacionfm.cl\/index.php?rest_route=\/wp\/v2\/users\/1"}],"replies":[{"embeddable":true,"href":"https:\/\/radiorevelacionfm.cl\/index.php?rest_route=%2Fwp%2Fv2%2Fcomments&post=20287"}],"version-history":[{"count":2,"href":"https:\/\/radiorevelacionfm.cl\/index.php?rest_route=\/wp\/v2\/posts\/20287\/revisions"}],"predecessor-version":[{"id":20297,"href":"https:\/\/radiorevelacionfm.cl\/index.php?rest_route=\/wp\/v2\/posts\/20287\/revisions\/20297"}],"wp:featuredmedia":[{"embeddable":true,"href":"https:\/\/radiorevelacionfm.cl\/index.php?rest_route=\/wp\/v2\/media\/20288"}],"wp:attachment":[{"href":"https:\/\/radiorevelacionfm.cl\/index.php?rest_route=%2Fwp%2Fv2%2Fmedia&parent=20287"}],"wp:term":[{"taxonomy":"category","embeddable":true,"href":"https:\/\/radiorevelacionfm.cl\/index.php?rest_route=%2Fwp%2Fv2%2Fcategories&post=20287"},{"taxonomy":"post_tag","embeddable":true,"href":"https:\/\/radiorevelacionfm.cl\/index.php?rest_route=%2Fwp%2Fv2%2Ftags&post=20287"}],"curies":[{"name":"wp","href":"https:\/\/api.w.org\/{rel}","templated":true}]}}