{"id":20284,"date":"2022-08-09T21:18:46","date_gmt":"2022-08-10T00:18:46","guid":{"rendered":"https:\/\/radiorevelacionfm.cl\/?p=20284"},"modified":"2022-08-09T21:18:46","modified_gmt":"2022-08-10T00:18:46","slug":"vecinos-de-villa-jara-se-coordinan-y-organizan-para-prevenir-delitos","status":"publish","type":"post","link":"https:\/\/radiorevelacionfm.cl\/?p=20284","title":{"rendered":"Vecinos de Villa Jara se coordinan y organizan para prevenir delitos"},"content":{"rendered":"<div class=\"flex_column av_one_full  flex_column_div av-zero-column-padding first  avia-builder-el-0  el_before_av_one_full  avia-builder-el-first  \" style='border-radius:0px; '><div  class='avia-image-container  av-styling-    avia-builder-el-1  avia-builder-el-no-sibling  avia-align-center '  itemprop=\"image\" itemscope=\"itemscope\" itemtype=\"https:\/\/schema.org\/ImageObject\"  ><div class='avia-image-container-inner'><div class='avia-image-overlay-wrap'><img decoding=\"async\" class='wp-image-20285 avia-img-lazy-loading-not-20285 avia_image' src=\"https:\/\/radiorevelacionfm.cl\/wp-content\/uploads\/2022\/08\/villajara3-1-1.jpg\" alt='' title='villajara3 (1) (1)' height=\"600\" width=\"904\"  itemprop=\"thumbnailUrl\" srcset=\"https:\/\/radiorevelacionfm.cl\/wp-content\/uploads\/2022\/08\/villajara3-1-1.jpg 904w, https:\/\/radiorevelacionfm.cl\/wp-content\/uploads\/2022\/08\/villajara3-1-1-300x199.jpg 300w, https:\/\/radiorevelacionfm.cl\/wp-content\/uploads\/2022\/08\/villajara3-1-1-768x510.jpg 768w, https:\/\/radiorevelacionfm.cl\/wp-content\/uploads\/2022\/08\/villajara3-1-1-705x468.jpg 705w, https:\/\/radiorevelacionfm.cl\/wp-content\/uploads\/2022\/08\/villajara3-1-1-600x398.jpg 600w\" sizes=\"(max-width: 904px) 100vw, 904px\" \/><\/div><\/div><\/div><\/div><div class=\"flex_column av_one_full  flex_column_div av-zero-column-padding first  avia-builder-el-2  el_after_av_one_full  el_before_av_one_full  column-top-margin\" style='border-radius:0px; '><section class=\"av_textblock_section \"  itemscope=\"itemscope\" itemtype=\"https:\/\/schema.org\/BlogPosting\" itemprop=\"blogPost\" ><div class='avia_textblock  '   itemprop=\"text\" ><p style=\"text-align: center;\"><strong><span style=\"font-size: 18pt;\">Vecinos de Villa Jara se coordinan y organizan para prevenir delitos<\/span><\/strong><\/p>\n<div id=\"gtx-trans\" style=\"position: absolute; left: -50px; top: 4.31534px;\">\n<div class=\"gtx-trans-icon\"><\/div>\n<\/div>\n<\/div><\/section><\/div><div class=\"flex_column av_one_full  flex_column_div av-zero-column-padding first  avia-builder-el-4  el_after_av_one_full  el_before_av_hr  column-top-margin\" style='border-radius:0px; '><section class=\"av_textblock_section \"  itemscope=\"itemscope\" itemtype=\"https:\/\/schema.org\/BlogPosting\" itemprop=\"blogPost\" ><div class='avia_textblock  '   itemprop=\"text\" ><p style=\"text-align: justify;\">Recientemente se dio a conocer un robo con intimidaci\u00f3n en el sector de Villa Jara, hecho delictual que \u2013 junto con ser muy poco usual \u2013 motivo la organizaci\u00f3n de los vecinos para prevenir nuevas situaciones como \u00e9sta. Acto seguido, se coordin\u00f3 una reuni\u00f3n que fue liderada en su convocatoria por el Coordinador Regional de la Subsecretaria de Prevenci\u00f3n del Delito (SPD), Crist\u00f3bal Barcel\u00f3.<\/p>\n<p style=\"text-align: justify;\">Se dieron cita en esta instancia &#8211; adem\u00e1s del Coordinador Regional de la SPD &#8211; representantes de Carabineros de Chile, Polic\u00eda de Investigaciones, Oficina de Seguridad Ciudadana Municipal y los vecinos, que acudieron en un n\u00famero importante, evidenciando gran inter\u00e9s y coordinaci\u00f3n para trabajar por la prevenci\u00f3n y la seguridad de esta \u00e1rea, distante a 10 km al sur de Coyhaique.<\/p>\n<p style=\"text-align: justify;\">\u201cComo SPD estuvimos disponibles de inmediato para reunirnos con los vecinos a trabajar en acciones que contribuyan a mejorar su seguridad. Asimismo, fue muy grato encontrarnos con una gran participaci\u00f3n y ganas de trabajar, los vecinos saben que esta coordinaci\u00f3n es fundamental para obtener barrios seguros, tranquilos y poco atractivos para la delincuencia\u201d, sostuvo Crist\u00f3bal Barcel\u00f3.<\/p>\n<p style=\"text-align: justify;\">Junto con abordar tem\u00e1ticas tales como el autocuidado y la importancia de la denuncia, se levantaron diversas propuestas, ideas y proyectos que vendr\u00edan a contribuir en gran medida con la seguridad, tanto residencial como vial: extender el alumbrado p\u00fablico, aumentar el control vehicular, implementar lomos de toro, c\u00e1maras de televigilancia, intervenir el \u00e1rea del San Sebasti\u00e1n, mejorar la comunicaci\u00f3n entre vecinos, etc.<\/p>\n<p style=\"text-align: justify;\">Finalmente, Esteban Pino, vicepresidente del Comit\u00e9 de Agua Potable Rural de Villa Jara, indic\u00f3 que \u201cquedamos bastante satisfechos con esta reuni\u00f3n, ya que existen compromisos que vamos a ir trabajando en conjunto. Es por eso que queremos dar la gracias, y destacar tambi\u00e9n la pronta respuesta de todos los involucrados\u201d.<\/p>\n<\/div><\/section><\/div><div  style='height:50px' class='hr hr-invisible   avia-builder-el-6  el_after_av_one_full  el_before_av_social_share '><span class='hr-inner ' ><span class='hr-inner-style'><\/span><\/span><\/div><\/p>\n<div  class='av-social-sharing-box  avia-builder-el-7  el_after_av_hr  el_before_av_hr  '><div class='av-share-box'><h5 class='av-share-link-description av-no-toc '>Compartir esta noticia<\/h5><ul class='av-share-box-list noLightbox'><li class='av-share-link av-social-link-facebook' ><a target=\"_blank\" aria-label=\"Compartir en Facebook\" href='https:\/\/www.facebook.com\/sharer.php?u=https:\/\/radiorevelacionfm.cl\/?p=20284&#038;t=Vecinos%20de%20Villa%20Jara%20se%20coordinan%20y%20organizan%20para%20prevenir%20delitos' aria-hidden='false' data-av_icon='\ue8f3' data-av_iconfont='entypo-fontello' title='' data-avia-related-tooltip='Compartir en Facebook' rel=\"noopener\"><span class='avia_hidden_link_text'>Compartir en Facebook<\/span><\/a><\/li><li class='av-share-link av-social-link-twitter' ><a target=\"_blank\" aria-label=\"Compartir en Twitter\" href='https:\/\/twitter.com\/share?text=Vecinos%20de%20Villa%20Jara%20se%20coordinan%20y%20organizan%20para%20prevenir%20delitos&#038;url=https:\/\/radiorevelacionfm.cl\/?p=20284' aria-hidden='false' data-av_icon='\ue8f1' data-av_iconfont='entypo-fontello' title='' data-avia-related-tooltip='Compartir en Twitter' rel=\"noopener\"><span class='avia_hidden_link_text'>Compartir en Twitter<\/span><\/a><\/li><li class='av-share-link av-social-link-whatsapp' ><a target=\"_blank\" aria-label=\"Compartir en Whatsapp\" href='https:\/\/api.whatsapp.com\/send?text=https:\/\/radiorevelacionfm.cl\/?p=20284' aria-hidden='false' data-av_icon='\uf232' data-av_iconfont='entypo-fontello' title='' data-avia-related-tooltip='Compartir en Whatsapp' rel=\"noopener\"><span class='avia_hidden_link_text'>Compartir en Whatsapp<\/span><\/a><\/li><li class='av-share-link av-social-link-linkedin' ><a target=\"_blank\" aria-label=\"Compartir en LinkedIn\" href='https:\/\/linkedin.com\/shareArticle?mini=true&#038;title=Vecinos%20de%20Villa%20Jara%20se%20coordinan%20y%20organizan%20para%20prevenir%20delitos&#038;url=https:\/\/radiorevelacionfm.cl\/?p=20284' aria-hidden='false' data-av_icon='\ue8fc' data-av_iconfont='entypo-fontello' title='' data-avia-related-tooltip='Compartir en LinkedIn' rel=\"noopener\"><span class='avia_hidden_link_text'>Compartir en LinkedIn<\/span><\/a><\/li><li class='av-share-link av-social-link-mail' ><a  aria-label=\"Compartir por correo\" href='mailto:?subject=Vecinos%20de%20Villa%20Jara%20se%20coordinan%20y%20organizan%20para%20prevenir%20delitos&#038;body=https:\/\/radiorevelacionfm.cl\/?p=20284' aria-hidden='false' data-av_icon='\ue805' data-av_iconfont='entypo-fontello' title='' data-avia-related-tooltip='Compartir por correo'><span class='avia_hidden_link_text'>Compartir por correo<\/span><\/a><\/li><\/ul><\/div><\/div>\n<div  style='height:50px' class='hr hr-invisible   avia-builder-el-8  el_after_av_social_share  el_before_av_comments_list '><span class='hr-inner ' ><span class='hr-inner-style'><\/span><\/span><\/div>\n<div  class='av-buildercomment  av-blog-meta-html-info-disabled av-blog-meta-tag-disabled  '><\/div>\n","protected":false},"excerpt":{"rendered":"","protected":false},"author":1,"featured_media":20285,"comment_status":"open","ping_status":"open","sticky":false,"template":"","format":"standard","meta":{"footnotes":""},"categories":[38],"tags":[],"class_list":["post-20284","post","type-post","status-publish","format-standard","has-post-thumbnail","hentry","category-regional"],"jetpack_featured_media_url":"https:\/\/radiorevelacionfm.cl\/wp-content\/uploads\/2022\/08\/villajara3-1-1.jpg","_links":{"self":[{"href":"https:\/\/radiorevelacionfm.cl\/index.php?rest_route=\/wp\/v2\/posts\/20284","targetHints":{"allow":["GET"]}}],"collection":[{"href":"https:\/\/radiorevelacionfm.cl\/index.php?rest_route=\/wp\/v2\/posts"}],"about":[{"href":"https:\/\/radiorevelacionfm.cl\/index.php?rest_route=\/wp\/v2\/types\/post"}],"author":[{"embeddable":true,"href":"https:\/\/radiorevelacionfm.cl\/index.php?rest_route=\/wp\/v2\/users\/1"}],"replies":[{"embeddable":true,"href":"https:\/\/radiorevelacionfm.cl\/index.php?rest_route=%2Fwp%2Fv2%2Fcomments&post=20284"}],"version-history":[{"count":2,"href":"https:\/\/radiorevelacionfm.cl\/index.php?rest_route=\/wp\/v2\/posts\/20284\/revisions"}],"predecessor-version":[{"id":20313,"href":"https:\/\/radiorevelacionfm.cl\/index.php?rest_route=\/wp\/v2\/posts\/20284\/revisions\/20313"}],"wp:featuredmedia":[{"embeddable":true,"href":"https:\/\/radiorevelacionfm.cl\/index.php?rest_route=\/wp\/v2\/media\/20285"}],"wp:attachment":[{"href":"https:\/\/radiorevelacionfm.cl\/index.php?rest_route=%2Fwp%2Fv2%2Fmedia&parent=20284"}],"wp:term":[{"taxonomy":"category","embeddable":true,"href":"https:\/\/radiorevelacionfm.cl\/index.php?rest_route=%2Fwp%2Fv2%2Fcategories&post=20284"},{"taxonomy":"post_tag","embeddable":true,"href":"https:\/\/radiorevelacionfm.cl\/index.php?rest_route=%2Fwp%2Fv2%2Ftags&post=20284"}],"curies":[{"name":"wp","href":"https:\/\/api.w.org\/{rel}","templated":true}]}}