{"id":20279,"date":"2022-08-09T22:55:30","date_gmt":"2022-08-10T01:55:30","guid":{"rendered":"https:\/\/radiorevelacionfm.cl\/?p=20279"},"modified":"2022-08-09T22:55:30","modified_gmt":"2022-08-10T01:55:30","slug":"ximena-ordenes-y-reunion-de-pescadores-con-ministra-del-interior-el-litoral-de-aysen-no-puede-seguir-esperando","status":"publish","type":"post","link":"https:\/\/radiorevelacionfm.cl\/?p=20279","title":{"rendered":"Ximena \u00d3rdenes y reuni\u00f3n de pescadores con ministra del interior: \u201cEl litoral de Ays\u00e9n no puede seguir esperando\u201d"},"content":{"rendered":"<div class=\"flex_column av_one_full  flex_column_div av-zero-column-padding first  avia-builder-el-0  el_before_av_one_full  avia-builder-el-first  \" style='border-radius:0px; '><div  class='avia-image-container  av-styling-    avia-builder-el-1  avia-builder-el-no-sibling  avia-align-center '  itemprop=\"image\" itemscope=\"itemscope\" itemtype=\"https:\/\/schema.org\/ImageObject\"  ><div class='avia-image-container-inner'><div class='avia-image-overlay-wrap'><img decoding=\"async\" class='wp-image-20280 avia-img-lazy-loading-not-20280 avia_image' src=\"https:\/\/radiorevelacionfm.cl\/wp-content\/uploads\/2022\/08\/IMG_6041-1-1.jpg\" alt='' title='IMG_6041 (1) (1)' height=\"600\" width=\"800\"  itemprop=\"thumbnailUrl\" srcset=\"https:\/\/radiorevelacionfm.cl\/wp-content\/uploads\/2022\/08\/IMG_6041-1-1.jpg 800w, https:\/\/radiorevelacionfm.cl\/wp-content\/uploads\/2022\/08\/IMG_6041-1-1-300x225.jpg 300w, https:\/\/radiorevelacionfm.cl\/wp-content\/uploads\/2022\/08\/IMG_6041-1-1-768x576.jpg 768w, https:\/\/radiorevelacionfm.cl\/wp-content\/uploads\/2022\/08\/IMG_6041-1-1-705x529.jpg 705w, https:\/\/radiorevelacionfm.cl\/wp-content\/uploads\/2022\/08\/IMG_6041-1-1-600x450.jpg 600w\" sizes=\"(max-width: 800px) 100vw, 800px\" \/><\/div><\/div><\/div><\/div><div class=\"flex_column av_one_full  flex_column_div av-zero-column-padding first  avia-builder-el-2  el_after_av_one_full  el_before_av_one_full  column-top-margin\" style='border-radius:0px; '><section class=\"av_textblock_section \"  itemscope=\"itemscope\" itemtype=\"https:\/\/schema.org\/BlogPosting\" itemprop=\"blogPost\" ><div class='avia_textblock  '   itemprop=\"text\" ><p style=\"text-align: center;\"><strong><span style=\"font-size: 18pt;\">Ximena \u00d3rdenes y reuni\u00f3n de pescadores con ministra del interior: \u201cEl litoral de Ays\u00e9n no puede seguir esperando\u201d<\/span><\/strong><\/p>\n<div id=\"gtx-trans\" style=\"position: absolute; left: -50px; top: 4.31534px;\">\n<div class=\"gtx-trans-icon\"><\/div>\n<\/div>\n<\/div><\/section><\/div><div class=\"flex_column av_one_full  flex_column_div av-zero-column-padding first  avia-builder-el-4  el_after_av_one_full  el_before_av_hr  column-top-margin\" style='border-radius:0px; '><section class=\"av_textblock_section \"  itemscope=\"itemscope\" itemtype=\"https:\/\/schema.org\/BlogPosting\" itemprop=\"blogPost\" ><div class='avia_textblock  '   itemprop=\"text\" ><p style=\"font-weight: 400; text-align: justify;\">Durante la tarde del lunes, distintos representantes de la pesca artesanal junto al alcalde de Guaitecas, Marcos Silva, llegaron hasta La Moneda acompa\u00f1ados por las y los parlamentarios de Ays\u00e9n como la senadora Ximena Ordenes, para reunirse con la Ministra del Interior, Izkia Siches y con el Subsecretario de Pesca, Julio Salas, para expresar la molestia social que existe tras el traspaso de 300 toneladas de la cuota regional de erizo a la Regi\u00f3n de Los Lagos.<\/p>\n<p style=\"font-weight: 400; text-align: justify;\">En la reuni\u00f3n, en la que tambi\u00e9n estaba presente la Gobernadora Regional, Andrea Mac\u00edas, se entregaron detalles sobre c\u00f3mo la decisi\u00f3n de Subpesca afecta a miles de familias de la Regi\u00f3n de Ays\u00e9n quienes se ven afectados por el traspaso de la cuota, mientras que los trabajadores exigieron al Gobierno una soluci\u00f3n para el conflicto, que tiene en alerta a los pescadores de la zona.<\/p>\n<p style=\"font-weight: 400; text-align: justify;\">Ante tal escenario, durante la cita la senadora Ordenes fue enf\u00e1tica en sostener que, en la situaci\u00f3n de la pesca de Ays\u00e9n, \u201chay\u00a0varias aristas (\u2026) es un problema de larga data, que ha cruzado varios gobiernos y con la misma medida, con un acuerdo que durar\u00eda cinco a\u00f1os pero que lleva 2 d\u00e9cadas. Yo esperar\u00eda que a 2 d\u00e9cadas se termine con este acuerdo: fin a las zonas contiguas en Ays\u00e9n\u201d.<\/p>\n<p style=\"font-weight: 400; text-align: justify;\">Tras la reuni\u00f3n, la senadora sostuvo que \u201cel litoral de Ays\u00e9n no puede seguir esperando y menos ser la carta de compensaci\u00f3n para regiones como Los Lagos u otras\u201d.<\/p>\n<p style=\"font-weight: 400; text-align: justify;\">\u201cHemos planteado en el Ministerio del Interior, en conjunto con los dirigentes de la pesca artesanal y el alcalde de las Guaitecas, que se requiere con urgencia tomar una decisi\u00f3n: si se va a poner fin o no a las zonas contiguas, y por otro lado, tener un plan especial de desarrollo para las Guaitecas y las Islas Huichas, tal como se ha hecho con otras comunas del pa\u00eds como, por ejemplo, Cocham\u00f3\u201d, dijo.<\/p>\n<p style=\"font-weight: 400; text-align: justify;\">La senadora Ordenes explic\u00f3 que un Plan Especial de Desarrollo para el litoral de Ays\u00e9n significa inyectar recursos para una mejor conectividad y para un mejor desarrollo productivo, as\u00ed como solucionar condiciones de habitabilidad m\u00ednimas, como alcantarillado y agua potable, entre otros.<\/p>\n<p style=\"font-weight: 400; text-align: justify;\">\u201cEn ese sentido, valoramos este espacio de reuni\u00f3n porque, al menos, se han generado compromisos para tener una carta de navegaci\u00f3n, en el contexto de abordar la cuota porque, adem\u00e1s, las 300 toneladas que reclama Ays\u00e9n ya las sac\u00f3 la Regi\u00f3n de Los Lagos\u201d, se\u00f1al\u00f3.<\/p>\n<p style=\"font-weight: 400; text-align: justify;\">Ordenes agreg\u00f3 que \u201chemos exigido una compensaci\u00f3n, un plan integral de desarrollo, y evidentemente, un Plan que tenga una l\u00f3gica de futuro, que permita una pesca sostenible dando garant\u00edas a la regi\u00f3n de Ays\u00e9n\u201d.<\/p>\n<p style=\"font-weight: 400; text-align: justify;\">La senadora finaliz\u00f3 se\u00f1alando que \u201cvamos a defender los derechos de los aiseninos, ese es nuestro compromiso y, claramente, no se puede seguir admitiendo el ingreso de pescadores de otras zonas con quienes, al final del d\u00eda, tampoco el Gobierno tiene control respecto de c\u00f3mo se realiza esta extracci\u00f3n de recursos marinos\u201d.<\/p>\n<\/div><\/section><\/div><div  style='height:50px' class='hr hr-invisible   avia-builder-el-6  el_after_av_one_full  el_before_av_social_share '><span class='hr-inner ' ><span class='hr-inner-style'><\/span><\/span><\/div><\/p>\n<div  class='av-social-sharing-box  avia-builder-el-7  el_after_av_hr  el_before_av_hr  '><div class='av-share-box'><h5 class='av-share-link-description av-no-toc '>Compartir esta noticia<\/h5><ul class='av-share-box-list noLightbox'><li class='av-share-link av-social-link-facebook' ><a target=\"_blank\" aria-label=\"Compartir en Facebook\" href='https:\/\/www.facebook.com\/sharer.php?u=https:\/\/radiorevelacionfm.cl\/?p=20279&#038;t=Ximena%20%C3%93rdenes%20y%20reuni%C3%B3n%20de%20pescadores%20con%20ministra%20del%20interior%3A%20%E2%80%9CEl%20litoral%20de%20Ays%C3%A9n%20no%20puede%20seguir%20esperando%E2%80%9D' aria-hidden='false' data-av_icon='\ue8f3' data-av_iconfont='entypo-fontello' title='' data-avia-related-tooltip='Compartir en Facebook' rel=\"noopener\"><span class='avia_hidden_link_text'>Compartir en Facebook<\/span><\/a><\/li><li class='av-share-link av-social-link-twitter' ><a target=\"_blank\" aria-label=\"Compartir en Twitter\" href='https:\/\/twitter.com\/share?text=Ximena%20%C3%93rdenes%20y%20reuni%C3%B3n%20de%20pescadores%20con%20ministra%20del%20interior%3A%20%E2%80%9CEl%20litoral%20de%20Ays%C3%A9n%20no%20puede%20seguir%20esperando%E2%80%9D&#038;url=https:\/\/radiorevelacionfm.cl\/?p=20279' aria-hidden='false' data-av_icon='\ue8f1' data-av_iconfont='entypo-fontello' title='' data-avia-related-tooltip='Compartir en Twitter' rel=\"noopener\"><span class='avia_hidden_link_text'>Compartir en Twitter<\/span><\/a><\/li><li class='av-share-link av-social-link-whatsapp' ><a target=\"_blank\" aria-label=\"Compartir en Whatsapp\" href='https:\/\/api.whatsapp.com\/send?text=https:\/\/radiorevelacionfm.cl\/?p=20279' aria-hidden='false' data-av_icon='\uf232' data-av_iconfont='entypo-fontello' title='' data-avia-related-tooltip='Compartir en Whatsapp' rel=\"noopener\"><span class='avia_hidden_link_text'>Compartir en Whatsapp<\/span><\/a><\/li><li class='av-share-link av-social-link-linkedin' ><a target=\"_blank\" aria-label=\"Compartir en LinkedIn\" href='https:\/\/linkedin.com\/shareArticle?mini=true&#038;title=Ximena%20%C3%93rdenes%20y%20reuni%C3%B3n%20de%20pescadores%20con%20ministra%20del%20interior%3A%20%E2%80%9CEl%20litoral%20de%20Ays%C3%A9n%20no%20puede%20seguir%20esperando%E2%80%9D&#038;url=https:\/\/radiorevelacionfm.cl\/?p=20279' aria-hidden='false' data-av_icon='\ue8fc' data-av_iconfont='entypo-fontello' title='' data-avia-related-tooltip='Compartir en LinkedIn' rel=\"noopener\"><span class='avia_hidden_link_text'>Compartir en LinkedIn<\/span><\/a><\/li><li class='av-share-link av-social-link-mail' ><a  aria-label=\"Compartir por correo\" href='mailto:?subject=Ximena%20%C3%93rdenes%20y%20reuni%C3%B3n%20de%20pescadores%20con%20ministra%20del%20interior%3A%20%E2%80%9CEl%20litoral%20de%20Ays%C3%A9n%20no%20puede%20seguir%20esperando%E2%80%9D&#038;body=https:\/\/radiorevelacionfm.cl\/?p=20279' aria-hidden='false' data-av_icon='\ue805' data-av_iconfont='entypo-fontello' title='' data-avia-related-tooltip='Compartir por correo'><span class='avia_hidden_link_text'>Compartir por correo<\/span><\/a><\/li><\/ul><\/div><\/div>\n<div  style='height:50px' class='hr hr-invisible   avia-builder-el-8  el_after_av_social_share  el_before_av_comments_list '><span class='hr-inner ' ><span class='hr-inner-style'><\/span><\/span><\/div>\n<div  class='av-buildercomment  av-blog-meta-html-info-disabled av-blog-meta-tag-disabled  '><\/div>\n","protected":false},"excerpt":{"rendered":"","protected":false},"author":1,"featured_media":20280,"comment_status":"open","ping_status":"open","sticky":false,"template":"","format":"standard","meta":{"footnotes":""},"categories":[35],"tags":[],"class_list":["post-20279","post","type-post","status-publish","format-standard","has-post-thumbnail","hentry","category-politica"],"jetpack_featured_media_url":"https:\/\/radiorevelacionfm.cl\/wp-content\/uploads\/2022\/08\/IMG_6041-1-1.jpg","_links":{"self":[{"href":"https:\/\/radiorevelacionfm.cl\/index.php?rest_route=\/wp\/v2\/posts\/20279","targetHints":{"allow":["GET"]}}],"collection":[{"href":"https:\/\/radiorevelacionfm.cl\/index.php?rest_route=\/wp\/v2\/posts"}],"about":[{"href":"https:\/\/radiorevelacionfm.cl\/index.php?rest_route=\/wp\/v2\/types\/post"}],"author":[{"embeddable":true,"href":"https:\/\/radiorevelacionfm.cl\/index.php?rest_route=\/wp\/v2\/users\/1"}],"replies":[{"embeddable":true,"href":"https:\/\/radiorevelacionfm.cl\/index.php?rest_route=%2Fwp%2Fv2%2Fcomments&post=20279"}],"version-history":[{"count":2,"href":"https:\/\/radiorevelacionfm.cl\/index.php?rest_route=\/wp\/v2\/posts\/20279\/revisions"}],"predecessor-version":[{"id":20324,"href":"https:\/\/radiorevelacionfm.cl\/index.php?rest_route=\/wp\/v2\/posts\/20279\/revisions\/20324"}],"wp:featuredmedia":[{"embeddable":true,"href":"https:\/\/radiorevelacionfm.cl\/index.php?rest_route=\/wp\/v2\/media\/20280"}],"wp:attachment":[{"href":"https:\/\/radiorevelacionfm.cl\/index.php?rest_route=%2Fwp%2Fv2%2Fmedia&parent=20279"}],"wp:term":[{"taxonomy":"category","embeddable":true,"href":"https:\/\/radiorevelacionfm.cl\/index.php?rest_route=%2Fwp%2Fv2%2Fcategories&post=20279"},{"taxonomy":"post_tag","embeddable":true,"href":"https:\/\/radiorevelacionfm.cl\/index.php?rest_route=%2Fwp%2Fv2%2Ftags&post=20279"}],"curies":[{"name":"wp","href":"https:\/\/api.w.org\/{rel}","templated":true}]}}