{"id":20276,"date":"2022-08-09T18:00:21","date_gmt":"2022-08-09T21:00:21","guid":{"rendered":"https:\/\/radiorevelacionfm.cl\/?p=20276"},"modified":"2022-08-09T18:02:38","modified_gmt":"2022-08-09T21:02:38","slug":"marcia-raphael-valora-que-transporte-acogiera-solicitud-de-regularizar-suspension-de-viajes-por-reparacion-de-nave-de-ruta-cordillera","status":"publish","type":"post","link":"https:\/\/radiorevelacionfm.cl\/?p=20276","title":{"rendered":"Marcia Raphael valora que Transporte acogiera solicitud de regularizar suspensi\u00f3n de viajes por reparaci\u00f3n de nave Queulat de Ruta Cordillera"},"content":{"rendered":"<div class=\"flex_column av_one_full  flex_column_div av-zero-column-padding first  avia-builder-el-0  el_before_av_one_full  avia-builder-el-first  \" style='border-radius:0px; '><div  class='avia-image-container  av-styling-    avia-builder-el-1  avia-builder-el-no-sibling  avia-align-center '  itemprop=\"image\" itemscope=\"itemscope\" itemtype=\"https:\/\/schema.org\/ImageObject\"  ><div class='avia-image-container-inner'><div class='avia-image-overlay-wrap'><img decoding=\"async\" class='wp-image-20277 avia-img-lazy-loading-not-20277 avia_image' src=\"https:\/\/radiorevelacionfm.cl\/wp-content\/uploads\/2022\/08\/Barcaza-Queulat-1-1.jpg\" alt='' title='Barcaza Queulat (1) (1)' height=\"600\" width=\"956\"  itemprop=\"thumbnailUrl\" srcset=\"https:\/\/radiorevelacionfm.cl\/wp-content\/uploads\/2022\/08\/Barcaza-Queulat-1-1.jpg 956w, https:\/\/radiorevelacionfm.cl\/wp-content\/uploads\/2022\/08\/Barcaza-Queulat-1-1-300x188.jpg 300w, https:\/\/radiorevelacionfm.cl\/wp-content\/uploads\/2022\/08\/Barcaza-Queulat-1-1-768x482.jpg 768w, https:\/\/radiorevelacionfm.cl\/wp-content\/uploads\/2022\/08\/Barcaza-Queulat-1-1-705x442.jpg 705w, https:\/\/radiorevelacionfm.cl\/wp-content\/uploads\/2022\/08\/Barcaza-Queulat-1-1-600x377.jpg 600w\" sizes=\"(max-width: 956px) 100vw, 956px\" \/><\/div><\/div><\/div><\/div>\n<div class=\"flex_column av_one_full  flex_column_div av-zero-column-padding first  avia-builder-el-2  el_after_av_one_full  el_before_av_one_full  column-top-margin\" style='border-radius:0px; '><section class=\"av_textblock_section \"  itemscope=\"itemscope\" itemtype=\"https:\/\/schema.org\/BlogPosting\" itemprop=\"blogPost\" ><div class='avia_textblock  '   itemprop=\"text\" ><p style=\"text-align: center;\"><strong><span style=\"font-size: 18pt;\">Marcia Raphael valora que Transporte acogiera solicitud de regularizar suspensi\u00f3n de viajes por reparaci\u00f3n de nave Queulat de Ruta Cordillera<\/span><\/strong><\/p>\n<div id=\"gtx-trans\" style=\"position: absolute; left: -50px; top: 4.31534px;\">\n<div class=\"gtx-trans-icon\"><\/div>\n<\/div>\n<\/div><\/section><\/div><div class=\"flex_column av_one_full  flex_column_div av-zero-column-padding first  avia-builder-el-4  el_after_av_one_full  el_before_av_hr  column-top-margin\" style='border-radius:0px; '><section class=\"av_textblock_section \"  itemscope=\"itemscope\" itemtype=\"https:\/\/schema.org\/BlogPosting\" itemprop=\"blogPost\" ><div class='avia_textblock  '   itemprop=\"text\" ><p class=\"v1MsoNormal\" style=\"text-align: justify;\"><span lang=\"ES-CL\">La diputada Marcia Raphael\u00a0 intervino en la C\u00e1mara de Diputados con una aguda cr\u00edtica al Ministerio de Transportes y Telecomunicaciones, por la suspensi\u00f3n de los viajes de la nave Queulat, que se encuentra en mantenci\u00f3n preventiva.<\/span><\/p>\n<p class=\"v1MsoNormal\" style=\"text-align: justify;\"><span lang=\"ES-CL\">La embarcaci\u00f3n que cubre los tramos de la Ruta Cordillera, seg\u00fan la parlamentaria, no fue reemplazada por una nave \u00abalternativa\u00bb debido a la millonaria deuda que mantiene el Estado con Naviera Austral, que desde hace\u00a0 meses no cancela las mensualidades estipuladas en el contrato.<\/span><\/p>\n<p class=\"v1MsoNormal\" style=\"text-align: justify;\"><span lang=\"ES-CL\">\u00abAl no ser reemplazada por una embarcaci\u00f3n alternativa, Naviera Austral, decide que durante las pr\u00f3ximas semanas solo podr\u00e1 mantener la nave Jacaf, realizando en la semana un viaje por ruta Cordillera y un viaje por ruta Cisnes (normalmente son 2 viajes por cada ruta)\u00bb, denuncia la diputada Marcia Raphael.<\/span><\/p>\n<p class=\"v1MsoNormal\" style=\"text-align: justify;\"><span lang=\"ES-CL\">Para la parlamentaria, el problema de conectividad que enfrenta la Regi\u00f3n de Ays\u00e9n, es un desaf\u00edo para sus habitantes, que deben movilizarse de distintas maneras para recorrer grandes distancias, con lo cual, esta prolongada suspensi\u00f3n &#8211; desde el 7 al 21 de agosto- significa un impacto negativo, prolongado para ellos.<\/span><\/p>\n<p class=\"v1MsoNormal\" style=\"text-align: justify;\"><span lang=\"ES-CL\">\u00abA la falta reciente y prolongada de conectividad lacustre en el lago General Carrera, con barcazas en mal estado, falta de planificaci\u00f3n en su mantenci\u00f3n y reparaci\u00f3n; y la consecuente dificultad para quienes viven en la comuna de Chile Chico; ahora sumamos constantes inconvenientes en la conectividad mar\u00edtima, las variaciones que sufrir\u00e1 el servicio\u00a0 de Ruta Cordillera por la empresa Naviera Austral\u00bb, argument\u00f3 la diputada Raphael.<\/span><\/p>\n<p class=\"v1MsoNormal\" style=\"text-align: justify;\"><span lang=\"ES-CL\">\u00a0Por lo anterior,\u00a0 emplaz\u00f3 al Ministerio de Transportes para que explique las razones de la deuda sostenida con la empresa en cuesti\u00f3n, los montos, y a que se haga cargo del grave problema que provoca esta situaci\u00f3n a los habitantes de la zona extrema de Chile.<\/span><\/p>\n<p class=\"v1MsoNormal\" style=\"text-align: justify;\"><b><span lang=\"ES-CL\">REACCIONES<\/span><\/b><\/p>\n<p class=\"v1MsoNormal\" style=\"text-align: justify;\"><span lang=\"ES-CL\">Tras la denuncia de la diputada Marcia Raphael, las reacciones del Gobierno no se hicieron esperar. As\u00ed como fue el Subsecretario de Transportes, Crist\u00f3bal Pineda, se habr\u00eda comunicado para informarle que se buscar\u00e1n soluciones para resolver la problem\u00e1tica que enfrentan los Ayseninos.<\/span><\/p>\n<p class=\"v1MsoNormal\" style=\"text-align: justify;\"><span lang=\"ES-CL\">\u00abValoro que el subsecretario de Transporte se haya comunicado conmigo para informarme respecto de las medidas que se tomar\u00e1n frente a esto, donde me se\u00f1ala que la Contralor\u00eda hizo toma de raz\u00f3n del contrato que ese Ministerio tiene con Naviera Austral por lo que dentro de los pr\u00f3ximos 5 d\u00edas h\u00e1biles se va a pagar dicha deuda, lo que es una muy buena noticia \u00ab, respondi\u00f3 a su vez la diputada.<\/span><\/p>\n<p class=\"v1MsoNormal\" style=\"text-align: justify;\"><span lang=\"ES-CL\">\u00abAdem\u00e1s-continu\u00f3- la reparaci\u00f3n de la Queulat va a ser s\u00f3lo una semana, por lo tanto el s\u00e1bado ambas embarcaciones estar\u00edan realizando sus frecuencias normales. Yo espero que el gobierno cumpla con estos compromisos para que efectivamente podamos ver dentro de los pr\u00f3ximos d\u00edas las soluciones\u00bb.<\/span><\/p>\n<p class=\"v1MsoNormal\" style=\"text-align: justify;\"><span lang=\"ES-CL\">Finalmente, la parlamentaria aprovech\u00f3 la instancia para invitar al subsecretario a visitar la regi\u00f3n: \u00abAprovecho tambi\u00e9n para invitar al subsecretario a visitar la regi\u00f3n de Ays\u00e9n para que podamos ver los problemas de conectividad en terreno\u00bb.<\/span><\/p>\n<\/div><\/section><\/div><\/p>\n<div  style='height:50px' class='hr hr-invisible   avia-builder-el-6  el_after_av_one_full  el_before_av_social_share '><span class='hr-inner ' ><span class='hr-inner-style'><\/span><\/span><\/div>\n<div  class='av-social-sharing-box  avia-builder-el-7  el_after_av_hr  el_before_av_hr  '><div class='av-share-box'><h5 class='av-share-link-description av-no-toc '>Compartir esta noticia<\/h5><ul class='av-share-box-list noLightbox'><li class='av-share-link av-social-link-facebook' ><a target=\"_blank\" aria-label=\"Compartir en Facebook\" href='https:\/\/www.facebook.com\/sharer.php?u=https:\/\/radiorevelacionfm.cl\/?p=20276&#038;t=Marcia%20Raphael%20valora%20que%20Transporte%20acogiera%20solicitud%20de%20regularizar%20suspensi%C3%B3n%20de%20viajes%20por%20reparaci%C3%B3n%20de%20nave%20Queulat%20de%20Ruta%20Cordillera' aria-hidden='false' data-av_icon='\ue8f3' data-av_iconfont='entypo-fontello' title='' data-avia-related-tooltip='Compartir en Facebook' rel=\"noopener\"><span class='avia_hidden_link_text'>Compartir en Facebook<\/span><\/a><\/li><li class='av-share-link av-social-link-twitter' ><a target=\"_blank\" aria-label=\"Compartir en Twitter\" href='https:\/\/twitter.com\/share?text=Marcia%20Raphael%20valora%20que%20Transporte%20acogiera%20solicitud%20de%20regularizar%20suspensi%C3%B3n%20de%20viajes%20por%20reparaci%C3%B3n%20de%20nave%20Queulat%20de%20Ruta%20Cordillera&#038;url=https:\/\/radiorevelacionfm.cl\/?p=20276' aria-hidden='false' data-av_icon='\ue8f1' data-av_iconfont='entypo-fontello' title='' data-avia-related-tooltip='Compartir en Twitter' rel=\"noopener\"><span class='avia_hidden_link_text'>Compartir en Twitter<\/span><\/a><\/li><li class='av-share-link av-social-link-whatsapp' ><a target=\"_blank\" aria-label=\"Compartir en Whatsapp\" href='https:\/\/api.whatsapp.com\/send?text=https:\/\/radiorevelacionfm.cl\/?p=20276' aria-hidden='false' data-av_icon='\uf232' data-av_iconfont='entypo-fontello' title='' data-avia-related-tooltip='Compartir en Whatsapp' rel=\"noopener\"><span class='avia_hidden_link_text'>Compartir en Whatsapp<\/span><\/a><\/li><li class='av-share-link av-social-link-linkedin' ><a target=\"_blank\" aria-label=\"Compartir en LinkedIn\" href='https:\/\/linkedin.com\/shareArticle?mini=true&#038;title=Marcia%20Raphael%20valora%20que%20Transporte%20acogiera%20solicitud%20de%20regularizar%20suspensi%C3%B3n%20de%20viajes%20por%20reparaci%C3%B3n%20de%20nave%20Queulat%20de%20Ruta%20Cordillera&#038;url=https:\/\/radiorevelacionfm.cl\/?p=20276' aria-hidden='false' data-av_icon='\ue8fc' data-av_iconfont='entypo-fontello' title='' data-avia-related-tooltip='Compartir en LinkedIn' rel=\"noopener\"><span class='avia_hidden_link_text'>Compartir en LinkedIn<\/span><\/a><\/li><li class='av-share-link av-social-link-mail' ><a  aria-label=\"Compartir por correo\" href='mailto:?subject=Marcia%20Raphael%20valora%20que%20Transporte%20acogiera%20solicitud%20de%20regularizar%20suspensi%C3%B3n%20de%20viajes%20por%20reparaci%C3%B3n%20de%20nave%20Queulat%20de%20Ruta%20Cordillera&#038;body=https:\/\/radiorevelacionfm.cl\/?p=20276' aria-hidden='false' data-av_icon='\ue805' data-av_iconfont='entypo-fontello' title='' data-avia-related-tooltip='Compartir por correo'><span class='avia_hidden_link_text'>Compartir por correo<\/span><\/a><\/li><\/ul><\/div><\/div>\n<div  style='height:50px' class='hr hr-invisible   avia-builder-el-8  el_after_av_social_share  el_before_av_comments_list '><span class='hr-inner ' ><span class='hr-inner-style'><\/span><\/span><\/div>\n<div  class='av-buildercomment  av-blog-meta-html-info-disabled av-blog-meta-tag-disabled  '><\/div>\n","protected":false},"excerpt":{"rendered":"","protected":false},"author":1,"featured_media":20277,"comment_status":"open","ping_status":"open","sticky":false,"template":"","format":"standard","meta":{"footnotes":""},"categories":[35],"tags":[],"class_list":["post-20276","post","type-post","status-publish","format-standard","has-post-thumbnail","hentry","category-politica"],"jetpack_featured_media_url":"https:\/\/radiorevelacionfm.cl\/wp-content\/uploads\/2022\/08\/Barcaza-Queulat-1-1.jpg","_links":{"self":[{"href":"https:\/\/radiorevelacionfm.cl\/index.php?rest_route=\/wp\/v2\/posts\/20276","targetHints":{"allow":["GET"]}}],"collection":[{"href":"https:\/\/radiorevelacionfm.cl\/index.php?rest_route=\/wp\/v2\/posts"}],"about":[{"href":"https:\/\/radiorevelacionfm.cl\/index.php?rest_route=\/wp\/v2\/types\/post"}],"author":[{"embeddable":true,"href":"https:\/\/radiorevelacionfm.cl\/index.php?rest_route=\/wp\/v2\/users\/1"}],"replies":[{"embeddable":true,"href":"https:\/\/radiorevelacionfm.cl\/index.php?rest_route=%2Fwp%2Fv2%2Fcomments&post=20276"}],"version-history":[{"count":3,"href":"https:\/\/radiorevelacionfm.cl\/index.php?rest_route=\/wp\/v2\/posts\/20276\/revisions"}],"predecessor-version":[{"id":20282,"href":"https:\/\/radiorevelacionfm.cl\/index.php?rest_route=\/wp\/v2\/posts\/20276\/revisions\/20282"}],"wp:featuredmedia":[{"embeddable":true,"href":"https:\/\/radiorevelacionfm.cl\/index.php?rest_route=\/wp\/v2\/media\/20277"}],"wp:attachment":[{"href":"https:\/\/radiorevelacionfm.cl\/index.php?rest_route=%2Fwp%2Fv2%2Fmedia&parent=20276"}],"wp:term":[{"taxonomy":"category","embeddable":true,"href":"https:\/\/radiorevelacionfm.cl\/index.php?rest_route=%2Fwp%2Fv2%2Fcategories&post=20276"},{"taxonomy":"post_tag","embeddable":true,"href":"https:\/\/radiorevelacionfm.cl\/index.php?rest_route=%2Fwp%2Fv2%2Ftags&post=20276"}],"curies":[{"name":"wp","href":"https:\/\/api.w.org\/{rel}","templated":true}]}}