{"id":20272,"date":"2022-08-09T17:17:27","date_gmt":"2022-08-09T20:17:27","guid":{"rendered":"https:\/\/radiorevelacionfm.cl\/?p=20272"},"modified":"2022-08-09T17:17:27","modified_gmt":"2022-08-09T20:17:27","slug":"44-familias-coyhaiquinas-son-beneficiadas-con-primer-programa-de-habitabilidad-indigena","status":"publish","type":"post","link":"https:\/\/radiorevelacionfm.cl\/?p=20272","title":{"rendered":"44 familias Coyhaiquinas son beneficiadas con primer programa de habitabilidad ind\u00edgena"},"content":{"rendered":"<div class=\"flex_column av_one_full  flex_column_div av-zero-column-padding first  avia-builder-el-0  el_before_av_one_full  avia-builder-el-first  \" style='border-radius:0px; '><div  class='avia-image-container  av-styling-    avia-builder-el-1  avia-builder-el-no-sibling  avia-align-center '  itemprop=\"image\" itemscope=\"itemscope\" itemtype=\"https:\/\/schema.org\/ImageObject\"  ><div class='avia-image-container-inner'><div class='avia-image-overlay-wrap'><img decoding=\"async\" class='wp-image-20273 avia-img-lazy-loading-not-20273 avia_image' src=\"https:\/\/radiorevelacionfm.cl\/wp-content\/uploads\/2022\/08\/9-5-1-1_optimized-1.jpeg\" alt='' title='9-(5)-(1)-(1)_optimized (1)' height=\"600\" width=\"1151\"  itemprop=\"thumbnailUrl\" srcset=\"https:\/\/radiorevelacionfm.cl\/wp-content\/uploads\/2022\/08\/9-5-1-1_optimized-1.jpeg 1151w, https:\/\/radiorevelacionfm.cl\/wp-content\/uploads\/2022\/08\/9-5-1-1_optimized-1-300x156.jpeg 300w, https:\/\/radiorevelacionfm.cl\/wp-content\/uploads\/2022\/08\/9-5-1-1_optimized-1-1030x537.jpeg 1030w, https:\/\/radiorevelacionfm.cl\/wp-content\/uploads\/2022\/08\/9-5-1-1_optimized-1-768x400.jpeg 768w, https:\/\/radiorevelacionfm.cl\/wp-content\/uploads\/2022\/08\/9-5-1-1_optimized-1-705x368.jpeg 705w, https:\/\/radiorevelacionfm.cl\/wp-content\/uploads\/2022\/08\/9-5-1-1_optimized-1-600x313.jpeg 600w\" sizes=\"(max-width: 1151px) 100vw, 1151px\" \/><\/div><\/div><\/div><\/div><div class=\"flex_column av_one_full  flex_column_div av-zero-column-padding first  avia-builder-el-2  el_after_av_one_full  el_before_av_one_full  column-top-margin\" style='border-radius:0px; '><section class=\"av_textblock_section \"  itemscope=\"itemscope\" itemtype=\"https:\/\/schema.org\/BlogPosting\" itemprop=\"blogPost\" ><div class='avia_textblock  '   itemprop=\"text\" ><p style=\"text-align: center;\"><strong><span style=\"font-size: 18pt;\">44 familias Coyhaiquinas son beneficiadas con primer programa de habitabilidad ind\u00edgena<\/span><\/strong><\/p>\n<div id=\"gtx-trans\" style=\"position: absolute; left: -50px; top: 4.31534px;\">\n<div class=\"gtx-trans-icon\"><\/div>\n<\/div>\n<\/div><\/section><\/div><div class=\"flex_column av_one_full  flex_column_div av-zero-column-padding first  avia-builder-el-4  el_after_av_one_full  el_before_av_hr  column-top-margin\" style='border-radius:0px; '><section class=\"av_textblock_section \"  itemscope=\"itemscope\" itemtype=\"https:\/\/schema.org\/BlogPosting\" itemprop=\"blogPost\" ><div class='avia_textblock  '   itemprop=\"text\" ><p style=\"text-align: justify;\">Lanzado reci\u00e9n a mediados de junio de manera piloto en la Regi\u00f3n de Ays\u00e9n el \u201cConcurso p\u00fablico de mejoramiento de las condiciones de habitabilidad para personas ind\u00edgenas de zonas urbanas de Coyhaique\u201d cont\u00f3 con 320 postulantes, 44 de los cuales ser\u00e1n beneficiarios y podr\u00e1n a trav\u00e9s de un\u00a0 monto m\u00e1ximo de $2 millones 500 mil financiar mejoramiento de infraestructura, equipamiento b\u00e1sico e incluso ayudas t\u00e9cnicas\u00a0 para aquellas personas que cuenten con acreditaci\u00f3n de discapacidad.<\/p>\n<p style=\"text-align: justify;\">Heberto Lep\u00edo Manquemilla, uno de los 44 beneficiarios que podr\u00e1n mejorar las condiciones f\u00edsicas en las cuales viven y se desenvuelven sus familias, enfatiz\u00f3 que \u201cpara nosotros ha sido un orgullo muy especial haber sido seleccionados entre las familias que ganaron aqu\u00ed en Coyhaique, un nuevo esfuerzo que est\u00e1 haciendo el gobierno para apoyarnos. Se vio que la gente estaba muy contenta y emocionada porque $2.500.000 para comprar cosas que uno necesita en su casa no es posible para todos, en mi caso yo tengo un ni\u00f1o con discapacidad al cual le voy a poder comprar una silla de ruedas y un sitting para el transporte. Siempre se dice que Coyhaique somos desconocidos, pero viendo este diploma parece ser otra realidad as\u00ed que estoy muy orgulloso\u201d.<\/p>\n<p style=\"text-align: justify;\">Durante la ceremonia, Karina Acevedo Auad, SEREMI de Desarrollo Social y Familia, explic\u00f3 que \u201chabitabilidad\u201d es un programa muy demandado por las familias vulnerables del territorio, permitiendo mejorar condiciones estructurales o acceder incluso a ayudas t\u00e9cnicas sin necesidad de cambiar la casa. \u201cA trav\u00e9s de la CONADI se ejecuta este programa piloto en la Regi\u00f3n de Ays\u00e9n, un programa que se dise\u00f1a a partir de las necesidades de nuestro territorio y las familias con las cuales trabajamos. Este tipo de iniciativas nace de lo que nos ha encomendado el presidente Gabriel Boric desde el primer d\u00eda: hacernos part\u00edcipes de los territorios, recoger las necesidades de nuestras comunidades y generar soluciones, pol\u00edticas p\u00fablicas, acordes a nuestra realidad. Esperamos que lo que hoy es un piloto se instale como una pol\u00edtica permanente\u201d.<\/p>\n<p style=\"text-align: justify;\">El programa que inyectar\u00e1 cerca de $100 millones a la econom\u00eda regional, permitir\u00e1 que estos 44 beneficiarios puedan generar mejores condiciones en sus viviendas y en su calidad de vida, todo a trav\u00e9s de una iniciativa que se lanz\u00f3 por primera vez y de manera piloto en el mes de junio en la Regi\u00f3n de Ays\u00e9n y que se espera se pueda no s\u00f3lo repetir en los pr\u00f3ximos a\u00f1os sino que ampliar a otras partes del territorio aisenino.<\/p>\n<\/div><\/section><\/div><div  style='height:50px' class='hr hr-invisible   avia-builder-el-6  el_after_av_one_full  el_before_av_social_share '><span class='hr-inner ' ><span class='hr-inner-style'><\/span><\/span><\/div><\/p>\n<div  class='av-social-sharing-box  avia-builder-el-7  el_after_av_hr  el_before_av_hr  '><div class='av-share-box'><h5 class='av-share-link-description av-no-toc '>Compartir esta noticia<\/h5><ul class='av-share-box-list noLightbox'><li class='av-share-link av-social-link-facebook' ><a target=\"_blank\" aria-label=\"Compartir en Facebook\" href='https:\/\/www.facebook.com\/sharer.php?u=https:\/\/radiorevelacionfm.cl\/?p=20272&#038;t=44%20familias%20Coyhaiquinas%20son%20beneficiadas%20con%20primer%20programa%20de%20habitabilidad%20ind%C3%ADgena' aria-hidden='false' data-av_icon='\ue8f3' data-av_iconfont='entypo-fontello' title='' data-avia-related-tooltip='Compartir en Facebook' rel=\"noopener\"><span class='avia_hidden_link_text'>Compartir en Facebook<\/span><\/a><\/li><li class='av-share-link av-social-link-twitter' ><a target=\"_blank\" aria-label=\"Compartir en Twitter\" href='https:\/\/twitter.com\/share?text=44%20familias%20Coyhaiquinas%20son%20beneficiadas%20con%20primer%20programa%20de%20habitabilidad%20ind%C3%ADgena&#038;url=https:\/\/radiorevelacionfm.cl\/?p=20272' aria-hidden='false' data-av_icon='\ue8f1' data-av_iconfont='entypo-fontello' title='' data-avia-related-tooltip='Compartir en Twitter' rel=\"noopener\"><span class='avia_hidden_link_text'>Compartir en Twitter<\/span><\/a><\/li><li class='av-share-link av-social-link-whatsapp' ><a target=\"_blank\" aria-label=\"Compartir en Whatsapp\" href='https:\/\/api.whatsapp.com\/send?text=https:\/\/radiorevelacionfm.cl\/?p=20272' aria-hidden='false' data-av_icon='\uf232' data-av_iconfont='entypo-fontello' title='' data-avia-related-tooltip='Compartir en Whatsapp' rel=\"noopener\"><span class='avia_hidden_link_text'>Compartir en Whatsapp<\/span><\/a><\/li><li class='av-share-link av-social-link-linkedin' ><a target=\"_blank\" aria-label=\"Compartir en LinkedIn\" href='https:\/\/linkedin.com\/shareArticle?mini=true&#038;title=44%20familias%20Coyhaiquinas%20son%20beneficiadas%20con%20primer%20programa%20de%20habitabilidad%20ind%C3%ADgena&#038;url=https:\/\/radiorevelacionfm.cl\/?p=20272' aria-hidden='false' data-av_icon='\ue8fc' data-av_iconfont='entypo-fontello' title='' data-avia-related-tooltip='Compartir en LinkedIn' rel=\"noopener\"><span class='avia_hidden_link_text'>Compartir en LinkedIn<\/span><\/a><\/li><li class='av-share-link av-social-link-mail' ><a  aria-label=\"Compartir por correo\" href='mailto:?subject=44%20familias%20Coyhaiquinas%20son%20beneficiadas%20con%20primer%20programa%20de%20habitabilidad%20ind%C3%ADgena&#038;body=https:\/\/radiorevelacionfm.cl\/?p=20272' aria-hidden='false' data-av_icon='\ue805' data-av_iconfont='entypo-fontello' title='' data-avia-related-tooltip='Compartir por correo'><span class='avia_hidden_link_text'>Compartir por correo<\/span><\/a><\/li><\/ul><\/div><\/div>\n<div  style='height:50px' class='hr hr-invisible   avia-builder-el-8  el_after_av_social_share  el_before_av_comments_list '><span class='hr-inner ' ><span class='hr-inner-style'><\/span><\/span><\/div>\n<div  class='av-buildercomment  av-blog-meta-html-info-disabled av-blog-meta-tag-disabled  '><\/div>\n","protected":false},"excerpt":{"rendered":"","protected":false},"author":1,"featured_media":20273,"comment_status":"open","ping_status":"open","sticky":false,"template":"","format":"standard","meta":{"footnotes":""},"categories":[57],"tags":[],"class_list":["post-20272","post","type-post","status-publish","format-standard","has-post-thumbnail","hentry","category-vivienda"],"jetpack_featured_media_url":"https:\/\/radiorevelacionfm.cl\/wp-content\/uploads\/2022\/08\/9-5-1-1_optimized-1.jpeg","_links":{"self":[{"href":"https:\/\/radiorevelacionfm.cl\/index.php?rest_route=\/wp\/v2\/posts\/20272","targetHints":{"allow":["GET"]}}],"collection":[{"href":"https:\/\/radiorevelacionfm.cl\/index.php?rest_route=\/wp\/v2\/posts"}],"about":[{"href":"https:\/\/radiorevelacionfm.cl\/index.php?rest_route=\/wp\/v2\/types\/post"}],"author":[{"embeddable":true,"href":"https:\/\/radiorevelacionfm.cl\/index.php?rest_route=\/wp\/v2\/users\/1"}],"replies":[{"embeddable":true,"href":"https:\/\/radiorevelacionfm.cl\/index.php?rest_route=%2Fwp%2Fv2%2Fcomments&post=20272"}],"version-history":[{"count":2,"href":"https:\/\/radiorevelacionfm.cl\/index.php?rest_route=\/wp\/v2\/posts\/20272\/revisions"}],"predecessor-version":[{"id":20275,"href":"https:\/\/radiorevelacionfm.cl\/index.php?rest_route=\/wp\/v2\/posts\/20272\/revisions\/20275"}],"wp:featuredmedia":[{"embeddable":true,"href":"https:\/\/radiorevelacionfm.cl\/index.php?rest_route=\/wp\/v2\/media\/20273"}],"wp:attachment":[{"href":"https:\/\/radiorevelacionfm.cl\/index.php?rest_route=%2Fwp%2Fv2%2Fmedia&parent=20272"}],"wp:term":[{"taxonomy":"category","embeddable":true,"href":"https:\/\/radiorevelacionfm.cl\/index.php?rest_route=%2Fwp%2Fv2%2Fcategories&post=20272"},{"taxonomy":"post_tag","embeddable":true,"href":"https:\/\/radiorevelacionfm.cl\/index.php?rest_route=%2Fwp%2Fv2%2Ftags&post=20272"}],"curies":[{"name":"wp","href":"https:\/\/api.w.org\/{rel}","templated":true}]}}