{"id":2027,"date":"2021-01-22T18:14:26","date_gmt":"2021-01-22T21:14:26","guid":{"rendered":"https:\/\/radiorevelacionfm.cl\/?p=2027"},"modified":"2021-01-22T18:14:26","modified_gmt":"2021-01-22T21:14:26","slug":"trabajadores-portuarios-de-chacabuco-se-someten-a-examen-de-pcr","status":"publish","type":"post","link":"https:\/\/radiorevelacionfm.cl\/?p=2027","title":{"rendered":"Trabajadores portuarios de Chacabuco se someten a examen de PCR"},"content":{"rendered":"<div class=\"flex_column av_one_full  flex_column_div av-zero-column-padding first  avia-builder-el-0  el_before_av_one_full  avia-builder-el-first  \" style='border-radius:0px; '><div  class='avia-image-container  av-styling-    avia-builder-el-1  avia-builder-el-no-sibling  avia-align-center '  itemprop=\"image\" itemscope=\"itemscope\" itemtype=\"https:\/\/schema.org\/ImageObject\"  ><div class='avia-image-container-inner'><div class='avia-image-overlay-wrap'><img decoding=\"async\" class='wp-image-0 avia-img-lazy-loading-not-0 avia_image' src=\"https:\/\/radiorevelacionfm.cl\/wp-content\/uploads\/2021\/01\/Portuarios_PCR-2_Dif-1.jpg\" alt='' title=''   itemprop=\"thumbnailUrl\"  \/><\/div><\/div><\/div><\/div><div class=\"flex_column av_one_full  flex_column_div av-zero-column-padding first  avia-builder-el-2  el_after_av_one_full  el_before_av_one_full  column-top-margin\" style='border-radius:0px; '><section class=\"av_textblock_section \"  itemscope=\"itemscope\" itemtype=\"https:\/\/schema.org\/BlogPosting\" itemprop=\"blogPost\" ><div class='avia_textblock  '   itemprop=\"text\" ><p style=\"text-align: center;\"><span style=\"font-size: 18pt;\"><strong>Trabajadores portuarios de Chacabuco se someten a examen de PCR<\/strong><\/span><\/p>\n<div id=\"gtx-trans\" style=\"position: absolute; left: -50px; top: 4.31534px;\">\n<div class=\"gtx-trans-icon\"><\/div>\n<\/div>\n<\/div><\/section><\/div><div class=\"flex_column av_one_full  flex_column_div av-zero-column-padding first  avia-builder-el-4  el_after_av_one_full  el_before_av_hr  column-top-margin\" style='border-radius:0px; '><section class=\"av_textblock_section \"  itemscope=\"itemscope\" itemtype=\"https:\/\/schema.org\/BlogPosting\" itemprop=\"blogPost\" ><div class='avia_textblock  '   itemprop=\"text\" ><p style=\"text-align: justify;\">A trav\u00e9s de la Estrategia de B\u00fasqueda Activa, se coordinaron diversas instituciones para esta toma de ex\u00e1menes en Puerto Chacabuco.<\/p>\n<p style=\"text-align: justify;\">En Puerto Chacabuco se realizaron esta semana tomas de PCR a 20 trabajadores\/as portuarios, iniciativa coordinada en el contexto de la Estrategia de B\u00fasqueda Activa, por la Seremi del Trabajo y Previsi\u00f3n Social, Seremi de Salud, Servicio de Salud, sindicato de Estibadores y la empresa Ultraport, localidad que en estos momentos se encuentra en Paso 1, Cuarentena.<\/p>\n<p style=\"text-align: justify;\">As\u00ed lo detall\u00f3 Andrea Ponce, Seremi del Trabajo y Previsi\u00f3n Social, \u201cEn conversaciones con el Sindicato de Estibadores se lleg\u00f3 a la conclusi\u00f3n de la necesidad que se tomar\u00e1n muestras de PCR en el lugar de trabajo. Ellos son trabajadores expuestos al contacto con personas de otras localidades y regiones producto de la carga y descarga que realizan de las embarcaciones que traen mercader\u00eda a nuestra regi\u00f3n. Agradecemos a la Seremi de Salud y al Servicio de Salud y sus funcionarios por la disposici\u00f3n y el logro de estas muestras, que permitir\u00e1n que ellos puedan trabajar de manera m\u00e1s tranquila\u201d.<\/p>\n<p style=\"text-align: justify;\">Una de las empresas que junto a sus trabajadores han estado constantemente consultando sobre los protocolos sanitarios en lugares de trabajo ha sido Ultraport. El gerente de Puerto Chacabuco, Sergio Abarza, mencion\u00f3 sobre esta gesti\u00f3n solicitada, \u201cEn el contexto de la crisis sanitaria, hemos extremado las medidas para la prevenci\u00f3n de contagios en nuestro puerto, incluyendo la entrega de elementos de protecci\u00f3n, toma de Test R\u00e1pidos y una permanente trazabilidad en cada uno de nuestros turnos. A estas medidas se suma la iniciativa p\u00fablico-privada realizada en esta oportunidad con las autoridades laborales de la zona, en la que pudimos realizar 20 PCR a nuestros colaboradores. Agradecemos enormemente esta instancia que nos permite entregar un ambiente protegido y seguro a quienes trabajan en el puerto y demostrar nuestro compromiso con las normas sanitarias\u201d.<\/p>\n<p style=\"text-align: justify;\">Por \u00faltimo, la Seremi Andrea Ponce reforz\u00f3 la obligaci\u00f3n de los empleadores, \u201caprovechamos la oportunidad de se\u00f1alar a todos los trabajadores y trabajadoras que sientan y vean que no se les est\u00e1n entregando todo los implementos de protecci\u00f3n personal para combatir el Covid 19: mascarillas, productos para el lavado de manos o alcohol gel, que no se est\u00e1n generando las separaciones, que no se est\u00e1n respetando los aforos en sus lugares de trabajo, poner las denuncias en las Inspecciones del Trabajo para que nosotros podamos realizar la fiscalizaciones que nos correspondan en materia laboral y generar las sanciones a los empleadores en el caso de corresponder\u201d, concluy\u00f3.<\/p>\n<p style=\"text-align: justify;\">Las medidas de protecci\u00f3n para disminuir los riesgos de contagio en los lugares de trabajo, est\u00e1n contenidas en el Plan Paso a Paso Laboral y en el Formulario \u00danico de Fiscalizaci\u00f3n, el que debe ser conocido tanto por empleadores\/as como por trabajadores\/as, se puede revisar y descargar en el sitio web en <a href=\"http:\/\/www.pasoapasolaboral.cl\">www.pasoapasolaboral.cl<\/a>.<\/p>\n<\/div><\/section><\/div><div  style='height:50px' class='hr hr-invisible   avia-builder-el-6  el_after_av_one_full  el_before_av_social_share '><span class='hr-inner ' ><span class='hr-inner-style'><\/span><\/span><\/div><\/p>\n<div  class='av-social-sharing-box  avia-builder-el-7  el_after_av_hr  el_before_av_hr  '><div class='av-share-box'><h5 class='av-share-link-description av-no-toc '>Compartir esta noticia<\/h5><ul class='av-share-box-list noLightbox'><li class='av-share-link av-social-link-facebook' ><a target=\"_blank\" aria-label=\"Compartir en Facebook\" href='https:\/\/www.facebook.com\/sharer.php?u=https:\/\/radiorevelacionfm.cl\/?p=2027&#038;t=Trabajadores%20portuarios%20de%20Chacabuco%20se%20someten%20a%20examen%20de%20PCR' aria-hidden='false' data-av_icon='\ue8f3' data-av_iconfont='entypo-fontello' title='' data-avia-related-tooltip='Compartir en Facebook' rel=\"noopener\"><span class='avia_hidden_link_text'>Compartir en Facebook<\/span><\/a><\/li><li class='av-share-link av-social-link-twitter' ><a target=\"_blank\" aria-label=\"Compartir en Twitter\" href='https:\/\/twitter.com\/share?text=Trabajadores%20portuarios%20de%20Chacabuco%20se%20someten%20a%20examen%20de%20PCR&#038;url=https:\/\/radiorevelacionfm.cl\/?p=2027' aria-hidden='false' data-av_icon='\ue8f1' data-av_iconfont='entypo-fontello' title='' data-avia-related-tooltip='Compartir en Twitter' rel=\"noopener\"><span class='avia_hidden_link_text'>Compartir en Twitter<\/span><\/a><\/li><li class='av-share-link av-social-link-whatsapp' ><a target=\"_blank\" aria-label=\"Compartir en Whatsapp\" href='https:\/\/api.whatsapp.com\/send?text=https:\/\/radiorevelacionfm.cl\/?p=2027' aria-hidden='false' data-av_icon='\uf232' data-av_iconfont='entypo-fontello' title='' data-avia-related-tooltip='Compartir en Whatsapp' rel=\"noopener\"><span class='avia_hidden_link_text'>Compartir en Whatsapp<\/span><\/a><\/li><li class='av-share-link av-social-link-linkedin' ><a target=\"_blank\" aria-label=\"Compartir en LinkedIn\" href='https:\/\/linkedin.com\/shareArticle?mini=true&#038;title=Trabajadores%20portuarios%20de%20Chacabuco%20se%20someten%20a%20examen%20de%20PCR&#038;url=https:\/\/radiorevelacionfm.cl\/?p=2027' aria-hidden='false' data-av_icon='\ue8fc' data-av_iconfont='entypo-fontello' title='' data-avia-related-tooltip='Compartir en LinkedIn' rel=\"noopener\"><span class='avia_hidden_link_text'>Compartir en LinkedIn<\/span><\/a><\/li><li class='av-share-link av-social-link-mail' ><a  aria-label=\"Compartir por correo\" href='mailto:?subject=Trabajadores%20portuarios%20de%20Chacabuco%20se%20someten%20a%20examen%20de%20PCR&#038;body=https:\/\/radiorevelacionfm.cl\/?p=2027' aria-hidden='false' data-av_icon='\ue805' data-av_iconfont='entypo-fontello' title='' data-avia-related-tooltip='Compartir por correo'><span class='avia_hidden_link_text'>Compartir por correo<\/span><\/a><\/li><\/ul><\/div><\/div>\n<div  style='height:50px' class='hr hr-invisible   avia-builder-el-8  el_after_av_social_share  el_before_av_comments_list '><span class='hr-inner ' ><span class='hr-inner-style'><\/span><\/span><\/div>\n<div  class='av-buildercomment  av-blog-meta-html-info-disabled av-blog-meta-tag-disabled  '><\/div>\n","protected":false},"excerpt":{"rendered":"","protected":false},"author":1,"featured_media":0,"comment_status":"open","ping_status":"open","sticky":false,"template":"","format":"standard","meta":{"footnotes":""},"categories":[38],"tags":[],"class_list":["post-2027","post","type-post","status-publish","format-standard","hentry","category-regional"],"jetpack_featured_media_url":"","_links":{"self":[{"href":"https:\/\/radiorevelacionfm.cl\/index.php?rest_route=\/wp\/v2\/posts\/2027","targetHints":{"allow":["GET"]}}],"collection":[{"href":"https:\/\/radiorevelacionfm.cl\/index.php?rest_route=\/wp\/v2\/posts"}],"about":[{"href":"https:\/\/radiorevelacionfm.cl\/index.php?rest_route=\/wp\/v2\/types\/post"}],"author":[{"embeddable":true,"href":"https:\/\/radiorevelacionfm.cl\/index.php?rest_route=\/wp\/v2\/users\/1"}],"replies":[{"embeddable":true,"href":"https:\/\/radiorevelacionfm.cl\/index.php?rest_route=%2Fwp%2Fv2%2Fcomments&post=2027"}],"version-history":[{"count":1,"href":"https:\/\/radiorevelacionfm.cl\/index.php?rest_route=\/wp\/v2\/posts\/2027\/revisions"}],"predecessor-version":[{"id":2029,"href":"https:\/\/radiorevelacionfm.cl\/index.php?rest_route=\/wp\/v2\/posts\/2027\/revisions\/2029"}],"wp:attachment":[{"href":"https:\/\/radiorevelacionfm.cl\/index.php?rest_route=%2Fwp%2Fv2%2Fmedia&parent=2027"}],"wp:term":[{"taxonomy":"category","embeddable":true,"href":"https:\/\/radiorevelacionfm.cl\/index.php?rest_route=%2Fwp%2Fv2%2Fcategories&post=2027"},{"taxonomy":"post_tag","embeddable":true,"href":"https:\/\/radiorevelacionfm.cl\/index.php?rest_route=%2Fwp%2Fv2%2Ftags&post=2027"}],"curies":[{"name":"wp","href":"https:\/\/api.w.org\/{rel}","templated":true}]}}