{"id":20269,"date":"2022-08-09T16:04:35","date_gmt":"2022-08-09T19:04:35","guid":{"rendered":"https:\/\/radiorevelacionfm.cl\/?p=20269"},"modified":"2022-08-09T16:04:35","modified_gmt":"2022-08-09T19:04:35","slug":"reiteran-llamado-a-dirigentas-sociales-y-politicas-a-inscribirse-en-actividades-de-sensibilizacion-de-sernameg","status":"publish","type":"post","link":"https:\/\/radiorevelacionfm.cl\/?p=20269","title":{"rendered":"Reiteran llamado a dirigentas sociales y pol\u00edticas a inscribirse en actividades de sensibilizaci\u00f3n de SernamEG"},"content":{"rendered":"<div class=\"flex_column av_one_full  flex_column_div av-zero-column-padding first  avia-builder-el-0  el_before_av_one_full  avia-builder-el-first  \" style='border-radius:0px; '><div  class='avia-image-container  av-styling-    avia-builder-el-1  avia-builder-el-no-sibling  avia-align-center '  itemprop=\"image\" itemscope=\"itemscope\" itemtype=\"https:\/\/schema.org\/ImageObject\"  ><div class='avia-image-container-inner'><div class='avia-image-overlay-wrap'><img decoding=\"async\" class='wp-image-18222 avia-img-lazy-loading-not-18222 avia_image' src=\"https:\/\/radiorevelacionfm.cl\/wp-content\/uploads\/2022\/06\/SernamEG-querella-FF-2-1-1.jpg\" alt='' title='SernamEG querella FF (2) (1) (1)' height=\"600\" width=\"901\"  itemprop=\"thumbnailUrl\" srcset=\"https:\/\/radiorevelacionfm.cl\/wp-content\/uploads\/2022\/06\/SernamEG-querella-FF-2-1-1.jpg 901w, https:\/\/radiorevelacionfm.cl\/wp-content\/uploads\/2022\/06\/SernamEG-querella-FF-2-1-1-300x200.jpg 300w, https:\/\/radiorevelacionfm.cl\/wp-content\/uploads\/2022\/06\/SernamEG-querella-FF-2-1-1-768x511.jpg 768w, https:\/\/radiorevelacionfm.cl\/wp-content\/uploads\/2022\/06\/SernamEG-querella-FF-2-1-1-705x469.jpg 705w, https:\/\/radiorevelacionfm.cl\/wp-content\/uploads\/2022\/06\/SernamEG-querella-FF-2-1-1-600x400.jpg 600w\" sizes=\"(max-width: 901px) 100vw, 901px\" \/><\/div><\/div><\/div><\/div><div class=\"flex_column av_one_full  flex_column_div av-zero-column-padding first  avia-builder-el-2  el_after_av_one_full  el_before_av_one_full  column-top-margin\" style='border-radius:0px; '><section class=\"av_textblock_section \"  itemscope=\"itemscope\" itemtype=\"https:\/\/schema.org\/BlogPosting\" itemprop=\"blogPost\" ><div class='avia_textblock  '   itemprop=\"text\" ><p style=\"text-align: center;\"><strong><span style=\"font-size: 18pt;\">Reiteran llamado a dirigentas sociales y pol\u00edticas a inscribirse en actividades de sensibilizaci\u00f3n de SernamEG <\/span><\/strong><\/p>\n<div id=\"gtx-trans\" style=\"position: absolute; left: -50px; top: 4.31534px;\">\n<div class=\"gtx-trans-icon\"><\/div>\n<\/div>\n<\/div><\/section><\/div><div class=\"flex_column av_one_full  flex_column_div av-zero-column-padding first  avia-builder-el-4  el_after_av_one_full  el_before_av_hr  column-top-margin\" style='border-radius:0px; '><section class=\"av_textblock_section \"  itemscope=\"itemscope\" itemtype=\"https:\/\/schema.org\/BlogPosting\" itemprop=\"blogPost\" ><div class='avia_textblock  '   itemprop=\"text\" ><p style=\"font-weight: 400; text-align: justify;\">Este mi\u00e9rcoles 10 de agosto en Coyhaique, se inician los talleres presenciales del programa Mujer y Participaci\u00f3n Pol\u00edtica del Servicio Nacional de la Mujer y la Equidad de G\u00e9nero, SernamEG. Las tambi\u00e9n denominadas actividades de sensibilizaci\u00f3n, dirigidas a mujeres mayores de 18 a\u00f1os, tienen como prop\u00f3sito desarrollar liderazgos y reforzar las habilidades de sus participantes cuando intervienen en la toma de decisiones sociales y pol\u00edticas; promoviendo as\u00ed su autonom\u00eda y mayor nivel de empoderamiento.<\/p>\n<p style=\"font-weight: 400; text-align: justify;\">En el marco del proceso de adaptaci\u00f3n de los modelos program\u00e1ticos del SernamEG, producto de los desaf\u00edos que implica el manejo del COVID \u2013 19, los talleres se ejecutar\u00e1n en formato h\u00edbrido; es decir, presenciales y remotos. Este a\u00f1o, la ejecuci\u00f3n est\u00e1 a cargo de la ONG Centro del Desarrollo de la Mujer DOMOS, la que tiene una vasta trayectoria en la promoci\u00f3n de los derechos de las mujeres.<\/p>\n<p style=\"font-weight: 400; text-align: justify;\">La Directora Regional (S) de SernamEG, Carla Arriagada Malague\u00f1o, invit\u00f3 a inscribirse y participar en las actividades de sensibilizaci\u00f3n. \u201cNuestro primer taller presencial se centra en la participaci\u00f3n de las mujeres y sus liderazgos en \u00e1reas, oficios y carreras no tradicionales, por ello invitamos a las dirigentas sociales, estudiantiles y pol\u00edticas a que asistan, porque son espacios de formaci\u00f3n y de di\u00e1logo. Com\u00fanmente se comparten experiencias de las personas que asisten, donde se visualizan los sesgos de g\u00e9nero que a\u00fan persisten y que dificultan que las mujeres est\u00e9n en todos los espacios donde se toman las decisiones\u201d, manifest\u00f3.<\/p>\n<p style=\"font-weight: 400; text-align: justify;\">Algunas de las tem\u00e1ticas que ser\u00e1n tratadas corresponden a la visibilizaci\u00f3n de las mujeres en el acceso al mundo del trabajo formal e informal, en rubros donde est\u00e1n subrepresentadas o no tienen representaci\u00f3n. Tambi\u00e9n, los principales obst\u00e1culos y barreras de la brecha de g\u00e9nero en la postulaci\u00f3n a las carreras STEM \u2013 Ciencia, Tecnolog\u00eda, Ingenier\u00eda y Matem\u00e1tica-. Asimismo, los avances y desaf\u00edos para disminuir las brechas de g\u00e9nero en las carreras y oficios donde se perpet\u00faa la subrepresentaci\u00f3n femenina.<\/p>\n<p style=\"font-weight: 400; text-align: justify;\">Las inscripciones a las actividades de sensibilizaci\u00f3n del Programa Mujer y Participaci\u00f3n Pol\u00edtica son a trav\u00e9s del sitio web del SernamEG (<a href=\"http:\/\/www.sernameg.gob.cl\/\" data-saferedirecturl=\"https:\/\/www.google.com\/url?q=http:\/\/www.sernameg.gob.cl&amp;source=gmail&amp;ust=1660148493554000&amp;usg=AOvVaw3rt3PZ4Gaq7qNdAyhkQVUP\">www.sernameg.gob.cl<\/a>). Uno de los tres temas, que se tratar\u00e1n en los talleres en formato h\u00edbrido, es \u201cLiderazgos y participaci\u00f3n de las mujeres en \u00e1reas no tradicionales\u201d, tales como espacios acad\u00e9micos y laborales vinculados a las Ciencias, Tecnolog\u00edas, Ingenier\u00edas, Matem\u00e1ticas, Miner\u00eda, entre otros.\u00a0 Otro de los temas a abordar es \u201cLiderazgos y diversidad de g\u00e9nero\u201d que apunta a destacar las potencialidades y desaf\u00edos de los movimientos reivindicativos de la diversidad de g\u00e9nero en la sociedad actual. Finalmente, la tercera tem\u00e1tica es la denominada \u201cRetrocesos por pandemia COVID &#8211; 19 en la autonom\u00eda pol\u00edtica y social de las mujeres\u201d, la que aborda el escenario actual de las brechas, barreras y obst\u00e1culos de g\u00e9nero en contexto Pandemia COVID 19.<\/p>\n<\/div><\/section><\/div><div  style='height:50px' class='hr hr-invisible   avia-builder-el-6  el_after_av_one_full  el_before_av_social_share '><span class='hr-inner ' ><span class='hr-inner-style'><\/span><\/span><\/div><\/p>\n<div  class='av-social-sharing-box  avia-builder-el-7  el_after_av_hr  el_before_av_hr  '><div class='av-share-box'><h5 class='av-share-link-description av-no-toc '>Compartir esta noticia<\/h5><ul class='av-share-box-list noLightbox'><li class='av-share-link av-social-link-facebook' ><a target=\"_blank\" aria-label=\"Compartir en Facebook\" href='https:\/\/www.facebook.com\/sharer.php?u=https:\/\/radiorevelacionfm.cl\/?p=20269&#038;t=Reiteran%20llamado%20a%20dirigentas%20sociales%20y%20pol%C3%ADticas%20a%20inscribirse%20en%20actividades%20de%20sensibilizaci%C3%B3n%20de%20SernamEG' aria-hidden='false' data-av_icon='\ue8f3' data-av_iconfont='entypo-fontello' title='' data-avia-related-tooltip='Compartir en Facebook' rel=\"noopener\"><span class='avia_hidden_link_text'>Compartir en Facebook<\/span><\/a><\/li><li class='av-share-link av-social-link-twitter' ><a target=\"_blank\" aria-label=\"Compartir en Twitter\" href='https:\/\/twitter.com\/share?text=Reiteran%20llamado%20a%20dirigentas%20sociales%20y%20pol%C3%ADticas%20a%20inscribirse%20en%20actividades%20de%20sensibilizaci%C3%B3n%20de%20SernamEG&#038;url=https:\/\/radiorevelacionfm.cl\/?p=20269' aria-hidden='false' data-av_icon='\ue8f1' data-av_iconfont='entypo-fontello' title='' data-avia-related-tooltip='Compartir en Twitter' rel=\"noopener\"><span class='avia_hidden_link_text'>Compartir en Twitter<\/span><\/a><\/li><li class='av-share-link av-social-link-whatsapp' ><a target=\"_blank\" aria-label=\"Compartir en Whatsapp\" href='https:\/\/api.whatsapp.com\/send?text=https:\/\/radiorevelacionfm.cl\/?p=20269' aria-hidden='false' data-av_icon='\uf232' data-av_iconfont='entypo-fontello' title='' data-avia-related-tooltip='Compartir en Whatsapp' rel=\"noopener\"><span class='avia_hidden_link_text'>Compartir en Whatsapp<\/span><\/a><\/li><li class='av-share-link av-social-link-linkedin' ><a target=\"_blank\" aria-label=\"Compartir en LinkedIn\" href='https:\/\/linkedin.com\/shareArticle?mini=true&#038;title=Reiteran%20llamado%20a%20dirigentas%20sociales%20y%20pol%C3%ADticas%20a%20inscribirse%20en%20actividades%20de%20sensibilizaci%C3%B3n%20de%20SernamEG&#038;url=https:\/\/radiorevelacionfm.cl\/?p=20269' aria-hidden='false' data-av_icon='\ue8fc' data-av_iconfont='entypo-fontello' title='' data-avia-related-tooltip='Compartir en LinkedIn' rel=\"noopener\"><span class='avia_hidden_link_text'>Compartir en LinkedIn<\/span><\/a><\/li><li class='av-share-link av-social-link-mail' ><a  aria-label=\"Compartir por correo\" href='mailto:?subject=Reiteran%20llamado%20a%20dirigentas%20sociales%20y%20pol%C3%ADticas%20a%20inscribirse%20en%20actividades%20de%20sensibilizaci%C3%B3n%20de%20SernamEG&#038;body=https:\/\/radiorevelacionfm.cl\/?p=20269' aria-hidden='false' data-av_icon='\ue805' data-av_iconfont='entypo-fontello' title='' data-avia-related-tooltip='Compartir por correo'><span class='avia_hidden_link_text'>Compartir por correo<\/span><\/a><\/li><\/ul><\/div><\/div>\n<div  style='height:50px' class='hr hr-invisible   avia-builder-el-8  el_after_av_social_share  el_before_av_comments_list '><span class='hr-inner ' ><span class='hr-inner-style'><\/span><\/span><\/div>\n<div  class='av-buildercomment  av-blog-meta-html-info-disabled av-blog-meta-tag-disabled  '><\/div>\n","protected":false},"excerpt":{"rendered":"","protected":false},"author":1,"featured_media":18222,"comment_status":"open","ping_status":"open","sticky":false,"template":"","format":"standard","meta":{"footnotes":""},"categories":[38],"tags":[],"class_list":["post-20269","post","type-post","status-publish","format-standard","has-post-thumbnail","hentry","category-regional"],"jetpack_featured_media_url":"https:\/\/radiorevelacionfm.cl\/wp-content\/uploads\/2022\/06\/SernamEG-querella-FF-2-1-1.jpg","_links":{"self":[{"href":"https:\/\/radiorevelacionfm.cl\/index.php?rest_route=\/wp\/v2\/posts\/20269","targetHints":{"allow":["GET"]}}],"collection":[{"href":"https:\/\/radiorevelacionfm.cl\/index.php?rest_route=\/wp\/v2\/posts"}],"about":[{"href":"https:\/\/radiorevelacionfm.cl\/index.php?rest_route=\/wp\/v2\/types\/post"}],"author":[{"embeddable":true,"href":"https:\/\/radiorevelacionfm.cl\/index.php?rest_route=\/wp\/v2\/users\/1"}],"replies":[{"embeddable":true,"href":"https:\/\/radiorevelacionfm.cl\/index.php?rest_route=%2Fwp%2Fv2%2Fcomments&post=20269"}],"version-history":[{"count":2,"href":"https:\/\/radiorevelacionfm.cl\/index.php?rest_route=\/wp\/v2\/posts\/20269\/revisions"}],"predecessor-version":[{"id":20271,"href":"https:\/\/radiorevelacionfm.cl\/index.php?rest_route=\/wp\/v2\/posts\/20269\/revisions\/20271"}],"wp:featuredmedia":[{"embeddable":true,"href":"https:\/\/radiorevelacionfm.cl\/index.php?rest_route=\/wp\/v2\/media\/18222"}],"wp:attachment":[{"href":"https:\/\/radiorevelacionfm.cl\/index.php?rest_route=%2Fwp%2Fv2%2Fmedia&parent=20269"}],"wp:term":[{"taxonomy":"category","embeddable":true,"href":"https:\/\/radiorevelacionfm.cl\/index.php?rest_route=%2Fwp%2Fv2%2Fcategories&post=20269"},{"taxonomy":"post_tag","embeddable":true,"href":"https:\/\/radiorevelacionfm.cl\/index.php?rest_route=%2Fwp%2Fv2%2Ftags&post=20269"}],"curies":[{"name":"wp","href":"https:\/\/api.w.org\/{rel}","templated":true}]}}