{"id":20261,"date":"2022-08-09T13:52:48","date_gmt":"2022-08-09T16:52:48","guid":{"rendered":"https:\/\/radiorevelacionfm.cl\/?p=20261"},"modified":"2022-08-09T13:52:48","modified_gmt":"2022-08-09T16:52:48","slug":"asociacion-indigena-de-chile-chico-antu-ni-fotum-logra-cierre-perimetral-de-su-ruca-gracias-a-fondo-social-presidente-de-la-republica","status":"publish","type":"post","link":"https:\/\/radiorevelacionfm.cl\/?p=20261","title":{"rendered":"Asociaci\u00f3n ind\u00edgena de Chile Chico Ant\u00fc \u00d1i Fot\u00fcm logra cierre perimetral de su ruca gracias a Fondo Social Presidente de la Rep\u00fablica"},"content":{"rendered":"<div class=\"flex_column av_one_full  flex_column_div av-zero-column-padding first  avia-builder-el-0  el_before_av_one_full  avia-builder-el-first  \" style='border-radius:0px; '><div  class='avia-image-container  av-styling-    avia-builder-el-1  avia-builder-el-no-sibling  avia-align-center '  itemprop=\"image\" itemscope=\"itemscope\" itemtype=\"https:\/\/schema.org\/ImageObject\"  ><div class='avia-image-container-inner'><div class='avia-image-overlay-wrap'><img decoding=\"async\" class='wp-image-20263 avia-img-lazy-loading-not-20263 avia_image' src=\"https:\/\/radiorevelacionfm.cl\/wp-content\/uploads\/2022\/08\/antu1-2_optimized.jpg\" alt='' title='antu1-(2)_optimized' height=\"600\" width=\"877\"  itemprop=\"thumbnailUrl\" srcset=\"https:\/\/radiorevelacionfm.cl\/wp-content\/uploads\/2022\/08\/antu1-2_optimized.jpg 877w, https:\/\/radiorevelacionfm.cl\/wp-content\/uploads\/2022\/08\/antu1-2_optimized-300x205.jpg 300w, https:\/\/radiorevelacionfm.cl\/wp-content\/uploads\/2022\/08\/antu1-2_optimized-768x525.jpg 768w, https:\/\/radiorevelacionfm.cl\/wp-content\/uploads\/2022\/08\/antu1-2_optimized-705x482.jpg 705w, https:\/\/radiorevelacionfm.cl\/wp-content\/uploads\/2022\/08\/antu1-2_optimized-600x410.jpg 600w\" sizes=\"(max-width: 877px) 100vw, 877px\" \/><\/div><\/div><\/div><\/div><div class=\"flex_column av_one_full  flex_column_div av-zero-column-padding first  avia-builder-el-2  el_after_av_one_full  el_before_av_one_full  column-top-margin\" style='border-radius:0px; '><section class=\"av_textblock_section \"  itemscope=\"itemscope\" itemtype=\"https:\/\/schema.org\/BlogPosting\" itemprop=\"blogPost\" ><div class='avia_textblock  '   itemprop=\"text\" ><p style=\"text-align: center;\"><span style=\"font-size: 18pt;\"><strong>Asociaci\u00f3n ind\u00edgena de Chile Chico Ant\u00fc \u00d1i Fot\u00fcm logra cierre perimetral de su ruca gracias a Fondo Social Presidente de la Rep\u00fablica<\/strong><\/span><\/p>\n<div id=\"gtx-trans\" style=\"position: absolute; left: -50px; top: 4.31534px;\">\n<div class=\"gtx-trans-icon\"><\/div>\n<\/div>\n<\/div><\/section><\/div><div class=\"flex_column av_one_full  flex_column_div av-zero-column-padding first  avia-builder-el-4  el_after_av_one_full  el_before_av_hr  column-top-margin\" style='border-radius:0px; '><section class=\"av_textblock_section \"  itemscope=\"itemscope\" itemtype=\"https:\/\/schema.org\/BlogPosting\" itemprop=\"blogPost\" ><div class='avia_textblock  '   itemprop=\"text\" ><p style=\"text-align: justify;\">Durante la \u00faltima semana el Delegado Presidencial Provincial de General Carrera, Daniel Fern\u00e1ndez M\u00e1rquez, se reuni\u00f3 con la directiva de la Asociaci\u00f3n Ind\u00edgena Ant\u00fc \u00d1i Fot\u00fcm en el terreno recientemente cerrado, donde se pudo ver el resultado final del proyecto perteneciente al Fondo Social Presidente de la Rep\u00fablica, nacido desde la organizaci\u00f3n y apoyado por la DPP de General Carrera. Adem\u00e1s, realiz\u00f3 la entrega de un certificado de reconocimiento a la asociaci\u00f3n por preservar las ra\u00edces culturales.<\/p>\n<p style=\"text-align: justify;\">La historia de Ant\u00fc \u00d1i Fot\u00fcm con el Fondo Presidente de la Rep\u00fablica, que apoya a organizaciones sociales sin fines de lucro, se remonta a 2019 cuando postularon por una c\u00e1mara y equipamiento electr\u00f3nico, ahora la apuesta fue m\u00e1s ambiciosa e ingresaron un proyecto, por casi $15 millones para lograr el cierre perimetral y estabilizaci\u00f3n del terreno.<\/p>\n<p style=\"text-align: justify;\">Esta obra result\u00f3 aceptada y financiada a inicios de 2022, viendo finalizado su proyecto a fines de julio. De esta manera los socios de Ant\u00fc \u00d1i Fot\u00fcm ya cuentan con una ruca que tiene lo necesario para el desarrollo de actividades y fortalecer la estructura de esta asociaci\u00f3n ind\u00edgena mapuche, principalmente huilliche.<\/p>\n<p style=\"text-align: justify;\">Fidelina Roco es la presidenta de la organizaci\u00f3n, mientras fre\u00eda sopaipillas dentro la ruca, comentaba que este resultado ha sido un viejo anhelo por el que trabajaron a\u00f1os, tambi\u00e9n recordaba lo que ha sido ser organizaci\u00f3n en tiempos de pandemia, reflexionando \u201cNuestra organizaci\u00f3n a pesar de todo lo complicado que puede ser en un momento dado, ser organizaci\u00f3n en estos tiempos que todav\u00eda estamos en pandemia, nosotros decimos que no pretendemos descansar. Si los nuestros, anteriormente, con tanta adversidad que les toc\u00f3 vivir, hacer sus vidas, nosotros no podemos no hacer lo mismo\u201d, por su parte Mariela Antipane, quien es vicepresidenta de la asociaci\u00f3n, durante la recepci\u00f3n final coment\u00f3 sentirse\u00a0 \u201cMuy contenta porque ya no tengo problema de venir a sacar camiones, de no venir a sacar vacas a las dos de la ma\u00f1ana. Feliz por haber cumplido una meta que jam\u00e1s lo hubi\u00e9ramos podido hacer solos\u201d.<\/p>\n<p style=\"text-align: justify;\">El Delegado Presidencial Provincial de General Carrera, Daniel Fern\u00e1ndez, sostuvo que organizaciones como estas \u201cson nuestras ra\u00edces, nuestra cultura. Cumplimos con el anhelo de preservar lo bueno que tenemos\u201d a lo que agreg\u00f3 que \u201cproyectos como el de ustedes destacan lo bueno y lo positivo. Son proyectos solidarios y generosos con otras generaciones, entonces hay una responsabilidad intergeneracional\u201d cerr\u00f3 antes de entregar el certificado de reconocimiento.<\/p>\n<p style=\"text-align: justify;\">Desde Ant\u00fc \u00d1i Fot\u00fcm ya adelantan que el pr\u00f3ximo 2023 podr\u00edan volver a postular al Fondo Social Presidente de la Rep\u00fablica para seguir creciendo, difundiendo su cultura y abri\u00e9ndose a la comunidad.<\/p>\n<\/div><\/section><\/div><div  style='height:50px' class='hr hr-invisible   avia-builder-el-6  el_after_av_one_full  el_before_av_social_share '><span class='hr-inner ' ><span class='hr-inner-style'><\/span><\/span><\/div><\/p>\n<div  class='av-social-sharing-box  avia-builder-el-7  el_after_av_hr  el_before_av_hr  '><div class='av-share-box'><h5 class='av-share-link-description av-no-toc '>Compartir esta noticia<\/h5><ul class='av-share-box-list noLightbox'><li class='av-share-link av-social-link-facebook' ><a target=\"_blank\" aria-label=\"Compartir en Facebook\" href='https:\/\/www.facebook.com\/sharer.php?u=https:\/\/radiorevelacionfm.cl\/?p=20261&#038;t=Asociaci%C3%B3n%20ind%C3%ADgena%20de%20Chile%20Chico%20Ant%C3%BC%20%C3%91i%20Fot%C3%BCm%20logra%20cierre%20perimetral%20de%20su%20ruca%20gracias%20a%20Fondo%20Social%20Presidente%20de%20la%20Rep%C3%BAblica' aria-hidden='false' data-av_icon='\ue8f3' data-av_iconfont='entypo-fontello' title='' data-avia-related-tooltip='Compartir en Facebook' rel=\"noopener\"><span class='avia_hidden_link_text'>Compartir en Facebook<\/span><\/a><\/li><li class='av-share-link av-social-link-twitter' ><a target=\"_blank\" aria-label=\"Compartir en Twitter\" href='https:\/\/twitter.com\/share?text=Asociaci%C3%B3n%20ind%C3%ADgena%20de%20Chile%20Chico%20Ant%C3%BC%20%C3%91i%20Fot%C3%BCm%20logra%20cierre%20perimetral%20de%20su%20ruca%20gracias%20a%20Fondo%20Social%20Presidente%20de%20la%20Rep%C3%BAblica&#038;url=https:\/\/radiorevelacionfm.cl\/?p=20261' aria-hidden='false' data-av_icon='\ue8f1' data-av_iconfont='entypo-fontello' title='' data-avia-related-tooltip='Compartir en Twitter' rel=\"noopener\"><span class='avia_hidden_link_text'>Compartir en Twitter<\/span><\/a><\/li><li class='av-share-link av-social-link-whatsapp' ><a target=\"_blank\" aria-label=\"Compartir en Whatsapp\" href='https:\/\/api.whatsapp.com\/send?text=https:\/\/radiorevelacionfm.cl\/?p=20261' aria-hidden='false' data-av_icon='\uf232' data-av_iconfont='entypo-fontello' title='' data-avia-related-tooltip='Compartir en Whatsapp' rel=\"noopener\"><span class='avia_hidden_link_text'>Compartir en Whatsapp<\/span><\/a><\/li><li class='av-share-link av-social-link-linkedin' ><a target=\"_blank\" aria-label=\"Compartir en LinkedIn\" href='https:\/\/linkedin.com\/shareArticle?mini=true&#038;title=Asociaci%C3%B3n%20ind%C3%ADgena%20de%20Chile%20Chico%20Ant%C3%BC%20%C3%91i%20Fot%C3%BCm%20logra%20cierre%20perimetral%20de%20su%20ruca%20gracias%20a%20Fondo%20Social%20Presidente%20de%20la%20Rep%C3%BAblica&#038;url=https:\/\/radiorevelacionfm.cl\/?p=20261' aria-hidden='false' data-av_icon='\ue8fc' data-av_iconfont='entypo-fontello' title='' data-avia-related-tooltip='Compartir en LinkedIn' rel=\"noopener\"><span class='avia_hidden_link_text'>Compartir en LinkedIn<\/span><\/a><\/li><li class='av-share-link av-social-link-mail' ><a  aria-label=\"Compartir por correo\" href='mailto:?subject=Asociaci%C3%B3n%20ind%C3%ADgena%20de%20Chile%20Chico%20Ant%C3%BC%20%C3%91i%20Fot%C3%BCm%20logra%20cierre%20perimetral%20de%20su%20ruca%20gracias%20a%20Fondo%20Social%20Presidente%20de%20la%20Rep%C3%BAblica&#038;body=https:\/\/radiorevelacionfm.cl\/?p=20261' aria-hidden='false' data-av_icon='\ue805' data-av_iconfont='entypo-fontello' title='' data-avia-related-tooltip='Compartir por correo'><span class='avia_hidden_link_text'>Compartir por correo<\/span><\/a><\/li><\/ul><\/div><\/div>\n<div  style='height:50px' class='hr hr-invisible   avia-builder-el-8  el_after_av_social_share  el_before_av_comments_list '><span class='hr-inner ' ><span class='hr-inner-style'><\/span><\/span><\/div>\n<div  class='av-buildercomment  av-blog-meta-html-info-disabled av-blog-meta-tag-disabled  '><\/div>\n","protected":false},"excerpt":{"rendered":"","protected":false},"author":1,"featured_media":20263,"comment_status":"open","ping_status":"open","sticky":false,"template":"","format":"standard","meta":{"footnotes":""},"categories":[38],"tags":[],"class_list":["post-20261","post","type-post","status-publish","format-standard","has-post-thumbnail","hentry","category-regional"],"jetpack_featured_media_url":"https:\/\/radiorevelacionfm.cl\/wp-content\/uploads\/2022\/08\/antu1-2_optimized.jpg","_links":{"self":[{"href":"https:\/\/radiorevelacionfm.cl\/index.php?rest_route=\/wp\/v2\/posts\/20261","targetHints":{"allow":["GET"]}}],"collection":[{"href":"https:\/\/radiorevelacionfm.cl\/index.php?rest_route=\/wp\/v2\/posts"}],"about":[{"href":"https:\/\/radiorevelacionfm.cl\/index.php?rest_route=\/wp\/v2\/types\/post"}],"author":[{"embeddable":true,"href":"https:\/\/radiorevelacionfm.cl\/index.php?rest_route=\/wp\/v2\/users\/1"}],"replies":[{"embeddable":true,"href":"https:\/\/radiorevelacionfm.cl\/index.php?rest_route=%2Fwp%2Fv2%2Fcomments&post=20261"}],"version-history":[{"count":2,"href":"https:\/\/radiorevelacionfm.cl\/index.php?rest_route=\/wp\/v2\/posts\/20261\/revisions"}],"predecessor-version":[{"id":20268,"href":"https:\/\/radiorevelacionfm.cl\/index.php?rest_route=\/wp\/v2\/posts\/20261\/revisions\/20268"}],"wp:featuredmedia":[{"embeddable":true,"href":"https:\/\/radiorevelacionfm.cl\/index.php?rest_route=\/wp\/v2\/media\/20263"}],"wp:attachment":[{"href":"https:\/\/radiorevelacionfm.cl\/index.php?rest_route=%2Fwp%2Fv2%2Fmedia&parent=20261"}],"wp:term":[{"taxonomy":"category","embeddable":true,"href":"https:\/\/radiorevelacionfm.cl\/index.php?rest_route=%2Fwp%2Fv2%2Fcategories&post=20261"},{"taxonomy":"post_tag","embeddable":true,"href":"https:\/\/radiorevelacionfm.cl\/index.php?rest_route=%2Fwp%2Fv2%2Ftags&post=20261"}],"curies":[{"name":"wp","href":"https:\/\/api.w.org\/{rel}","templated":true}]}}