{"id":20244,"date":"2022-08-08T21:43:49","date_gmt":"2022-08-09T00:43:49","guid":{"rendered":"https:\/\/radiorevelacionfm.cl\/?p=20244"},"modified":"2022-08-08T21:43:49","modified_gmt":"2022-08-09T00:43:49","slug":"carabineros-detiene-nuevamente-a-sujeto-que-72-horas-antes-habia-sido-aprehendido-por-otro-delito-en-puerto-aysen","status":"publish","type":"post","link":"https:\/\/radiorevelacionfm.cl\/?p=20244","title":{"rendered":"Carabineros detiene nuevamente a sujeto que 72 horas antes hab\u00eda sido aprehendido por otro delito en Puerto Ays\u00e9n"},"content":{"rendered":"<div class=\"flex_column av_one_full  flex_column_div av-zero-column-padding first  avia-builder-el-0  el_before_av_one_full  avia-builder-el-first  \" style='border-radius:0px; '><div  class='avia-image-container  av-styling-    avia-builder-el-1  avia-builder-el-no-sibling  avia-align-center '  itemprop=\"image\" itemscope=\"itemscope\" itemtype=\"https:\/\/schema.org\/ImageObject\"  ><div class='avia-image-container-inner'><div class='avia-image-overlay-wrap'><img decoding=\"async\" class='wp-image-20245 avia-img-lazy-loading-not-20245 avia_image' src=\"https:\/\/radiorevelacionfm.cl\/wp-content\/uploads\/2022\/08\/Carabineros-Aysen1_optimized.jpg\" alt='' title='Carabineros Aysen(1)_optimized' height=\"600\" width=\"903\"  itemprop=\"thumbnailUrl\" srcset=\"https:\/\/radiorevelacionfm.cl\/wp-content\/uploads\/2022\/08\/Carabineros-Aysen1_optimized.jpg 903w, https:\/\/radiorevelacionfm.cl\/wp-content\/uploads\/2022\/08\/Carabineros-Aysen1_optimized-300x199.jpg 300w, https:\/\/radiorevelacionfm.cl\/wp-content\/uploads\/2022\/08\/Carabineros-Aysen1_optimized-768x510.jpg 768w, https:\/\/radiorevelacionfm.cl\/wp-content\/uploads\/2022\/08\/Carabineros-Aysen1_optimized-705x468.jpg 705w, https:\/\/radiorevelacionfm.cl\/wp-content\/uploads\/2022\/08\/Carabineros-Aysen1_optimized-600x399.jpg 600w\" sizes=\"(max-width: 903px) 100vw, 903px\" \/><\/div><\/div><\/div><\/div><div class=\"flex_column av_one_full  flex_column_div av-zero-column-padding first  avia-builder-el-2  el_after_av_one_full  el_before_av_one_full  column-top-margin\" style='border-radius:0px; '><section class=\"av_textblock_section \"  itemscope=\"itemscope\" itemtype=\"https:\/\/schema.org\/BlogPosting\" itemprop=\"blogPost\" ><div class='avia_textblock  '   itemprop=\"text\" ><p style=\"text-align: center;\"><strong><span style=\"font-size: 18pt;\">Carabineros detiene nuevamente a sujeto que 72 horas antes hab\u00eda sido aprehendido por otro delito en Puerto Ays\u00e9n<\/span><\/strong><\/p>\n<div id=\"gtx-trans\" style=\"position: absolute; left: -50px; top: 4.31534px;\">\n<div class=\"gtx-trans-icon\"><\/div>\n<\/div>\n<\/div><\/section><\/div><div class=\"flex_column av_one_full  flex_column_div av-zero-column-padding first  avia-builder-el-4  el_after_av_one_full  el_before_av_hr  column-top-margin\" style='border-radius:0px; '><section class=\"av_textblock_section \"  itemscope=\"itemscope\" itemtype=\"https:\/\/schema.org\/BlogPosting\" itemprop=\"blogPost\" ><div class='avia_textblock  '   itemprop=\"text\" ><p style=\"text-align: justify;\">72 horas antes el mismo individuo hab\u00eda sido aprehendido por receptaci\u00f3n y por mantener una orden de detenci\u00f3n vigente por porte de elementos para cometer delitos.<\/p>\n<p class=\"v1MsoNormal\" style=\"text-align: justify;\">La denuncia oportuna sumado a una r\u00e1pida respuesta por parte de Carabineros de la 2da. Comisar\u00eda de Puerto Ays\u00e9n, permiti\u00f3 detener a un sujeto de 36 a\u00f1os por robo en lugar habitado, logrando recuperar especies tras la comisi\u00f3n de dos delitos registrados en la comuna de Ays\u00e9n.<\/p>\n<p class=\"v1MsoNormal\" style=\"text-align: justify;\">El hecho \u2013seg\u00fan indic\u00f3 el Subcomisario de los Servicios de esta Unidad, Capit\u00e1n Jaime Esparza- se conoci\u00f3 la tarde del domingo, luego que el personal fue alertado sobre la presencia de un sujeto que fue sorprendido por propietarios ingresando al domicilio de estos.<\/p>\n<p class=\"v1MsoNormal\" style=\"text-align: justify;\">\u00abHabr\u00eda sustra\u00eddo diversas especies, siendo sorprendido. Este se dio a la fuga, ingresando a un segundo domicilio. El plan cuadrante se constituye en el lugar e ingresa al inmueble en atenci\u00f3n a la flagrancia de los hechos, buscando y hallando a la persona, logrando su detenci\u00f3n, encontrando diferentes especies que fueron sustra\u00eddas desde el primer domicilio al que la persona habr\u00eda ingresado\u00bb, manifest\u00f3 el Oficial.<\/p>\n<p class=\"v1MsoNormal\" style=\"text-align: justify;\">El Capit\u00e1n Esparza a\u00f1adi\u00f3 que se trata de un sujeto el cual tan solo 72 horas antes hab\u00eda sido detenido por otro hecho.<\/p>\n<p class=\"v1MsoNormal\" style=\"text-align: justify;\">\u00abEl d\u00eda jueves pasado hab\u00eda sido detenido por el delito de receptaci\u00f3n \u2013esto es mantener especies provenientes de alg\u00fan il\u00edcito- y por mantener una orden de detenci\u00f3n vigente en su contra (por porte de elementos para cometer delitos)\u00bb, enfatiz\u00f3.<\/p>\n<p class=\"v1MsoNormal\" style=\"text-align: justify;\">Respecto al primer domicilio, el aval\u00fao hecho por las v\u00edctimas es de 400 mil pesos por concepto de da\u00f1os, sustracci\u00f3n de dinero y especies de cocina, en tanto que en el segundo inmueble, el aval\u00fao alcanza a 500 mil pesos en virtud de los da\u00f1os ocasionados.<\/p>\n<p class=\"v1MsoNormal\" style=\"text-align: justify;\">Los antecedentes del procedimiento fueron puestos en conocimiento de la Fiscal\u00eda, siendo las diligencias encomendadas a la Secci\u00f3n de Investigaci\u00f3n Policial (S.I.P) en tanto que el trabajo y estudio del sitio del suceso qued\u00f3 a cargo del Laboratorio de Criminal\u00edstica Institucional (Labocar).<\/p>\n<\/div><\/section><\/div><div  style='height:50px' class='hr hr-invisible   avia-builder-el-6  el_after_av_one_full  el_before_av_social_share '><span class='hr-inner ' ><span class='hr-inner-style'><\/span><\/span><\/div><\/p>\n<div  class='av-social-sharing-box  avia-builder-el-7  el_after_av_hr  el_before_av_hr  '><div class='av-share-box'><h5 class='av-share-link-description av-no-toc '>Compartir esta noticia<\/h5><ul class='av-share-box-list noLightbox'><li class='av-share-link av-social-link-facebook' ><a target=\"_blank\" aria-label=\"Compartir en Facebook\" href='https:\/\/www.facebook.com\/sharer.php?u=https:\/\/radiorevelacionfm.cl\/?p=20244&#038;t=Carabineros%20detiene%20nuevamente%20a%20sujeto%20que%2072%20horas%20antes%20hab%C3%ADa%20sido%20aprehendido%20por%20otro%20delito%20en%20Puerto%20Ays%C3%A9n' aria-hidden='false' data-av_icon='\ue8f3' data-av_iconfont='entypo-fontello' title='' data-avia-related-tooltip='Compartir en Facebook' rel=\"noopener\"><span class='avia_hidden_link_text'>Compartir en Facebook<\/span><\/a><\/li><li class='av-share-link av-social-link-twitter' ><a target=\"_blank\" aria-label=\"Compartir en Twitter\" href='https:\/\/twitter.com\/share?text=Carabineros%20detiene%20nuevamente%20a%20sujeto%20que%2072%20horas%20antes%20hab%C3%ADa%20sido%20aprehendido%20por%20otro%20delito%20en%20Puerto%20Ays%C3%A9n&#038;url=https:\/\/radiorevelacionfm.cl\/?p=20244' aria-hidden='false' data-av_icon='\ue8f1' data-av_iconfont='entypo-fontello' title='' data-avia-related-tooltip='Compartir en Twitter' rel=\"noopener\"><span class='avia_hidden_link_text'>Compartir en Twitter<\/span><\/a><\/li><li class='av-share-link av-social-link-whatsapp' ><a target=\"_blank\" aria-label=\"Compartir en Whatsapp\" href='https:\/\/api.whatsapp.com\/send?text=https:\/\/radiorevelacionfm.cl\/?p=20244' aria-hidden='false' data-av_icon='\uf232' data-av_iconfont='entypo-fontello' title='' data-avia-related-tooltip='Compartir en Whatsapp' rel=\"noopener\"><span class='avia_hidden_link_text'>Compartir en Whatsapp<\/span><\/a><\/li><li class='av-share-link av-social-link-linkedin' ><a target=\"_blank\" aria-label=\"Compartir en LinkedIn\" href='https:\/\/linkedin.com\/shareArticle?mini=true&#038;title=Carabineros%20detiene%20nuevamente%20a%20sujeto%20que%2072%20horas%20antes%20hab%C3%ADa%20sido%20aprehendido%20por%20otro%20delito%20en%20Puerto%20Ays%C3%A9n&#038;url=https:\/\/radiorevelacionfm.cl\/?p=20244' aria-hidden='false' data-av_icon='\ue8fc' data-av_iconfont='entypo-fontello' title='' data-avia-related-tooltip='Compartir en LinkedIn' rel=\"noopener\"><span class='avia_hidden_link_text'>Compartir en LinkedIn<\/span><\/a><\/li><li class='av-share-link av-social-link-mail' ><a  aria-label=\"Compartir por correo\" href='mailto:?subject=Carabineros%20detiene%20nuevamente%20a%20sujeto%20que%2072%20horas%20antes%20hab%C3%ADa%20sido%20aprehendido%20por%20otro%20delito%20en%20Puerto%20Ays%C3%A9n&#038;body=https:\/\/radiorevelacionfm.cl\/?p=20244' aria-hidden='false' data-av_icon='\ue805' data-av_iconfont='entypo-fontello' title='' data-avia-related-tooltip='Compartir por correo'><span class='avia_hidden_link_text'>Compartir por correo<\/span><\/a><\/li><\/ul><\/div><\/div>\n<div  style='height:50px' class='hr hr-invisible   avia-builder-el-8  el_after_av_social_share  el_before_av_comments_list '><span class='hr-inner ' ><span class='hr-inner-style'><\/span><\/span><\/div>\n<div  class='av-buildercomment  av-blog-meta-html-info-disabled av-blog-meta-tag-disabled  '><\/div>\n","protected":false},"excerpt":{"rendered":"","protected":false},"author":1,"featured_media":20245,"comment_status":"open","ping_status":"open","sticky":false,"template":"","format":"standard","meta":{"footnotes":""},"categories":[36],"tags":[],"class_list":["post-20244","post","type-post","status-publish","format-standard","has-post-thumbnail","hentry","category-policial"],"jetpack_featured_media_url":"https:\/\/radiorevelacionfm.cl\/wp-content\/uploads\/2022\/08\/Carabineros-Aysen1_optimized.jpg","_links":{"self":[{"href":"https:\/\/radiorevelacionfm.cl\/index.php?rest_route=\/wp\/v2\/posts\/20244","targetHints":{"allow":["GET"]}}],"collection":[{"href":"https:\/\/radiorevelacionfm.cl\/index.php?rest_route=\/wp\/v2\/posts"}],"about":[{"href":"https:\/\/radiorevelacionfm.cl\/index.php?rest_route=\/wp\/v2\/types\/post"}],"author":[{"embeddable":true,"href":"https:\/\/radiorevelacionfm.cl\/index.php?rest_route=\/wp\/v2\/users\/1"}],"replies":[{"embeddable":true,"href":"https:\/\/radiorevelacionfm.cl\/index.php?rest_route=%2Fwp%2Fv2%2Fcomments&post=20244"}],"version-history":[{"count":2,"href":"https:\/\/radiorevelacionfm.cl\/index.php?rest_route=\/wp\/v2\/posts\/20244\/revisions"}],"predecessor-version":[{"id":20247,"href":"https:\/\/radiorevelacionfm.cl\/index.php?rest_route=\/wp\/v2\/posts\/20244\/revisions\/20247"}],"wp:featuredmedia":[{"embeddable":true,"href":"https:\/\/radiorevelacionfm.cl\/index.php?rest_route=\/wp\/v2\/media\/20245"}],"wp:attachment":[{"href":"https:\/\/radiorevelacionfm.cl\/index.php?rest_route=%2Fwp%2Fv2%2Fmedia&parent=20244"}],"wp:term":[{"taxonomy":"category","embeddable":true,"href":"https:\/\/radiorevelacionfm.cl\/index.php?rest_route=%2Fwp%2Fv2%2Fcategories&post=20244"},{"taxonomy":"post_tag","embeddable":true,"href":"https:\/\/radiorevelacionfm.cl\/index.php?rest_route=%2Fwp%2Fv2%2Ftags&post=20244"}],"curies":[{"name":"wp","href":"https:\/\/api.w.org\/{rel}","templated":true}]}}