{"id":2024,"date":"2021-01-22T17:31:30","date_gmt":"2021-01-22T20:31:30","guid":{"rendered":"https:\/\/radiorevelacionfm.cl\/?p=2024"},"modified":"2021-01-22T17:31:30","modified_gmt":"2021-01-22T20:31:30","slug":"aumentan-en-un-20-subvencion-municipal-para-el-cuerpo-de-bomberos-de-chile-chico","status":"publish","type":"post","link":"https:\/\/radiorevelacionfm.cl\/?p=2024","title":{"rendered":"Aumentan en un 20% subvenci\u00f3n municipal para el Cuerpo de Bomberos de Chile Chico"},"content":{"rendered":"<div class=\"flex_column av_one_full  flex_column_div av-zero-column-padding first  avia-builder-el-0  el_before_av_one_full  avia-builder-el-first  \" style='border-radius:0px; '><div  class='avia-image-container  av-styling-    avia-builder-el-1  avia-builder-el-no-sibling  avia-align-center '  itemprop=\"image\" itemscope=\"itemscope\" itemtype=\"https:\/\/schema.org\/ImageObject\"  ><div class='avia-image-container-inner'><div class='avia-image-overlay-wrap'><img decoding=\"async\" class='wp-image-0 avia-img-lazy-loading-not-0 avia_image' src=\"https:\/\/radiorevelacionfm.cl\/wp-content\/uploads\/2021\/01\/NUEVA-IMPLEMENTACION-3v2-1.jpg\" alt='' title=''   itemprop=\"thumbnailUrl\"  \/><\/div><\/div><\/div><\/div><div class=\"flex_column av_one_full  flex_column_div av-zero-column-padding first  avia-builder-el-2  el_after_av_one_full  el_before_av_one_full  column-top-margin\" style='border-radius:0px; '><section class=\"av_textblock_section \"  itemscope=\"itemscope\" itemtype=\"https:\/\/schema.org\/BlogPosting\" itemprop=\"blogPost\" ><div class='avia_textblock  '   itemprop=\"text\" ><p style=\"text-align: center;\"><strong><span style=\"font-size: 18pt;\">Aumentan en un 20% subvenci\u00f3n municipal para el Cuerpo de Bomberos de Chile Chico<\/span><\/strong><\/p>\n<div id=\"gtx-trans\" style=\"position: absolute; left: -50px; top: 4.31534px;\">\n<div class=\"gtx-trans-icon\"><\/div>\n<\/div>\n<\/div><\/section><\/div><div class=\"flex_column av_one_full  flex_column_div av-zero-column-padding first  avia-builder-el-4  el_after_av_one_full  el_before_av_hr  column-top-margin\" style='border-radius:0px; '><section class=\"av_textblock_section \"  itemscope=\"itemscope\" itemtype=\"https:\/\/schema.org\/BlogPosting\" itemprop=\"blogPost\" ><div class='avia_textblock  '   itemprop=\"text\" ><p style=\"text-align: justify;\">En la \u00faltima sesi\u00f3n del Concejo Municipal de Chile Chico, parte del directorio del Cuerpo de Bomberos, encabezado por el Superintendente Ignacio Barr\u00f3n, presentaron el trabajo que desarrollan junto a las cuatro compa\u00f1\u00edas y una brigada en el territorio, donde adem\u00e1s se solicitaba un aumento del 20% de la subvenci\u00f3n que anualmente entrega la Municipalidad a este voluntariado.<\/p>\n<p style=\"text-align: justify;\">Requerimiento que fue votado favorablemente por todo el Concejo, oportunidad en que el Alcalde, Ricardo Ibarra, puso en valor el tremendo aporte a la comunidad que habitualmente realizan los bomberos y bomberas de nuestra comuna.<\/p>\n<p style=\"text-align: justify;\">\u201cHubo una presentaci\u00f3n de parte del Superintendente de Bomberos, respecto de lo que ha sido su gesti\u00f3n y tambi\u00e9n en que se piensa utilizar la subvenci\u00f3n municipal. Al margen de esto, quiero tambi\u00e9n destacar la gesti\u00f3n en el \u00faltimo de Bomberos y todo el compromiso que ha tenido el municipio con estar siempre apoyando a los voluntarios y voluntarias. En ese contexto yo creo que es un acto de justicia, otorgar este financiamiento que corresponde a 12 millones de pesos, pagado en dos cuotas y ellos nos explicaron en que se iban a ocupar estos recursos. Por supuesto, felicitar el trabajo de los voluntarios y voluntarias, quienes siempre est\u00e1n dispuestos a trabajar en conjunto a la municipalidad y colaborar con la ciudadan\u00eda\u201d.<\/p>\n<p style=\"text-align: justify;\">Por su parte, el Superintendente del Cuerpo de Bomberos de Chile Chico, Ignacio Barr\u00f3n, agradeci\u00f3 y valor\u00f3 el permanente respaldo de la Municipalidad al trabajo bomberil y en esta ocasi\u00f3n a todo el Concejo, por aprobar un aumento del 20% en la subvenci\u00f3n que reciben para su funcionamiento.<\/p>\n<p style=\"text-align: justify;\">\u201cDonde planteamos la posibilidad de poder subir en un 20% la subvenci\u00f3n del Cuerpo de Bomberos de Chile Chico, es decir, pasar de 10 millones que recib\u00edamos el a\u00f1o 2020, proyectando al 2021 recibir 12 millones de pesos. Eso en atenci\u00f3n a que tenemos m\u00e1s voluntarios que est\u00e1n ingresando a nuestras filas, el n\u00famero de emergencias este a\u00f1o subi\u00f3 un 20% tambi\u00e9n, es decir, tenemos que equipar y tenemos que tener recursos para poder movilizarnos, alimentar a los bomberos que est\u00e1n en emergencias de larga data y prepararnos para lo que pueden ser los incendios forestales. As\u00ed es que, muy contentos porque recibimos la aprobaci\u00f3n de todo el Concejo Municipal, muy agradecido de todo el Municipio encabezado por el se\u00f1or alcalde Ricardo Ibarra\u201d.<\/p>\n<p style=\"text-align: justify;\">El Cuerpo de Bomberos de Chile Chico tiene en \u201cla ciudad del sol\u201d a la Primera y Segunda Compa\u00f1\u00eda, la Tercera de Puerto Guadal, la Cuarta Compa\u00f1\u00eda de Puerto Rio Tranquilo y la Brigada de Mall\u00edn Grande.<\/p>\n<\/div><\/section><\/div><div  style='height:50px' class='hr hr-invisible   avia-builder-el-6  el_after_av_one_full  el_before_av_social_share '><span class='hr-inner ' ><span class='hr-inner-style'><\/span><\/span><\/div><\/p>\n<div  class='av-social-sharing-box  avia-builder-el-7  el_after_av_hr  el_before_av_hr  '><div class='av-share-box'><h5 class='av-share-link-description av-no-toc '>Compartir esta noticia<\/h5><ul class='av-share-box-list noLightbox'><li class='av-share-link av-social-link-facebook' ><a target=\"_blank\" aria-label=\"Compartir en Facebook\" href='https:\/\/www.facebook.com\/sharer.php?u=https:\/\/radiorevelacionfm.cl\/?p=2024&#038;t=Aumentan%20en%20un%2020%25%20subvenci%C3%B3n%20municipal%20para%20el%20Cuerpo%20de%20Bomberos%20de%20Chile%20Chico' aria-hidden='false' data-av_icon='\ue8f3' data-av_iconfont='entypo-fontello' title='' data-avia-related-tooltip='Compartir en Facebook' rel=\"noopener\"><span class='avia_hidden_link_text'>Compartir en Facebook<\/span><\/a><\/li><li class='av-share-link av-social-link-twitter' ><a target=\"_blank\" aria-label=\"Compartir en Twitter\" href='https:\/\/twitter.com\/share?text=Aumentan%20en%20un%2020%25%20subvenci%C3%B3n%20municipal%20para%20el%20Cuerpo%20de%20Bomberos%20de%20Chile%20Chico&#038;url=https:\/\/radiorevelacionfm.cl\/?p=2024' aria-hidden='false' data-av_icon='\ue8f1' data-av_iconfont='entypo-fontello' title='' data-avia-related-tooltip='Compartir en Twitter' rel=\"noopener\"><span class='avia_hidden_link_text'>Compartir en Twitter<\/span><\/a><\/li><li class='av-share-link av-social-link-whatsapp' ><a target=\"_blank\" aria-label=\"Compartir en Whatsapp\" href='https:\/\/api.whatsapp.com\/send?text=https:\/\/radiorevelacionfm.cl\/?p=2024' aria-hidden='false' data-av_icon='\uf232' data-av_iconfont='entypo-fontello' title='' data-avia-related-tooltip='Compartir en Whatsapp' rel=\"noopener\"><span class='avia_hidden_link_text'>Compartir en Whatsapp<\/span><\/a><\/li><li class='av-share-link av-social-link-linkedin' ><a target=\"_blank\" aria-label=\"Compartir en LinkedIn\" href='https:\/\/linkedin.com\/shareArticle?mini=true&#038;title=Aumentan%20en%20un%2020%25%20subvenci%C3%B3n%20municipal%20para%20el%20Cuerpo%20de%20Bomberos%20de%20Chile%20Chico&#038;url=https:\/\/radiorevelacionfm.cl\/?p=2024' aria-hidden='false' data-av_icon='\ue8fc' data-av_iconfont='entypo-fontello' title='' data-avia-related-tooltip='Compartir en LinkedIn' rel=\"noopener\"><span class='avia_hidden_link_text'>Compartir en LinkedIn<\/span><\/a><\/li><li class='av-share-link av-social-link-mail' ><a  aria-label=\"Compartir por correo\" href='mailto:?subject=Aumentan%20en%20un%2020%25%20subvenci%C3%B3n%20municipal%20para%20el%20Cuerpo%20de%20Bomberos%20de%20Chile%20Chico&#038;body=https:\/\/radiorevelacionfm.cl\/?p=2024' aria-hidden='false' data-av_icon='\ue805' data-av_iconfont='entypo-fontello' title='' data-avia-related-tooltip='Compartir por correo'><span class='avia_hidden_link_text'>Compartir por correo<\/span><\/a><\/li><\/ul><\/div><\/div>\n<div  style='height:50px' class='hr hr-invisible   avia-builder-el-8  el_after_av_social_share  el_before_av_comments_list '><span class='hr-inner ' ><span class='hr-inner-style'><\/span><\/span><\/div>\n<div  class='av-buildercomment  av-blog-meta-html-info-disabled av-blog-meta-tag-disabled  '><\/div>\n","protected":false},"excerpt":{"rendered":"","protected":false},"author":1,"featured_media":0,"comment_status":"open","ping_status":"open","sticky":false,"template":"","format":"standard","meta":{"footnotes":""},"categories":[38],"tags":[],"class_list":["post-2024","post","type-post","status-publish","format-standard","hentry","category-regional"],"jetpack_featured_media_url":"","_links":{"self":[{"href":"https:\/\/radiorevelacionfm.cl\/index.php?rest_route=\/wp\/v2\/posts\/2024","targetHints":{"allow":["GET"]}}],"collection":[{"href":"https:\/\/radiorevelacionfm.cl\/index.php?rest_route=\/wp\/v2\/posts"}],"about":[{"href":"https:\/\/radiorevelacionfm.cl\/index.php?rest_route=\/wp\/v2\/types\/post"}],"author":[{"embeddable":true,"href":"https:\/\/radiorevelacionfm.cl\/index.php?rest_route=\/wp\/v2\/users\/1"}],"replies":[{"embeddable":true,"href":"https:\/\/radiorevelacionfm.cl\/index.php?rest_route=%2Fwp%2Fv2%2Fcomments&post=2024"}],"version-history":[{"count":1,"href":"https:\/\/radiorevelacionfm.cl\/index.php?rest_route=\/wp\/v2\/posts\/2024\/revisions"}],"predecessor-version":[{"id":2026,"href":"https:\/\/radiorevelacionfm.cl\/index.php?rest_route=\/wp\/v2\/posts\/2024\/revisions\/2026"}],"wp:attachment":[{"href":"https:\/\/radiorevelacionfm.cl\/index.php?rest_route=%2Fwp%2Fv2%2Fmedia&parent=2024"}],"wp:term":[{"taxonomy":"category","embeddable":true,"href":"https:\/\/radiorevelacionfm.cl\/index.php?rest_route=%2Fwp%2Fv2%2Fcategories&post=2024"},{"taxonomy":"post_tag","embeddable":true,"href":"https:\/\/radiorevelacionfm.cl\/index.php?rest_route=%2Fwp%2Fv2%2Ftags&post=2024"}],"curies":[{"name":"wp","href":"https:\/\/api.w.org\/{rel}","templated":true}]}}