{"id":20209,"date":"2022-08-08T17:13:27","date_gmt":"2022-08-08T20:13:27","guid":{"rendered":"https:\/\/radiorevelacionfm.cl\/?p=20209"},"modified":"2022-08-08T17:13:27","modified_gmt":"2022-08-08T20:13:27","slug":"primera-reunion-en-subpesca-gobernadora-junto-a-pescadores-y-alcalde-de-guaitecas-buscan-solucion-tras-reduccion-de-cuota-del-erizo","status":"publish","type":"post","link":"https:\/\/radiorevelacionfm.cl\/?p=20209","title":{"rendered":"Primera reuni\u00f3n en Subpesca: Gobernadora junto a pescadores y alcalde de Guaitecas buscan soluci\u00f3n tras reducci\u00f3n de cuota del erizo"},"content":{"rendered":"<div class=\"flex_column av_one_full  flex_column_div av-zero-column-padding first  avia-builder-el-0  el_before_av_one_full  avia-builder-el-first  \" style='border-radius:0px; '><div  class='avia-image-container  av-styling-    avia-builder-el-1  avia-builder-el-no-sibling  avia-align-center '  itemprop=\"image\" itemscope=\"itemscope\" itemtype=\"https:\/\/schema.org\/ImageObject\"  ><div class='avia-image-container-inner'><div class='avia-image-overlay-wrap'><img decoding=\"async\" class='wp-image-20210 avia-img-lazy-loading-not-20210 avia_image' src=\"https:\/\/radiorevelacionfm.cl\/wp-content\/uploads\/2022\/08\/297213978_202062205496324_1029127111182453883_n-1_optimized.jpg\" alt='' title='297213978_202062205496324_1029127111182453883_n-(1)_optimized' height=\"600\" width=\"802\"  itemprop=\"thumbnailUrl\" srcset=\"https:\/\/radiorevelacionfm.cl\/wp-content\/uploads\/2022\/08\/297213978_202062205496324_1029127111182453883_n-1_optimized.jpg 802w, https:\/\/radiorevelacionfm.cl\/wp-content\/uploads\/2022\/08\/297213978_202062205496324_1029127111182453883_n-1_optimized-300x224.jpg 300w, https:\/\/radiorevelacionfm.cl\/wp-content\/uploads\/2022\/08\/297213978_202062205496324_1029127111182453883_n-1_optimized-768x575.jpg 768w, https:\/\/radiorevelacionfm.cl\/wp-content\/uploads\/2022\/08\/297213978_202062205496324_1029127111182453883_n-1_optimized-705x527.jpg 705w, https:\/\/radiorevelacionfm.cl\/wp-content\/uploads\/2022\/08\/297213978_202062205496324_1029127111182453883_n-1_optimized-600x449.jpg 600w\" sizes=\"(max-width: 802px) 100vw, 802px\" \/><\/div><\/div><\/div><\/div>\n<div class=\"flex_column av_one_full  flex_column_div av-zero-column-padding first  avia-builder-el-2  el_after_av_one_full  el_before_av_one_full  column-top-margin\" style='border-radius:0px; '><section class=\"av_textblock_section \"  itemscope=\"itemscope\" itemtype=\"https:\/\/schema.org\/BlogPosting\" itemprop=\"blogPost\" ><div class='avia_textblock  '   itemprop=\"text\" ><p style=\"text-align: center;\"><strong><span style=\"font-size: 18pt;\">Primera reuni\u00f3n en Subpesca: Gobernadora junto a pescadores y alcalde de Guaitecas buscan soluci\u00f3n tras reducci\u00f3n de cuota del erizo<\/span><\/strong><\/p>\n<div id=\"gtx-trans\" style=\"position: absolute; left: -50px; top: 4.31534px;\">\n<div class=\"gtx-trans-icon\"><\/div>\n<\/div>\n<\/div><\/section><\/div><div class=\"flex_column av_one_full  flex_column_div av-zero-column-padding first  avia-builder-el-4  el_after_av_one_full  el_before_av_hr  column-top-margin\" style='border-radius:0px; '><section class=\"av_textblock_section \"  itemscope=\"itemscope\" itemtype=\"https:\/\/schema.org\/BlogPosting\" itemprop=\"blogPost\" ><div class='avia_textblock  '   itemprop=\"text\" ><p dir=\"ltr\" style=\"text-align: justify;\">La Gobernadora Regional, Andrea Mac\u00edas Palma, estuvo en una reuni\u00f3n junto a las y los representantes de los pescadores artesanales de la Regi\u00f3n de Ays\u00e9n, el alcalde de Guaitecas, Marcos Silva, con el Subsecretario de Pesca y Acuicultura (Subpesca), Julio Salas, el Director del Servicio Nacional de Pesca y Acuicultura (Sernapesca), el Delegado Presidencial Regional de Ays\u00e9n, Rodrigo Araya, y el Delegado Provincial de Ays\u00e9n, Jorge Salfate, para abordar la problem\u00e1tica surgida tras disminuir la cuota del recurso erizo de la regi\u00f3n, luego que la subsecretar\u00eda emitiera la modificaci\u00f3n de la \u00abResoluci\u00f3n Exenta N\u00ba 675\u00bb, del pasado 2 de agosto, firmada por el subsecretario de Pesca y Acuicultura.<\/p>\n<p dir=\"ltr\" style=\"text-align: justify;\">En la primera reuni\u00f3n de la jornada, realizada en Santiago, los diferentes sectores estuvieron de acuerdo en paralizar la extracci\u00f3n del recurso erizo por quince d\u00edas, mientras se espera la entrega de soluciones por parte de la Subsecretar\u00eda de Pesca y Acuicultura.<\/p>\n<p dir=\"ltr\" style=\"text-align: justify;\">La Gobernadora Regional, Andrea Mac\u00edas, dijo a las autoridades gubernamentales presentes que no hubo di\u00e1logo previo con la Regi\u00f3n de Ays\u00e9n cuando la Subsecretar\u00eda de Pesca y Acuicultura, lleg\u00f3 al acuerdo con los pescadores artesanales de Los Lagos en la modificaci\u00f3n de la cuota de extracci\u00f3n del recurso erizo, despu\u00e9s que efectuaran movilizaciones.<\/p>\n<p dir=\"ltr\" style=\"text-align: justify;\">\u00abHubo una solicitud directa al subsecretario que pueda explicar la decisi\u00f3n arbitraria que tom\u00f3 en su momento de quitar estas trescientas toneladas de erizo a la cuota de los pescadores de la Regi\u00f3n de Ays\u00e9n (&#8230;) Vamos a acudir a todos los mecanismos para seguir insistiendo en que esta decisi\u00f3n quede sin efecto porque nos parece que no es justa\u00bb, anunci\u00f3 la Gobernadora Regional.<\/p>\n<p dir=\"ltr\" style=\"text-align: justify;\">En la misma instancia les inform\u00f3 sobre el recurso de reposici\u00f3n interpuesto en contra de la Resoluci\u00f3n Exenta N\u00ba 1557, del 2 de agosto de 2022, que pod\u00eda ser impugnada en cinco d\u00edas de plazo otorgado de acuerdo a la documentaci\u00f3n emitida por la Subpesca.<\/p>\n<p dir=\"ltr\" style=\"text-align: justify;\">El escrito expresa que \u00abcon la decisi\u00f3n unilateral de la Subsecretar\u00eda se ha perjudicado directamente a un sector productivo de m\u00e1xima relevancia regional, y en forma directa, a todos los habitantes de la Regi\u00f3n de Ays\u00e9n, considerando los efectos econ\u00f3micos (&#8230;) Desde la dictaci\u00f3n de la resoluci\u00f3n exenta N\u00ba 1557 que se repone y el d\u00eda de hoy, ya ha habido extracci\u00f3n de 100 toneladas del recurso erizo, esto es aun antes de que dicha resoluci\u00f3n se notifique a trav\u00e9s de la publicaci\u00f3n del diario oficial, que ella misma ordena, por lo que se hace necesario la suspensi\u00f3n del acto mientras la autoridad se pronuncia sobre la legalidad, arbitrariedad y falta de fundamentaci\u00f3n de la resoluci\u00f3n recurrida y se mantengan las cuotas seg\u00fan lo regulado en la Res. Exenta del 31 de marzo del presenta a\u00f1o (&#8230;) para el improbable caso de que no acoja el recurso de reposici\u00f3n interpuesto en lo principal y de conformidad con el art\u00edculo 59 de la Ley 19.880, bases de procedimientos administrativos, presento recurso jer\u00e1rquico para ante el Sr. Ministro de Econom\u00eda, Fomento y Turismo, es decir, vuestro superior jer\u00e1rquico a fin de que resuelva el asunto sometido a su consideraci\u00f3n\u00bb, detalla el el recurso de reposici\u00f3n presentado.<\/p>\n<p dir=\"ltr\" style=\"text-align: justify;\">El 2 de agosto del presente a\u00f1o, la subsecretar\u00eda modific\u00f3 la \u00abResoluci\u00f3n Exenta N\u00ba 675 de 2022\u00bb, cambiando la cuota de extracci\u00f3n del recurso erizo de 6.320 a 6.020 toneladas para la Regi\u00f3n de Ays\u00e9n, mientras que a la Regi\u00f3n de Los Lagos 8.904,53, la cifra anterior era de 8.604,53 toneladas.<\/p>\n<p dir=\"ltr\" style=\"text-align: justify;\">Una de las solicitudes en la que pidieron priorizaci\u00f3n es tener un nuevo punto de desembarco para la Regi\u00f3n de Ays\u00e9n, esperan tener una respuesta hoy en la tarde. \u00abPedir y solicitar, garantizar, el tema de la movilizaci\u00f3n hoy d\u00eda, de la conectividad, no cierto, de la barcaza que hoy d\u00eda se le d\u00e9 seguridad a la gente de Ays\u00e9n y, por supuesto, a la gente de nuestra comuna de garantizar el tema de la barcaza. Si el acceso tiene que ser hoy d\u00eda a Castro, bueno, tendr\u00e1n que ponerse los recursos a disposici\u00f3n\u00bb, dijo el alcalde de Guaitecas, Marcos Silva.<\/p>\n<p dir=\"ltr\" style=\"text-align: justify;\">La dirigenta Lorena Piticar pidi\u00f3 la devoluci\u00f3n de las trescientas toneladas de la cuota de erizo que fueron disminuidas, se refiri\u00f3 al cierre temporal de la extracci\u00f3n, y explic\u00f3 la importancia de que la Regi\u00f3n de Ays\u00e9n cuente con un nuevo punto de desembarco.<\/p>\n<p dir=\"ltr\" style=\"text-align: justify;\">\u00abLogramos cerrar el erizo hoy por quince d\u00edas la extracci\u00f3n para que no se nos siga escapando la cuota y trabajar en otros \u00e1mbitos como que es el tema de ver la posibilidad que le vamos a dar firme a eso, no nos vamos a ir sin eso, la conectividad de nuestra comuna o de todo el litoral hacia otro puerto m\u00e1s seguro para que hoy d\u00eda no sigamos teniendo ese problema ni esa presi\u00f3n de parte de la gente de Quell\u00f3n\u00bb, manifest\u00f3 Lorena Piticar.<\/p>\n<p dir=\"ltr\" style=\"text-align: justify;\">Al finalizar la reuni\u00f3n el Subsecretario de Pesca y Acuicultura, Julio Salas, enumer\u00f3 diversas tareas las cuales quedaron en abordar como, por ejemplo, la diversificaci\u00f3n de los puntos de descarga, promover instrumentos de fomento desde el Ministerio de Econom\u00eda, generar un instrumento para canalizar los recursos pendientes y que vayan directo, coordinaci\u00f3n con la Armada y la subsecretar\u00eda para abordar las deficiencias de la fiscalizaci\u00f3n, una nueva conversaci\u00f3n sobre el Plan de Manejo, entre otros.<\/p>\n<p dir=\"ltr\" style=\"text-align: justify;\">La segunda reuni\u00f3n se llevar\u00e1 a cabo hoy a las 16:30 horas en La Moneda.<\/p>\n<\/div><\/section><\/div><\/p>\n<div  style='height:50px' class='hr hr-invisible   avia-builder-el-6  el_after_av_one_full  el_before_av_social_share '><span class='hr-inner ' ><span class='hr-inner-style'><\/span><\/span><\/div>\n<div  class='av-social-sharing-box  avia-builder-el-7  el_after_av_hr  el_before_av_hr  '><div class='av-share-box'><h5 class='av-share-link-description av-no-toc '>Compartir esta noticia<\/h5><ul class='av-share-box-list noLightbox'><li class='av-share-link av-social-link-facebook' ><a target=\"_blank\" aria-label=\"Compartir en Facebook\" href='https:\/\/www.facebook.com\/sharer.php?u=https:\/\/radiorevelacionfm.cl\/?p=20209&#038;t=Primera%20reuni%C3%B3n%20en%20Subpesca%3A%20Gobernadora%20junto%20a%20pescadores%20y%20alcalde%20de%20Guaitecas%20buscan%20soluci%C3%B3n%20tras%20reducci%C3%B3n%20de%20cuota%20del%20erizo' aria-hidden='false' data-av_icon='\ue8f3' data-av_iconfont='entypo-fontello' title='' data-avia-related-tooltip='Compartir en Facebook' rel=\"noopener\"><span class='avia_hidden_link_text'>Compartir en Facebook<\/span><\/a><\/li><li class='av-share-link av-social-link-twitter' ><a target=\"_blank\" aria-label=\"Compartir en Twitter\" href='https:\/\/twitter.com\/share?text=Primera%20reuni%C3%B3n%20en%20Subpesca%3A%20Gobernadora%20junto%20a%20pescadores%20y%20alcalde%20de%20Guaitecas%20buscan%20soluci%C3%B3n%20tras%20reducci%C3%B3n%20de%20cuota%20del%20erizo&#038;url=https:\/\/radiorevelacionfm.cl\/?p=20209' aria-hidden='false' data-av_icon='\ue8f1' data-av_iconfont='entypo-fontello' title='' data-avia-related-tooltip='Compartir en Twitter' rel=\"noopener\"><span class='avia_hidden_link_text'>Compartir en Twitter<\/span><\/a><\/li><li class='av-share-link av-social-link-whatsapp' ><a target=\"_blank\" aria-label=\"Compartir en Whatsapp\" href='https:\/\/api.whatsapp.com\/send?text=https:\/\/radiorevelacionfm.cl\/?p=20209' aria-hidden='false' data-av_icon='\uf232' data-av_iconfont='entypo-fontello' title='' data-avia-related-tooltip='Compartir en Whatsapp' rel=\"noopener\"><span class='avia_hidden_link_text'>Compartir en Whatsapp<\/span><\/a><\/li><li class='av-share-link av-social-link-linkedin' ><a target=\"_blank\" aria-label=\"Compartir en LinkedIn\" href='https:\/\/linkedin.com\/shareArticle?mini=true&#038;title=Primera%20reuni%C3%B3n%20en%20Subpesca%3A%20Gobernadora%20junto%20a%20pescadores%20y%20alcalde%20de%20Guaitecas%20buscan%20soluci%C3%B3n%20tras%20reducci%C3%B3n%20de%20cuota%20del%20erizo&#038;url=https:\/\/radiorevelacionfm.cl\/?p=20209' aria-hidden='false' data-av_icon='\ue8fc' data-av_iconfont='entypo-fontello' title='' data-avia-related-tooltip='Compartir en LinkedIn' rel=\"noopener\"><span class='avia_hidden_link_text'>Compartir en LinkedIn<\/span><\/a><\/li><li class='av-share-link av-social-link-mail' ><a  aria-label=\"Compartir por correo\" href='mailto:?subject=Primera%20reuni%C3%B3n%20en%20Subpesca%3A%20Gobernadora%20junto%20a%20pescadores%20y%20alcalde%20de%20Guaitecas%20buscan%20soluci%C3%B3n%20tras%20reducci%C3%B3n%20de%20cuota%20del%20erizo&#038;body=https:\/\/radiorevelacionfm.cl\/?p=20209' aria-hidden='false' data-av_icon='\ue805' data-av_iconfont='entypo-fontello' title='' data-avia-related-tooltip='Compartir por correo'><span class='avia_hidden_link_text'>Compartir por correo<\/span><\/a><\/li><\/ul><\/div><\/div>\n<div  style='height:50px' class='hr hr-invisible   avia-builder-el-8  el_after_av_social_share  el_before_av_comments_list '><span class='hr-inner ' ><span class='hr-inner-style'><\/span><\/span><\/div>\n<div  class='av-buildercomment  av-blog-meta-html-info-disabled av-blog-meta-tag-disabled  '><\/div>\n","protected":false},"excerpt":{"rendered":"","protected":false},"author":1,"featured_media":20210,"comment_status":"open","ping_status":"open","sticky":false,"template":"","format":"standard","meta":{"footnotes":""},"categories":[60],"tags":[],"class_list":["post-20209","post","type-post","status-publish","format-standard","has-post-thumbnail","hentry","category-pesca"],"jetpack_featured_media_url":"https:\/\/radiorevelacionfm.cl\/wp-content\/uploads\/2022\/08\/297213978_202062205496324_1029127111182453883_n-1_optimized.jpg","_links":{"self":[{"href":"https:\/\/radiorevelacionfm.cl\/index.php?rest_route=\/wp\/v2\/posts\/20209","targetHints":{"allow":["GET"]}}],"collection":[{"href":"https:\/\/radiorevelacionfm.cl\/index.php?rest_route=\/wp\/v2\/posts"}],"about":[{"href":"https:\/\/radiorevelacionfm.cl\/index.php?rest_route=\/wp\/v2\/types\/post"}],"author":[{"embeddable":true,"href":"https:\/\/radiorevelacionfm.cl\/index.php?rest_route=\/wp\/v2\/users\/1"}],"replies":[{"embeddable":true,"href":"https:\/\/radiorevelacionfm.cl\/index.php?rest_route=%2Fwp%2Fv2%2Fcomments&post=20209"}],"version-history":[{"count":3,"href":"https:\/\/radiorevelacionfm.cl\/index.php?rest_route=\/wp\/v2\/posts\/20209\/revisions"}],"predecessor-version":[{"id":20215,"href":"https:\/\/radiorevelacionfm.cl\/index.php?rest_route=\/wp\/v2\/posts\/20209\/revisions\/20215"}],"wp:featuredmedia":[{"embeddable":true,"href":"https:\/\/radiorevelacionfm.cl\/index.php?rest_route=\/wp\/v2\/media\/20210"}],"wp:attachment":[{"href":"https:\/\/radiorevelacionfm.cl\/index.php?rest_route=%2Fwp%2Fv2%2Fmedia&parent=20209"}],"wp:term":[{"taxonomy":"category","embeddable":true,"href":"https:\/\/radiorevelacionfm.cl\/index.php?rest_route=%2Fwp%2Fv2%2Fcategories&post=20209"},{"taxonomy":"post_tag","embeddable":true,"href":"https:\/\/radiorevelacionfm.cl\/index.php?rest_route=%2Fwp%2Fv2%2Ftags&post=20209"}],"curies":[{"name":"wp","href":"https:\/\/api.w.org\/{rel}","templated":true}]}}