{"id":20207,"date":"2022-08-08T18:00:21","date_gmt":"2022-08-08T21:00:21","guid":{"rendered":"https:\/\/radiorevelacionfm.cl\/?p=20207"},"modified":"2022-08-08T18:00:21","modified_gmt":"2022-08-08T21:00:21","slug":"corte-de-coyhaique-ordena-a-caja-de-compensacion-los-andes-restituir-cobros-indebidos-a-deudor-de-credito-social","status":"publish","type":"post","link":"https:\/\/radiorevelacionfm.cl\/?p=20207","title":{"rendered":"Corte de Coyhaique ordena a Caja de Compensaci\u00f3n Los Andes restituir cobros indebidos a deudor de cr\u00e9dito social"},"content":{"rendered":"<div class=\"flex_column av_one_full  flex_column_div av-zero-column-padding first  avia-builder-el-0  el_before_av_one_full  avia-builder-el-first  \" style='border-radius:0px; '><div  class='avia-image-container  av-styling-    avia-builder-el-1  avia-builder-el-no-sibling  avia-align-center '  itemprop=\"image\" itemscope=\"itemscope\" itemtype=\"https:\/\/schema.org\/ImageObject\"  ><div class='avia-image-container-inner'><div class='avia-image-overlay-wrap'><img decoding=\"async\" class='wp-image-6281 avia-img-lazy-loading-not-6281 avia_image' src=\"https:\/\/radiorevelacionfm.cl\/wp-content\/uploads\/2021\/07\/Foto-02-Corte-Coyhaique-1-1.jpg\" alt='' title='Foto 02 Corte Coyhaique (1) (1)' height=\"600\" width=\"900\"  itemprop=\"thumbnailUrl\" srcset=\"https:\/\/radiorevelacionfm.cl\/wp-content\/uploads\/2021\/07\/Foto-02-Corte-Coyhaique-1-1.jpg 900w, https:\/\/radiorevelacionfm.cl\/wp-content\/uploads\/2021\/07\/Foto-02-Corte-Coyhaique-1-1-300x200.jpg 300w, https:\/\/radiorevelacionfm.cl\/wp-content\/uploads\/2021\/07\/Foto-02-Corte-Coyhaique-1-1-768x512.jpg 768w, https:\/\/radiorevelacionfm.cl\/wp-content\/uploads\/2021\/07\/Foto-02-Corte-Coyhaique-1-1-705x470.jpg 705w, https:\/\/radiorevelacionfm.cl\/wp-content\/uploads\/2021\/07\/Foto-02-Corte-Coyhaique-1-1-600x400.jpg 600w\" sizes=\"(max-width: 900px) 100vw, 900px\" \/><\/div><\/div><\/div><\/div><div class=\"flex_column av_one_full  flex_column_div av-zero-column-padding first  avia-builder-el-2  el_after_av_one_full  el_before_av_one_full  column-top-margin\" style='border-radius:0px; '><section class=\"av_textblock_section \"  itemscope=\"itemscope\" itemtype=\"https:\/\/schema.org\/BlogPosting\" itemprop=\"blogPost\" ><div class='avia_textblock  '   itemprop=\"text\" ><p style=\"text-align: center;\"><strong><span style=\"font-size: 18pt;\">Corte de Coyhaique ordena a Caja de Compensaci\u00f3n Los Andes restituir cobros indebidos a deudor de cr\u00e9dito social<\/span><\/strong><\/p>\n<div id=\"gtx-trans\" style=\"position: absolute; left: -50px; top: 4.31534px;\">\n<div class=\"gtx-trans-icon\"><\/div>\n<\/div>\n<\/div><\/section><\/div><div class=\"flex_column av_one_full  flex_column_div av-zero-column-padding first  avia-builder-el-4  el_after_av_one_full  el_before_av_hr  column-top-margin\" style='border-radius:0px; '><section class=\"av_textblock_section \"  itemscope=\"itemscope\" itemtype=\"https:\/\/schema.org\/BlogPosting\" itemprop=\"blogPost\" ><div class='avia_textblock  '   itemprop=\"text\" ><p class=\"v1MsoNormal\" style=\"text-align: justify;\">La Corte de Apelaciones de Coyhaique acogi\u00f3 el recurso de protecci\u00f3n interpuesto por deudor de cr\u00e9dito social y le orden\u00f3 a la Caja de Compensaci\u00f3n de Asignaci\u00f3n Familiar Los Andes el cese inmediato de los requerimientos formulados al empleador del recurrente sobre los descuentos de sus remuneraciones y a restituir las sumas descontadas desde febrero pasado.<\/p>\n<p class=\"v1MsoNormal\" style=\"text-align: justify;\">En fallo un\u00e1nime (causa rol 828\u20132022), la Primera Sala del tribunal de alzada \u2013integrada por los ministros Pedro Castro Espinoza, Natalia Rencoret Oliva y el abogado (i) Rodrigo Solis Solis\u2013 acogi\u00f3 la acci\u00f3n cautelar por considerarla que la parte recurrida actu\u00f3 en forma arbitraria y con vulneraci\u00f3n del derecho de propiedad del trabajador afiliado.<\/p>\n<p class=\"v1MsoNormal\" style=\"text-align: justify;\">\u00ab(&#8230;) el art\u00edculo 54, y siguientes del C\u00f3digo del Trabajo, consagran el principio de la protecci\u00f3n de las remuneraciones y la certeza de las mismas que tiene como objetivo garantizar la certidumbre al trabajador en cuanto a la remuneraci\u00f3n que le corresponde recibir por la prestaci\u00f3n de sus servicios y el art\u00edculo 58, del cuerpo legal citado, obliga al empleador a deducir de las remuneraciones los impuestos que la graven, las cotizaciones de seguridad social, las cuotas sindicales en conformidad a la legislaci\u00f3n respectiva y las obligaciones con instituciones de previsi\u00f3n o con organismos p\u00fablicos, naturaleza que no tienen los cr\u00e9ditos que puedan solicitar los afiliados, m\u00e1s a\u00fan en aquellos casos en que una posible deuda haya sido contra\u00edda con mucha antig\u00fcedad en que eventualmente podr\u00eda discutirse una posible prescripci\u00f3n y tampoco consta que se haya incoado alg\u00fan procedimiento o juicio contra los deudores en sede judicial para el cobro de la deuda, por lo que debe estimarse como arbitraria la decisi\u00f3n de la instituci\u00f3n que se dice acreedora en orden a requerir directamente a la empleadora del trabajador el descuento de las cuotas adeudadas mediante la v\u00eda de efectuar este en la remuneraci\u00f3n mensual que se paga al trabajador, como ocurri\u00f3 en la especie y sin que se hayan dilucidado previamente las circunstancias de efectivamente adeudarse estas y otras eventuales excepciones o defensas que puedan hacerse valer\u00bb, plantea el fallo.<\/p>\n<p class=\"v1MsoNormal\" style=\"text-align: justify;\">La resoluci\u00f3n agrega:\u00a0\u00abQue, en consecuencia, habi\u00e9ndose constatado una serie de actos arbitrarios de la recurrida, ha de concluirse, necesariamente, con que tales actos vulneraron, vulneran y amenazan el derecho de propiedad del recurrente sobre su remuneraci\u00f3n, priv\u00e1ndole de beneficios econ\u00f3micos, derecho que se encuentra amparado y protegido por el n\u00famero 24, de la Constituci\u00f3n Pol\u00edtica de la Rep\u00fablica, de lo que se colige que el recurrente debe ser amparado y su recurso acogido en la forma que se declarar\u00e1\u00bb.<\/p>\n<p class=\"v1MsoNormal\" style=\"text-align: justify;\">Por tanto, se resuelve que: \u00abSE ACOGE, sin costas, el recurso de protecci\u00f3n deducido por Mario Espinosa Valderrama, abogado, en representaci\u00f3n de Ra\u00fal Antonio Momberg Zamorano, en contra de la Caja de Compensaci\u00f3n de Asignaci\u00f3n Familiar Los Andes, representada para estos efectos por Nelson Mauricio Rojas Mena, y se ordena el cese inmediato de la informaci\u00f3n y requerimiento al empleador del recurrente, del descuento de sus remuneraciones por concepto del cr\u00e9dito social, otorgado el 26 de Julio del a\u00f1o 2018 por la Caja de Compensaci\u00f3n y Asignaci\u00f3n Familiar Los Andes, orden\u00e1ndose, adem\u00e1s, se restituyan o devuelvan al recurrente todas las sumas mensuales que se descontaron de su remuneraci\u00f3n a partir del mes de febrero del a\u00f1o 2022 y hasta la \u00faltima de ellas\u00bb.<\/p>\n<\/div><\/section><\/div><div  style='height:50px' class='hr hr-invisible   avia-builder-el-6  el_after_av_one_full  el_before_av_social_share '><span class='hr-inner ' ><span class='hr-inner-style'><\/span><\/span><\/div><\/p>\n<div  class='av-social-sharing-box  avia-builder-el-7  el_after_av_hr  el_before_av_hr  '><div class='av-share-box'><h5 class='av-share-link-description av-no-toc '>Compartir esta noticia<\/h5><ul class='av-share-box-list noLightbox'><li class='av-share-link av-social-link-facebook' ><a target=\"_blank\" aria-label=\"Compartir en Facebook\" href='https:\/\/www.facebook.com\/sharer.php?u=https:\/\/radiorevelacionfm.cl\/?p=20207&#038;t=Corte%20de%20Coyhaique%20ordena%20a%20Caja%20de%20Compensaci%C3%B3n%20Los%20Andes%20restituir%20cobros%20indebidos%20a%20deudor%20de%20cr%C3%A9dito%20social' aria-hidden='false' data-av_icon='\ue8f3' data-av_iconfont='entypo-fontello' title='' data-avia-related-tooltip='Compartir en Facebook' rel=\"noopener\"><span class='avia_hidden_link_text'>Compartir en Facebook<\/span><\/a><\/li><li class='av-share-link av-social-link-twitter' ><a target=\"_blank\" aria-label=\"Compartir en Twitter\" href='https:\/\/twitter.com\/share?text=Corte%20de%20Coyhaique%20ordena%20a%20Caja%20de%20Compensaci%C3%B3n%20Los%20Andes%20restituir%20cobros%20indebidos%20a%20deudor%20de%20cr%C3%A9dito%20social&#038;url=https:\/\/radiorevelacionfm.cl\/?p=20207' aria-hidden='false' data-av_icon='\ue8f1' data-av_iconfont='entypo-fontello' title='' data-avia-related-tooltip='Compartir en Twitter' rel=\"noopener\"><span class='avia_hidden_link_text'>Compartir en Twitter<\/span><\/a><\/li><li class='av-share-link av-social-link-whatsapp' ><a target=\"_blank\" aria-label=\"Compartir en Whatsapp\" href='https:\/\/api.whatsapp.com\/send?text=https:\/\/radiorevelacionfm.cl\/?p=20207' aria-hidden='false' data-av_icon='\uf232' data-av_iconfont='entypo-fontello' title='' data-avia-related-tooltip='Compartir en Whatsapp' rel=\"noopener\"><span class='avia_hidden_link_text'>Compartir en Whatsapp<\/span><\/a><\/li><li class='av-share-link av-social-link-linkedin' ><a target=\"_blank\" aria-label=\"Compartir en LinkedIn\" href='https:\/\/linkedin.com\/shareArticle?mini=true&#038;title=Corte%20de%20Coyhaique%20ordena%20a%20Caja%20de%20Compensaci%C3%B3n%20Los%20Andes%20restituir%20cobros%20indebidos%20a%20deudor%20de%20cr%C3%A9dito%20social&#038;url=https:\/\/radiorevelacionfm.cl\/?p=20207' aria-hidden='false' data-av_icon='\ue8fc' data-av_iconfont='entypo-fontello' title='' data-avia-related-tooltip='Compartir en LinkedIn' rel=\"noopener\"><span class='avia_hidden_link_text'>Compartir en LinkedIn<\/span><\/a><\/li><li class='av-share-link av-social-link-mail' ><a  aria-label=\"Compartir por correo\" href='mailto:?subject=Corte%20de%20Coyhaique%20ordena%20a%20Caja%20de%20Compensaci%C3%B3n%20Los%20Andes%20restituir%20cobros%20indebidos%20a%20deudor%20de%20cr%C3%A9dito%20social&#038;body=https:\/\/radiorevelacionfm.cl\/?p=20207' aria-hidden='false' data-av_icon='\ue805' data-av_iconfont='entypo-fontello' title='' data-avia-related-tooltip='Compartir por correo'><span class='avia_hidden_link_text'>Compartir por correo<\/span><\/a><\/li><\/ul><\/div><\/div>\n<div  style='height:50px' class='hr hr-invisible   avia-builder-el-8  el_after_av_social_share  el_before_av_comments_list '><span class='hr-inner ' ><span class='hr-inner-style'><\/span><\/span><\/div>\n<div  class='av-buildercomment  av-blog-meta-html-info-disabled av-blog-meta-tag-disabled  '><\/div>\n","protected":false},"excerpt":{"rendered":"","protected":false},"author":1,"featured_media":6281,"comment_status":"open","ping_status":"open","sticky":false,"template":"","format":"standard","meta":{"footnotes":""},"categories":[55],"tags":[],"class_list":["post-20207","post","type-post","status-publish","format-standard","has-post-thumbnail","hentry","category-justicia"],"jetpack_featured_media_url":"https:\/\/radiorevelacionfm.cl\/wp-content\/uploads\/2021\/07\/Foto-02-Corte-Coyhaique-1-1.jpg","_links":{"self":[{"href":"https:\/\/radiorevelacionfm.cl\/index.php?rest_route=\/wp\/v2\/posts\/20207","targetHints":{"allow":["GET"]}}],"collection":[{"href":"https:\/\/radiorevelacionfm.cl\/index.php?rest_route=\/wp\/v2\/posts"}],"about":[{"href":"https:\/\/radiorevelacionfm.cl\/index.php?rest_route=\/wp\/v2\/types\/post"}],"author":[{"embeddable":true,"href":"https:\/\/radiorevelacionfm.cl\/index.php?rest_route=\/wp\/v2\/users\/1"}],"replies":[{"embeddable":true,"href":"https:\/\/radiorevelacionfm.cl\/index.php?rest_route=%2Fwp%2Fv2%2Fcomments&post=20207"}],"version-history":[{"count":2,"href":"https:\/\/radiorevelacionfm.cl\/index.php?rest_route=\/wp\/v2\/posts\/20207\/revisions"}],"predecessor-version":[{"id":20219,"href":"https:\/\/radiorevelacionfm.cl\/index.php?rest_route=\/wp\/v2\/posts\/20207\/revisions\/20219"}],"wp:featuredmedia":[{"embeddable":true,"href":"https:\/\/radiorevelacionfm.cl\/index.php?rest_route=\/wp\/v2\/media\/6281"}],"wp:attachment":[{"href":"https:\/\/radiorevelacionfm.cl\/index.php?rest_route=%2Fwp%2Fv2%2Fmedia&parent=20207"}],"wp:term":[{"taxonomy":"category","embeddable":true,"href":"https:\/\/radiorevelacionfm.cl\/index.php?rest_route=%2Fwp%2Fv2%2Fcategories&post=20207"},{"taxonomy":"post_tag","embeddable":true,"href":"https:\/\/radiorevelacionfm.cl\/index.php?rest_route=%2Fwp%2Fv2%2Ftags&post=20207"}],"curies":[{"name":"wp","href":"https:\/\/api.w.org\/{rel}","templated":true}]}}