{"id":20204,"date":"2022-08-08T18:52:45","date_gmt":"2022-08-08T21:52:45","guid":{"rendered":"https:\/\/radiorevelacionfm.cl\/?p=20204"},"modified":"2022-08-08T18:52:45","modified_gmt":"2022-08-08T21:52:45","slug":"celebran-el-dia-del-nino-con-el-lema-respetar-la-ninez-es-ley","status":"publish","type":"post","link":"https:\/\/radiorevelacionfm.cl\/?p=20204","title":{"rendered":"Celebran el D\u00eda del Ni\u00f1o con el lema \u201cRespetar la Ni\u00f1ez es Ley\u201d"},"content":{"rendered":"<div class=\"flex_column av_one_full  flex_column_div av-zero-column-padding first  avia-builder-el-0  el_before_av_one_full  avia-builder-el-first  \" style='border-radius:0px; '><div  class='avia-image-container  av-styling-    avia-builder-el-1  avia-builder-el-no-sibling  avia-align-center '  itemprop=\"image\" itemscope=\"itemscope\" itemtype=\"https:\/\/schema.org\/ImageObject\"  ><div class='avia-image-container-inner'><div class='avia-image-overlay-wrap'><img decoding=\"async\" class='wp-image-20205 avia-img-lazy-loading-not-20205 avia_image' src=\"https:\/\/radiorevelacionfm.cl\/wp-content\/uploads\/2022\/08\/2-96-1-1_optimized-1.jpg\" alt='' title='2-(96)-(1)-(1)_optimized (1)' height=\"600\" width=\"1005\"  itemprop=\"thumbnailUrl\" srcset=\"https:\/\/radiorevelacionfm.cl\/wp-content\/uploads\/2022\/08\/2-96-1-1_optimized-1.jpg 1005w, https:\/\/radiorevelacionfm.cl\/wp-content\/uploads\/2022\/08\/2-96-1-1_optimized-1-300x179.jpg 300w, https:\/\/radiorevelacionfm.cl\/wp-content\/uploads\/2022\/08\/2-96-1-1_optimized-1-768x459.jpg 768w, https:\/\/radiorevelacionfm.cl\/wp-content\/uploads\/2022\/08\/2-96-1-1_optimized-1-705x421.jpg 705w, https:\/\/radiorevelacionfm.cl\/wp-content\/uploads\/2022\/08\/2-96-1-1_optimized-1-600x358.jpg 600w\" sizes=\"(max-width: 1005px) 100vw, 1005px\" \/><\/div><\/div><\/div><\/div><div class=\"flex_column av_one_full  flex_column_div av-zero-column-padding first  avia-builder-el-2  el_after_av_one_full  el_before_av_one_full  column-top-margin\" style='border-radius:0px; '><section class=\"av_textblock_section \"  itemscope=\"itemscope\" itemtype=\"https:\/\/schema.org\/BlogPosting\" itemprop=\"blogPost\" ><div class='avia_textblock  '   itemprop=\"text\" ><p style=\"text-align: center;\"><strong><span style=\"font-size: 18pt;\">Celebran el D\u00eda del Ni\u00f1o con el lema \u201cRespetar la Ni\u00f1ez es Ley\u201d<\/span><\/strong><\/p>\n<div id=\"gtx-trans\" style=\"position: absolute; left: -50px; top: 4.31534px;\">\n<div class=\"gtx-trans-icon\"><\/div>\n<\/div>\n<\/div><\/section><\/div><div class=\"flex_column av_one_full  flex_column_div av-zero-column-padding first  avia-builder-el-4  el_after_av_one_full  el_before_av_hr  column-top-margin\" style='border-radius:0px; '><section class=\"av_textblock_section \"  itemscope=\"itemscope\" itemtype=\"https:\/\/schema.org\/BlogPosting\" itemprop=\"blogPost\" ><div class='avia_textblock  '   itemprop=\"text\" ><p style=\"text-align: justify;\">Fueron casi una veintena de servicios p\u00fablicos encabezados por el Delegado Presidencial en la Regi\u00f3n de Ays\u00e9n, Rodrigo Araya y la Secretaria Ministerial de Desarrollo Social y Familia, Karina Acevedo, los encargados de organizar la celebraci\u00f3n del D\u00eda del Ni\u00f1o y la Ni\u00f1a en el marco del Gobierno en Terreno y el lema: Respetar la Ni\u00f1ez es Ley\u201d. Seg\u00fan los organizadores la idea era dar contenido a esta celebraci\u00f3n desde una perspectiva de derecho, entendiendo que desde el \u201c15 de marzo la Ley de Garant\u00edas y Protecci\u00f3n Integral de Derechos de la Ni\u00f1ez y la Adolescencia marca un camino que lleva a la construcci\u00f3n de un sistema de protecci\u00f3n integral\u201d.<\/p>\n<p style=\"text-align: justify;\">Rodrigo Araya, delegado presidencial regional, explic\u00f3 en el marco de este despliegue de servicios p\u00fablicos que reuni\u00f3 a m\u00e1s de 20 instituciones, entre Ministerio del Trabajo, Salud, Educaci\u00f3n e incluso el Ej\u00e9rcito de Chile que \u201cquisimos hacer este Gobierno en Terreno remarcando y realzando los derechos de los ni\u00f1os y ni\u00f1as. Tenemos una nueva legislaci\u00f3n que es la Ley de Garant\u00eda y Protecci\u00f3n de los Derechos de la Ni\u00f1ez que tenemos que cumplir y por tanto nos interesa difundirla y que todas las personas tambi\u00e9n se hagan cargo de lo que le corresponde como comunidad. Nosotros estamos comprometidos con defender los derechos de la ni\u00f1ez\u201d dijo el representante del Presidente Gabriel Boric en la Regi\u00f3n de Ays\u00e9n.<\/p>\n<p style=\"text-align: justify;\">Por su parte Karina Acevedo, secretaria Regional Ministerial de Desarrollo Social y Familia, enfatiz\u00f3 que la idea era festejar esta importante fecha, pero con contenido, enfatizando la perspectiva de derecho y que el bien superior de la infancia que debe ser uno de los principales pilares de la gesti\u00f3n gubernamental. \u201cNos encontramos en la Plaza de Coyhaique para poder festejar el D\u00eda de la Ni\u00f1ez y de las Adolescentes; estamos frente a una nueva institucionalidad que nos da un marco legal distinto para poder abordar en forma integral todos los derechos de las ni\u00f1as, ni\u00f1os y adolescentes. La nueva Ley de Garant\u00edas 21.430, hoy nos convocamos intersectorialmente junto a diferentes organismos del Estado, para decir que en Chile respetar la ni\u00f1ez en ley\u201d.<\/p>\n<p style=\"text-align: justify;\">Finalmente, la actividad que se desarroll\u00f3 desde las 15,00 horas en la Plaza de Armas de Coyhaique y que se extendi\u00f3 hasta pasada las 18,00 horas, permiti\u00f3 que m\u00e1s de 4 mil personas pudieran disfrutar de m\u00e1s de 18 stands con informaci\u00f3n, suvenires, m\u00fasica, juegos y hasta una tirolesa montada por el Ej\u00e9rcito de Chile, en una fiesta que buscaba difundir desde la perspectiva de derecho una ley que \u201centrega el mandato al Estado para proteger y garantizar que todos los ni\u00f1os, ni\u00f1as y adolescentes puedan desarrollarse un ambiente libre de violencia y ejerciendo plenamente sus derechos\u201d.<\/p>\n<\/div><\/section><\/div><div  style='height:50px' class='hr hr-invisible   avia-builder-el-6  el_after_av_one_full  el_before_av_social_share '><span class='hr-inner ' ><span class='hr-inner-style'><\/span><\/span><\/div><\/p>\n<div  class='av-social-sharing-box  avia-builder-el-7  el_after_av_hr  el_before_av_hr  '><div class='av-share-box'><h5 class='av-share-link-description av-no-toc '>Compartir esta noticia<\/h5><ul class='av-share-box-list noLightbox'><li class='av-share-link av-social-link-facebook' ><a target=\"_blank\" aria-label=\"Compartir en Facebook\" href='https:\/\/www.facebook.com\/sharer.php?u=https:\/\/radiorevelacionfm.cl\/?p=20204&#038;t=Celebran%20el%20D%C3%ADa%20del%20Ni%C3%B1o%20con%20el%20lema%20%E2%80%9CRespetar%20la%20Ni%C3%B1ez%20es%20Ley%E2%80%9D' aria-hidden='false' data-av_icon='\ue8f3' data-av_iconfont='entypo-fontello' title='' data-avia-related-tooltip='Compartir en Facebook' rel=\"noopener\"><span class='avia_hidden_link_text'>Compartir en Facebook<\/span><\/a><\/li><li class='av-share-link av-social-link-twitter' ><a target=\"_blank\" aria-label=\"Compartir en Twitter\" href='https:\/\/twitter.com\/share?text=Celebran%20el%20D%C3%ADa%20del%20Ni%C3%B1o%20con%20el%20lema%20%E2%80%9CRespetar%20la%20Ni%C3%B1ez%20es%20Ley%E2%80%9D&#038;url=https:\/\/radiorevelacionfm.cl\/?p=20204' aria-hidden='false' data-av_icon='\ue8f1' data-av_iconfont='entypo-fontello' title='' data-avia-related-tooltip='Compartir en Twitter' rel=\"noopener\"><span class='avia_hidden_link_text'>Compartir en Twitter<\/span><\/a><\/li><li class='av-share-link av-social-link-whatsapp' ><a target=\"_blank\" aria-label=\"Compartir en Whatsapp\" href='https:\/\/api.whatsapp.com\/send?text=https:\/\/radiorevelacionfm.cl\/?p=20204' aria-hidden='false' data-av_icon='\uf232' data-av_iconfont='entypo-fontello' title='' data-avia-related-tooltip='Compartir en Whatsapp' rel=\"noopener\"><span class='avia_hidden_link_text'>Compartir en Whatsapp<\/span><\/a><\/li><li class='av-share-link av-social-link-linkedin' ><a target=\"_blank\" aria-label=\"Compartir en LinkedIn\" href='https:\/\/linkedin.com\/shareArticle?mini=true&#038;title=Celebran%20el%20D%C3%ADa%20del%20Ni%C3%B1o%20con%20el%20lema%20%E2%80%9CRespetar%20la%20Ni%C3%B1ez%20es%20Ley%E2%80%9D&#038;url=https:\/\/radiorevelacionfm.cl\/?p=20204' aria-hidden='false' data-av_icon='\ue8fc' data-av_iconfont='entypo-fontello' title='' data-avia-related-tooltip='Compartir en LinkedIn' rel=\"noopener\"><span class='avia_hidden_link_text'>Compartir en LinkedIn<\/span><\/a><\/li><li class='av-share-link av-social-link-mail' ><a  aria-label=\"Compartir por correo\" href='mailto:?subject=Celebran%20el%20D%C3%ADa%20del%20Ni%C3%B1o%20con%20el%20lema%20%E2%80%9CRespetar%20la%20Ni%C3%B1ez%20es%20Ley%E2%80%9D&#038;body=https:\/\/radiorevelacionfm.cl\/?p=20204' aria-hidden='false' data-av_icon='\ue805' data-av_iconfont='entypo-fontello' title='' data-avia-related-tooltip='Compartir por correo'><span class='avia_hidden_link_text'>Compartir por correo<\/span><\/a><\/li><\/ul><\/div><\/div>\n<div  style='height:50px' class='hr hr-invisible   avia-builder-el-8  el_after_av_social_share  el_before_av_comments_list '><span class='hr-inner ' ><span class='hr-inner-style'><\/span><\/span><\/div>\n<div  class='av-buildercomment  av-blog-meta-html-info-disabled av-blog-meta-tag-disabled  '><\/div>\n","protected":false},"excerpt":{"rendered":"","protected":false},"author":1,"featured_media":20205,"comment_status":"open","ping_status":"open","sticky":false,"template":"","format":"standard","meta":{"footnotes":""},"categories":[38],"tags":[],"class_list":["post-20204","post","type-post","status-publish","format-standard","has-post-thumbnail","hentry","category-regional"],"jetpack_featured_media_url":"https:\/\/radiorevelacionfm.cl\/wp-content\/uploads\/2022\/08\/2-96-1-1_optimized-1.jpg","_links":{"self":[{"href":"https:\/\/radiorevelacionfm.cl\/index.php?rest_route=\/wp\/v2\/posts\/20204","targetHints":{"allow":["GET"]}}],"collection":[{"href":"https:\/\/radiorevelacionfm.cl\/index.php?rest_route=\/wp\/v2\/posts"}],"about":[{"href":"https:\/\/radiorevelacionfm.cl\/index.php?rest_route=\/wp\/v2\/types\/post"}],"author":[{"embeddable":true,"href":"https:\/\/radiorevelacionfm.cl\/index.php?rest_route=\/wp\/v2\/users\/1"}],"replies":[{"embeddable":true,"href":"https:\/\/radiorevelacionfm.cl\/index.php?rest_route=%2Fwp%2Fv2%2Fcomments&post=20204"}],"version-history":[{"count":2,"href":"https:\/\/radiorevelacionfm.cl\/index.php?rest_route=\/wp\/v2\/posts\/20204\/revisions"}],"predecessor-version":[{"id":20223,"href":"https:\/\/radiorevelacionfm.cl\/index.php?rest_route=\/wp\/v2\/posts\/20204\/revisions\/20223"}],"wp:featuredmedia":[{"embeddable":true,"href":"https:\/\/radiorevelacionfm.cl\/index.php?rest_route=\/wp\/v2\/media\/20205"}],"wp:attachment":[{"href":"https:\/\/radiorevelacionfm.cl\/index.php?rest_route=%2Fwp%2Fv2%2Fmedia&parent=20204"}],"wp:term":[{"taxonomy":"category","embeddable":true,"href":"https:\/\/radiorevelacionfm.cl\/index.php?rest_route=%2Fwp%2Fv2%2Fcategories&post=20204"},{"taxonomy":"post_tag","embeddable":true,"href":"https:\/\/radiorevelacionfm.cl\/index.php?rest_route=%2Fwp%2Fv2%2Ftags&post=20204"}],"curies":[{"name":"wp","href":"https:\/\/api.w.org\/{rel}","templated":true}]}}