{"id":20200,"date":"2022-08-08T16:33:52","date_gmt":"2022-08-08T19:33:52","guid":{"rendered":"https:\/\/radiorevelacionfm.cl\/?p=20200"},"modified":"2022-08-08T17:09:47","modified_gmt":"2022-08-08T20:09:47","slug":"conaf-informa-cierre-sendero-de-reserva-nacional-rosselot","status":"publish","type":"post","link":"https:\/\/radiorevelacionfm.cl\/?p=20200","title":{"rendered":"Conaf informa cierre de sendero en Reserva Nacional Rosselot"},"content":{"rendered":"<div class=\"flex_column av_one_full  flex_column_div av-zero-column-padding first  avia-builder-el-0  el_before_av_one_full  avia-builder-el-first  \" style='border-radius:0px; '><div  class='avia-image-container  av-styling-    avia-builder-el-1  avia-builder-el-no-sibling  avia-align-center '  itemprop=\"image\" itemscope=\"itemscope\" itemtype=\"https:\/\/schema.org\/ImageObject\"  ><div class='avia-image-container-inner'><div class='avia-image-overlay-wrap'><img decoding=\"async\" class='wp-image-20201 avia-img-lazy-loading-not-20201 avia_image' src=\"https:\/\/radiorevelacionfm.cl\/wp-content\/uploads\/2022\/08\/estado-de-avance-sendero-montana-rnlr-1-1_optimized-1_optimized-1.jpg\" alt='' title='estado-de-avance-sendero-monta\u00f1a-rnlr-(1)-(1)_optimized-(1)_optimized (1)' height=\"600\" width=\"799\"  itemprop=\"thumbnailUrl\" srcset=\"https:\/\/radiorevelacionfm.cl\/wp-content\/uploads\/2022\/08\/estado-de-avance-sendero-montana-rnlr-1-1_optimized-1_optimized-1.jpg 799w, https:\/\/radiorevelacionfm.cl\/wp-content\/uploads\/2022\/08\/estado-de-avance-sendero-montana-rnlr-1-1_optimized-1_optimized-1-300x225.jpg 300w, https:\/\/radiorevelacionfm.cl\/wp-content\/uploads\/2022\/08\/estado-de-avance-sendero-montana-rnlr-1-1_optimized-1_optimized-1-768x577.jpg 768w, https:\/\/radiorevelacionfm.cl\/wp-content\/uploads\/2022\/08\/estado-de-avance-sendero-montana-rnlr-1-1_optimized-1_optimized-1-705x529.jpg 705w, https:\/\/radiorevelacionfm.cl\/wp-content\/uploads\/2022\/08\/estado-de-avance-sendero-montana-rnlr-1-1_optimized-1_optimized-1-600x451.jpg 600w\" sizes=\"(max-width: 799px) 100vw, 799px\" \/><\/div><\/div><\/div><\/div>\n<div class=\"flex_column av_one_full  flex_column_div av-zero-column-padding first  avia-builder-el-2  el_after_av_one_full  el_before_av_one_full  column-top-margin\" style='border-radius:0px; '><section class=\"av_textblock_section \"  itemscope=\"itemscope\" itemtype=\"https:\/\/schema.org\/BlogPosting\" itemprop=\"blogPost\" ><div class='avia_textblock  '   itemprop=\"text\" ><p style=\"text-align: center;\"><span style=\"font-size: 18pt;\"><strong>Conaf informa cierre de sendero en Reserva Nacional Rosselot <\/strong><\/span><\/p>\n<div id=\"gtx-trans\" style=\"position: absolute; left: -50px; top: 4.31534px;\">\n<div class=\"gtx-trans-icon\"><\/div>\n<\/div>\n<\/div><\/section><\/div><div class=\"flex_column av_one_full  flex_column_div av-zero-column-padding first  avia-builder-el-4  el_after_av_one_full  el_before_av_hr  column-top-margin\" style='border-radius:0px; '><section class=\"av_textblock_section \"  itemscope=\"itemscope\" itemtype=\"https:\/\/schema.org\/BlogPosting\" itemprop=\"blogPost\" ><div class='avia_textblock  '   itemprop=\"text\" ><p style=\"text-align: justify;\">Desde inicios del mes de mayo se est\u00e1n realizando obras de mejoramiento en la Reserva Nacional Rosselot, lo que a futuro permitir\u00e1n un acceso mucho m\u00e1s expedito contribuyendo a una experiencia \u00fanica con la naturaleza, pero ante el traslado de material de construcci\u00f3n, la Corporaci\u00f3n Nacional Forestal (CONAF) determin\u00f3 el cierre del sendero principal o sendero a la monta\u00f1a de esta \u00e1rea protegida, ante el riesgo de accidentes para los visitantes.<\/p>\n<p style=\"text-align: justify;\">El jefe de \u00e1rea La Junta de la Corporaci\u00f3n Nacional Forestal, \u00c1lvaro D\u2019Amico Najum, explic\u00f3 que este cierre ser\u00e1 por el periodo que sea necesario hasta el 31 de diciembre por las obras de mantenci\u00f3n de infraestructura de uso p\u00fablico, que afectan directamente al sendero principal o sendero a la monta\u00f1a de la Reserva Nacional Lago Rosselot.<\/p>\n<p style=\"text-align: justify;\">\u201cAl ser trabajos de mantenci\u00f3n, tiene usos de herramientas y t\u00e9cnicas para el traslado de materiales de construcci\u00f3n, que pueden impedir una buena experiencia de contemplaci\u00f3n y recreaci\u00f3n, como tambi\u00e9n generar riesgo para nuestros visitantes. Por ello, consideramos importante y prudente comunicar de una forma clara y respetuosa a nuestras comunidades aleda\u00f1as sobre la resoluci\u00f3n de cierre del sendero mientras se ejecutan las labores por parte de la empresa Santa Eduarda Spa, que gan\u00f3 la licitaci\u00f3n p\u00fablica\u201d, se\u00f1al\u00f3 D\u2019Amico.<\/p>\n<p style=\"text-align: justify;\">Estas obras son parte de la inversi\u00f3n de mejoramiento del proyecto Queulat, por lo que es indispensable contar con el apoyo de la comunidad aleda\u00f1a y los visitantes en respetar esta medida, para tambi\u00e9n acortar los plazos de construcci\u00f3n en el sector y no interrumpirlos con maniobras arriesgadas como ingresar poniendo en peligro la integridad f\u00edsica.<\/p>\n<p style=\"text-align: justify;\">Recuerde que siempre podr\u00e1 ver el funcionamiento y horarios de ingreso a monumentos, reservas y parques en \u00a0<a href=\"https:\/\/www.conaf.cl\/situacion-de-parques-nacionales\/\">https:\/\/www.conaf.cl\/situacion-de-parques-nacionales\/<\/a>.<\/p>\n<\/div><\/section><\/div><\/p>\n<div  style='height:50px' class='hr hr-invisible   avia-builder-el-6  el_after_av_one_full  el_before_av_social_share '><span class='hr-inner ' ><span class='hr-inner-style'><\/span><\/span><\/div>\n<div  class='av-social-sharing-box  avia-builder-el-7  el_after_av_hr  el_before_av_hr  '><div class='av-share-box'><h5 class='av-share-link-description av-no-toc '>Compartir esta noticia<\/h5><ul class='av-share-box-list noLightbox'><li class='av-share-link av-social-link-facebook' ><a target=\"_blank\" aria-label=\"Compartir en Facebook\" href='https:\/\/www.facebook.com\/sharer.php?u=https:\/\/radiorevelacionfm.cl\/?p=20200&#038;t=Conaf%20informa%20cierre%20de%20sendero%20en%20Reserva%20Nacional%20Rosselot' aria-hidden='false' data-av_icon='\ue8f3' data-av_iconfont='entypo-fontello' title='' data-avia-related-tooltip='Compartir en Facebook' rel=\"noopener\"><span class='avia_hidden_link_text'>Compartir en Facebook<\/span><\/a><\/li><li class='av-share-link av-social-link-twitter' ><a target=\"_blank\" aria-label=\"Compartir en Twitter\" href='https:\/\/twitter.com\/share?text=Conaf%20informa%20cierre%20de%20sendero%20en%20Reserva%20Nacional%20Rosselot&#038;url=https:\/\/radiorevelacionfm.cl\/?p=20200' aria-hidden='false' data-av_icon='\ue8f1' data-av_iconfont='entypo-fontello' title='' data-avia-related-tooltip='Compartir en Twitter' rel=\"noopener\"><span class='avia_hidden_link_text'>Compartir en Twitter<\/span><\/a><\/li><li class='av-share-link av-social-link-whatsapp' ><a target=\"_blank\" aria-label=\"Compartir en Whatsapp\" href='https:\/\/api.whatsapp.com\/send?text=https:\/\/radiorevelacionfm.cl\/?p=20200' aria-hidden='false' data-av_icon='\uf232' data-av_iconfont='entypo-fontello' title='' data-avia-related-tooltip='Compartir en Whatsapp' rel=\"noopener\"><span class='avia_hidden_link_text'>Compartir en Whatsapp<\/span><\/a><\/li><li class='av-share-link av-social-link-linkedin' ><a target=\"_blank\" aria-label=\"Compartir en LinkedIn\" href='https:\/\/linkedin.com\/shareArticle?mini=true&#038;title=Conaf%20informa%20cierre%20de%20sendero%20en%20Reserva%20Nacional%20Rosselot&#038;url=https:\/\/radiorevelacionfm.cl\/?p=20200' aria-hidden='false' data-av_icon='\ue8fc' data-av_iconfont='entypo-fontello' title='' data-avia-related-tooltip='Compartir en LinkedIn' rel=\"noopener\"><span class='avia_hidden_link_text'>Compartir en LinkedIn<\/span><\/a><\/li><li class='av-share-link av-social-link-mail' ><a  aria-label=\"Compartir por correo\" href='mailto:?subject=Conaf%20informa%20cierre%20de%20sendero%20en%20Reserva%20Nacional%20Rosselot&#038;body=https:\/\/radiorevelacionfm.cl\/?p=20200' aria-hidden='false' data-av_icon='\ue805' data-av_iconfont='entypo-fontello' title='' data-avia-related-tooltip='Compartir por correo'><span class='avia_hidden_link_text'>Compartir por correo<\/span><\/a><\/li><\/ul><\/div><\/div>\n<div  style='height:50px' class='hr hr-invisible   avia-builder-el-8  el_after_av_social_share  el_before_av_comments_list '><span class='hr-inner ' ><span class='hr-inner-style'><\/span><\/span><\/div>\n<div  class='av-buildercomment  av-blog-meta-html-info-disabled av-blog-meta-tag-disabled  '><\/div>\n","protected":false},"excerpt":{"rendered":"","protected":false},"author":1,"featured_media":20201,"comment_status":"open","ping_status":"open","sticky":false,"template":"","format":"standard","meta":{"footnotes":""},"categories":[54],"tags":[],"class_list":["post-20200","post","type-post","status-publish","format-standard","has-post-thumbnail","hentry","category-turismo"],"jetpack_featured_media_url":"https:\/\/radiorevelacionfm.cl\/wp-content\/uploads\/2022\/08\/estado-de-avance-sendero-montana-rnlr-1-1_optimized-1_optimized-1.jpg","_links":{"self":[{"href":"https:\/\/radiorevelacionfm.cl\/index.php?rest_route=\/wp\/v2\/posts\/20200","targetHints":{"allow":["GET"]}}],"collection":[{"href":"https:\/\/radiorevelacionfm.cl\/index.php?rest_route=\/wp\/v2\/posts"}],"about":[{"href":"https:\/\/radiorevelacionfm.cl\/index.php?rest_route=\/wp\/v2\/types\/post"}],"author":[{"embeddable":true,"href":"https:\/\/radiorevelacionfm.cl\/index.php?rest_route=\/wp\/v2\/users\/1"}],"replies":[{"embeddable":true,"href":"https:\/\/radiorevelacionfm.cl\/index.php?rest_route=%2Fwp%2Fv2%2Fcomments&post=20200"}],"version-history":[{"count":3,"href":"https:\/\/radiorevelacionfm.cl\/index.php?rest_route=\/wp\/v2\/posts\/20200\/revisions"}],"predecessor-version":[{"id":20212,"href":"https:\/\/radiorevelacionfm.cl\/index.php?rest_route=\/wp\/v2\/posts\/20200\/revisions\/20212"}],"wp:featuredmedia":[{"embeddable":true,"href":"https:\/\/radiorevelacionfm.cl\/index.php?rest_route=\/wp\/v2\/media\/20201"}],"wp:attachment":[{"href":"https:\/\/radiorevelacionfm.cl\/index.php?rest_route=%2Fwp%2Fv2%2Fmedia&parent=20200"}],"wp:term":[{"taxonomy":"category","embeddable":true,"href":"https:\/\/radiorevelacionfm.cl\/index.php?rest_route=%2Fwp%2Fv2%2Fcategories&post=20200"},{"taxonomy":"post_tag","embeddable":true,"href":"https:\/\/radiorevelacionfm.cl\/index.php?rest_route=%2Fwp%2Fv2%2Ftags&post=20200"}],"curies":[{"name":"wp","href":"https:\/\/api.w.org\/{rel}","templated":true}]}}