{"id":20197,"date":"2022-08-09T10:26:53","date_gmt":"2022-08-09T13:26:53","guid":{"rendered":"https:\/\/radiorevelacionfm.cl\/?p=20197"},"modified":"2022-08-09T10:26:53","modified_gmt":"2022-08-09T13:26:53","slug":"decenas-de-familias-de-la-region-de-aysen-han-sido-beneficiadas-por-ley-ricarte-soto","status":"publish","type":"post","link":"https:\/\/radiorevelacionfm.cl\/?p=20197","title":{"rendered":"Decenas de familias de la regi\u00f3n de Ays\u00e9n han sido beneficiadas por Ley Ricarte Soto"},"content":{"rendered":"<div class=\"flex_column av_one_full  flex_column_div av-zero-column-padding first  avia-builder-el-0  el_before_av_one_full  avia-builder-el-first  \" style='border-radius:0px; '><div  class='avia-image-container  av-styling-    avia-builder-el-1  avia-builder-el-no-sibling  avia-align-center '  itemprop=\"image\" itemscope=\"itemscope\" itemtype=\"https:\/\/schema.org\/ImageObject\"  ><div class='avia-image-container-inner'><div class='avia-image-overlay-wrap'><img decoding=\"async\" class='wp-image-20198 avia-img-lazy-loading-not-20198 avia_image' src=\"https:\/\/radiorevelacionfm.cl\/wp-content\/uploads\/2022\/08\/medicamentos-farmacia-1-1_optimized.jpg\" alt='' title='medicamentos - -farmacia-(1)-(1)_optimized' height=\"600\" width=\"1040\"  itemprop=\"thumbnailUrl\" srcset=\"https:\/\/radiorevelacionfm.cl\/wp-content\/uploads\/2022\/08\/medicamentos-farmacia-1-1_optimized.jpg 1040w, https:\/\/radiorevelacionfm.cl\/wp-content\/uploads\/2022\/08\/medicamentos-farmacia-1-1_optimized-300x173.jpg 300w, https:\/\/radiorevelacionfm.cl\/wp-content\/uploads\/2022\/08\/medicamentos-farmacia-1-1_optimized-1030x594.jpg 1030w, https:\/\/radiorevelacionfm.cl\/wp-content\/uploads\/2022\/08\/medicamentos-farmacia-1-1_optimized-768x443.jpg 768w, https:\/\/radiorevelacionfm.cl\/wp-content\/uploads\/2022\/08\/medicamentos-farmacia-1-1_optimized-705x407.jpg 705w, https:\/\/radiorevelacionfm.cl\/wp-content\/uploads\/2022\/08\/medicamentos-farmacia-1-1_optimized-600x346.jpg 600w\" sizes=\"(max-width: 1040px) 100vw, 1040px\" \/><\/div><\/div><\/div><\/div><div class=\"flex_column av_one_full  flex_column_div av-zero-column-padding first  avia-builder-el-2  el_after_av_one_full  el_before_av_one_full  column-top-margin\" style='border-radius:0px; '><section class=\"av_textblock_section \"  itemscope=\"itemscope\" itemtype=\"https:\/\/schema.org\/BlogPosting\" itemprop=\"blogPost\" ><div class='avia_textblock  '   itemprop=\"text\" ><p style=\"text-align: center;\"><span style=\"font-size: 18pt;\"><b>Decenas de familias de la regi\u00f3n de Ays\u00e9n han sido beneficiadas por Ley Ricarte Soto<\/b><\/span><\/p>\n<div id=\"gtx-trans\" style=\"position: absolute; left: -50px; top: 4.31534px;\">\n<div class=\"gtx-trans-icon\"><\/div>\n<\/div>\n<\/div><\/section><\/div><div class=\"flex_column av_one_full  flex_column_div av-zero-column-padding first  avia-builder-el-4  el_after_av_one_full  el_before_av_hr  column-top-margin\" style='border-radius:0px; '><section class=\"av_textblock_section \"  itemscope=\"itemscope\" itemtype=\"https:\/\/schema.org\/BlogPosting\" itemprop=\"blogPost\" ><div class='avia_textblock  '   itemprop=\"text\" ><p style=\"font-weight: 400; text-align: justify;\">En el mes de junio del a\u00f1o 2015 la entonces presidenta, Michelle Bachelet, promulg\u00f3 la ley 20.850 que actualmente cubre 27 enfermedades y beneficia a cerca de 38 mil personas en el pa\u00eds.<\/p>\n<p style=\"font-weight: 400; text-align: justify;\">Hasta diciembre de 2021 seg\u00fan las estad\u00edsticas de la Superintendencia de Salud, 37.840 personas hab\u00edan hecho uso a nivel nacional de los beneficios contemplados en la denominada Ley Ricarte Soto.<\/p>\n<p style=\"font-weight: 400; text-align: justify;\">En la regi\u00f3n de Ays\u00e9n la cifra de beneficiarios es variable, pero bordea actualmente las 70 personas diagnosticadas con alguna de \u00a0las enfermedades contempladas.<\/p>\n<p style=\"font-weight: 400; text-align: justify;\">\u201cLa ley Ricarte Soto considera 27 patolog\u00edas, nosotros como Hospital Regional Coyhaique (HRC) tenemos acreditadas 19 de ellas. Tenemos var\u00edas de estas patolog\u00edas con gran cantidad de usuarios, por ejemplo con diagn\u00f3stico de Artritis Reumatoide y los otros son los beb\u00e9s prematuros menores de 32 semanas o con cardiopat\u00edas cong\u00e9nitas\u201d explic\u00f3 B\u00e1rbara S\u00e1ez, Enfermera Encargada del Programa Ricarte Soto del HRC.<\/p>\n<p style=\"font-weight: 400; text-align: justify;\">A pesar de haber sido promulgada hace siete a\u00f1os a\u00fan existe cierto grado de desconocimiento respecto a c\u00f3mo opera esta ley.<\/p>\n<p style=\"font-weight: 400; text-align: justify;\">\u201cEl M\u00e9dico tratante debe tener un perfil creado en la p\u00e1gina, una vez que \u00e9l tenga su perfil ingresa los datos del posible postulante, tiene que llenar dos formularios, uno de sospecha fundada y otro de tratamiento. Estos datos se env\u00edan a un comit\u00e9 de expertos que es el encargado de confirmar o rechazar el beneficio\u201d se\u00f1al\u00f3 la Enfermera B\u00e1rbara S\u00e1ez.<\/p>\n<p style=\"font-weight: 400; text-align: justify;\">La decisi\u00f3n del Comit\u00e9 de Expertos es informada a trav\u00e9s de la misma p\u00e1gina web al m\u00e9dico tratante y luego de confirmar que el beneficiario acepta estar incluido dentro de la Ley 20.850 se notifica a la encargada del programa del Hospital Regional Coyhaique (HRC), quien gestiona la compra de los medicamentos y la hospitalizaci\u00f3n del usuario en caso de que as\u00ed se requiera.<\/p>\n<p style=\"font-weight: 400; text-align: justify;\">Al respecto B\u00e1rbara S\u00e1ez explica que debido a las particularidades geogr\u00e1ficas de la regi\u00f3n \u201cmuchas veces se env\u00edan los medicamentos a otros centros de Salud para que no tengan que trasladarse a Coyhaique, ya que tenemos pacientes desde Chile Chico a Ra\u00fal Mar\u00edn Balmaceda y la ley no contempla los costos de traslado en los que pueda incurrir el beneficiario\u201d<\/p>\n<p style=\"font-weight: 400; text-align: justify;\">La Ley lleva el nombre del periodista Ricarte Soto quien en 2013, aquejado de un c\u00e1ncer de pulm\u00f3n, convoc\u00f3 a una \u201cMarcha por los Enfermos\u201d debido al alto costo de los medicamentos asociados a ciertas patolog\u00edas.<\/p>\n<p style=\"font-weight: 400; text-align: justify;\">\u201cSon medicamentos de alto costo, algunos de ellos mensuales o semanales. Yo creo que lo m\u00e1s destacable es que muchos de estos tratamientos son paliativos, no detienen el avance de la enfermedad pero mejoran la calidad de vida de los pacientes, hay medicamentos que van desde los 100 mil pesos semanales a los 12 millones de pesos, y costear eso para una persona normal se le hace imposible\u201d agreg\u00f3 la Enfermera B\u00e1rbara S\u00e1ez.<\/p>\n<p style=\"font-weight: 400; text-align: justify;\">Debido a las particularidades de la Regi\u00f3n de Ays\u00e9n, la encargada de la Ley Ricarte Soto ha realizado capacitaciones en el Hospital de Chile Chico y de Puerto Ays\u00e9n, con el objetivo de facilitar el acceso a los medicamentos para los beneficiarios de este programa que habitan en ambas comunas.<\/p>\n<p style=\"font-weight: 400; text-align: justify;\">Para obtener m\u00e1s informaci\u00f3n respecto a la cobertura de la Ley 20.850 los interesados pueden ingresar al sitio web\u00a0<a href=\"https:\/\/leyricartesoto.minsal.cl\/\" data-saferedirecturl=\"https:\/\/www.google.com\/url?q=https:\/\/leyricartesoto.minsal.cl\/&amp;source=gmail&amp;ust=1660072743528000&amp;usg=AOvVaw1I3Cv8U9vZYb4zf_K57KwL\">https:\/\/leyricartesoto.minsal.cl\/<\/a>\u00a0donde encontrar\u00e1n la normativa vigente, las enfermedades cubiertas, los alcances y todos los detalles sobre este importante beneficio.<\/p>\n<\/div><\/section><\/div><div  style='height:50px' class='hr hr-invisible   avia-builder-el-6  el_after_av_one_full  el_before_av_social_share '><span class='hr-inner ' ><span class='hr-inner-style'><\/span><\/span><\/div><\/p>\n<div  class='av-social-sharing-box  avia-builder-el-7  el_after_av_hr  el_before_av_hr  '><div class='av-share-box'><h5 class='av-share-link-description av-no-toc '>Compartir esta noticia<\/h5><ul class='av-share-box-list noLightbox'><li class='av-share-link av-social-link-facebook' ><a target=\"_blank\" aria-label=\"Compartir en Facebook\" href='https:\/\/www.facebook.com\/sharer.php?u=https:\/\/radiorevelacionfm.cl\/?p=20197&#038;t=Decenas%20de%20familias%20de%20la%20regi%C3%B3n%20de%20Ays%C3%A9n%20han%20sido%20beneficiadas%20por%20Ley%20Ricarte%20Soto' aria-hidden='false' data-av_icon='\ue8f3' data-av_iconfont='entypo-fontello' title='' data-avia-related-tooltip='Compartir en Facebook' rel=\"noopener\"><span class='avia_hidden_link_text'>Compartir en Facebook<\/span><\/a><\/li><li class='av-share-link av-social-link-twitter' ><a target=\"_blank\" aria-label=\"Compartir en Twitter\" href='https:\/\/twitter.com\/share?text=Decenas%20de%20familias%20de%20la%20regi%C3%B3n%20de%20Ays%C3%A9n%20han%20sido%20beneficiadas%20por%20Ley%20Ricarte%20Soto&#038;url=https:\/\/radiorevelacionfm.cl\/?p=20197' aria-hidden='false' data-av_icon='\ue8f1' data-av_iconfont='entypo-fontello' title='' data-avia-related-tooltip='Compartir en Twitter' rel=\"noopener\"><span class='avia_hidden_link_text'>Compartir en Twitter<\/span><\/a><\/li><li class='av-share-link av-social-link-whatsapp' ><a target=\"_blank\" aria-label=\"Compartir en Whatsapp\" href='https:\/\/api.whatsapp.com\/send?text=https:\/\/radiorevelacionfm.cl\/?p=20197' aria-hidden='false' data-av_icon='\uf232' data-av_iconfont='entypo-fontello' title='' data-avia-related-tooltip='Compartir en Whatsapp' rel=\"noopener\"><span class='avia_hidden_link_text'>Compartir en Whatsapp<\/span><\/a><\/li><li class='av-share-link av-social-link-linkedin' ><a target=\"_blank\" aria-label=\"Compartir en LinkedIn\" href='https:\/\/linkedin.com\/shareArticle?mini=true&#038;title=Decenas%20de%20familias%20de%20la%20regi%C3%B3n%20de%20Ays%C3%A9n%20han%20sido%20beneficiadas%20por%20Ley%20Ricarte%20Soto&#038;url=https:\/\/radiorevelacionfm.cl\/?p=20197' aria-hidden='false' data-av_icon='\ue8fc' data-av_iconfont='entypo-fontello' title='' data-avia-related-tooltip='Compartir en LinkedIn' rel=\"noopener\"><span class='avia_hidden_link_text'>Compartir en LinkedIn<\/span><\/a><\/li><li class='av-share-link av-social-link-mail' ><a  aria-label=\"Compartir por correo\" href='mailto:?subject=Decenas%20de%20familias%20de%20la%20regi%C3%B3n%20de%20Ays%C3%A9n%20han%20sido%20beneficiadas%20por%20Ley%20Ricarte%20Soto&#038;body=https:\/\/radiorevelacionfm.cl\/?p=20197' aria-hidden='false' data-av_icon='\ue805' data-av_iconfont='entypo-fontello' title='' data-avia-related-tooltip='Compartir por correo'><span class='avia_hidden_link_text'>Compartir por correo<\/span><\/a><\/li><\/ul><\/div><\/div>\n<div  style='height:50px' class='hr hr-invisible   avia-builder-el-8  el_after_av_social_share  el_before_av_comments_list '><span class='hr-inner ' ><span class='hr-inner-style'><\/span><\/span><\/div>\n<div  class='av-buildercomment  av-blog-meta-html-info-disabled av-blog-meta-tag-disabled  '><\/div>\n","protected":false},"excerpt":{"rendered":"","protected":false},"author":1,"featured_media":20198,"comment_status":"open","ping_status":"open","sticky":false,"template":"","format":"standard","meta":{"footnotes":""},"categories":[46],"tags":[],"class_list":["post-20197","post","type-post","status-publish","format-standard","has-post-thumbnail","hentry","category-salud"],"jetpack_featured_media_url":"https:\/\/radiorevelacionfm.cl\/wp-content\/uploads\/2022\/08\/medicamentos-farmacia-1-1_optimized.jpg","_links":{"self":[{"href":"https:\/\/radiorevelacionfm.cl\/index.php?rest_route=\/wp\/v2\/posts\/20197","targetHints":{"allow":["GET"]}}],"collection":[{"href":"https:\/\/radiorevelacionfm.cl\/index.php?rest_route=\/wp\/v2\/posts"}],"about":[{"href":"https:\/\/radiorevelacionfm.cl\/index.php?rest_route=\/wp\/v2\/types\/post"}],"author":[{"embeddable":true,"href":"https:\/\/radiorevelacionfm.cl\/index.php?rest_route=\/wp\/v2\/users\/1"}],"replies":[{"embeddable":true,"href":"https:\/\/radiorevelacionfm.cl\/index.php?rest_route=%2Fwp%2Fv2%2Fcomments&post=20197"}],"version-history":[{"count":2,"href":"https:\/\/radiorevelacionfm.cl\/index.php?rest_route=\/wp\/v2\/posts\/20197\/revisions"}],"predecessor-version":[{"id":20254,"href":"https:\/\/radiorevelacionfm.cl\/index.php?rest_route=\/wp\/v2\/posts\/20197\/revisions\/20254"}],"wp:featuredmedia":[{"embeddable":true,"href":"https:\/\/radiorevelacionfm.cl\/index.php?rest_route=\/wp\/v2\/media\/20198"}],"wp:attachment":[{"href":"https:\/\/radiorevelacionfm.cl\/index.php?rest_route=%2Fwp%2Fv2%2Fmedia&parent=20197"}],"wp:term":[{"taxonomy":"category","embeddable":true,"href":"https:\/\/radiorevelacionfm.cl\/index.php?rest_route=%2Fwp%2Fv2%2Fcategories&post=20197"},{"taxonomy":"post_tag","embeddable":true,"href":"https:\/\/radiorevelacionfm.cl\/index.php?rest_route=%2Fwp%2Fv2%2Ftags&post=20197"}],"curies":[{"name":"wp","href":"https:\/\/api.w.org\/{rel}","templated":true}]}}