{"id":20181,"date":"2022-08-08T13:01:41","date_gmt":"2022-08-08T16:01:41","guid":{"rendered":"https:\/\/radiorevelacionfm.cl\/?p=20181"},"modified":"2022-08-08T13:01:41","modified_gmt":"2022-08-08T16:01:41","slug":"proyectos-por-495-millones-financiara-plan-chile-apoya-a-tu-comuna-en-la-region-de-aysen","status":"publish","type":"post","link":"https:\/\/radiorevelacionfm.cl\/?p=20181","title":{"rendered":"Proyectos por $495 millones financiar\u00e1  Plan Chile Apoya a tu comuna en la Regi\u00f3n de Ays\u00e9n"},"content":{"rendered":"<div class=\"flex_column av_one_full  flex_column_div av-zero-column-padding first  avia-builder-el-0  el_before_av_one_full  avia-builder-el-first  \" style='border-radius:0px; '><div  class='avia-image-container  av-styling-    avia-builder-el-1  avia-builder-el-no-sibling  avia-align-center '  itemprop=\"image\" itemscope=\"itemscope\" itemtype=\"https:\/\/schema.org\/ImageObject\"  ><div class='avia-image-container-inner'><div class='avia-image-overlay-wrap'><img decoding=\"async\" class='wp-image-20182 avia-img-lazy-loading-not-20182 avia_image' src=\"https:\/\/radiorevelacionfm.cl\/wp-content\/uploads\/2022\/08\/img_9755-1_optimized.jpg\" alt='' title='img_9755-(1)_optimized' height=\"600\" width=\"904\"  itemprop=\"thumbnailUrl\" srcset=\"https:\/\/radiorevelacionfm.cl\/wp-content\/uploads\/2022\/08\/img_9755-1_optimized.jpg 904w, https:\/\/radiorevelacionfm.cl\/wp-content\/uploads\/2022\/08\/img_9755-1_optimized-300x199.jpg 300w, https:\/\/radiorevelacionfm.cl\/wp-content\/uploads\/2022\/08\/img_9755-1_optimized-768x510.jpg 768w, https:\/\/radiorevelacionfm.cl\/wp-content\/uploads\/2022\/08\/img_9755-1_optimized-705x468.jpg 705w, https:\/\/radiorevelacionfm.cl\/wp-content\/uploads\/2022\/08\/img_9755-1_optimized-600x398.jpg 600w\" sizes=\"(max-width: 904px) 100vw, 904px\" \/><\/div><\/div><\/div><\/div><div class=\"flex_column av_one_full  flex_column_div av-zero-column-padding first  avia-builder-el-2  el_after_av_one_full  el_before_av_one_full  column-top-margin\" style='border-radius:0px; '><section class=\"av_textblock_section \"  itemscope=\"itemscope\" itemtype=\"https:\/\/schema.org\/BlogPosting\" itemprop=\"blogPost\" ><div class='avia_textblock  '   itemprop=\"text\" ><p style=\"font-weight: 400; text-align: center;\"><span style=\"font-size: 18pt;\"><strong>Proyectos por $495 millones financiar\u00e1 <\/strong><strong>Plan Chile Apoya a tu comuna en la Regi\u00f3n de Ays\u00e9n<\/strong><\/span><\/p>\n<div id=\"gtx-trans\" style=\"position: absolute; left: -50px; top: 4.31534px;\">\n<div class=\"gtx-trans-icon\"><\/div>\n<\/div>\n<\/div><\/section><\/div><div class=\"flex_column av_one_full  flex_column_div av-zero-column-padding first  avia-builder-el-4  el_after_av_one_full  el_before_av_hr  column-top-margin\" style='border-radius:0px; '><section class=\"av_textblock_section \"  itemscope=\"itemscope\" itemtype=\"https:\/\/schema.org\/BlogPosting\" itemprop=\"blogPost\" ><div class='avia_textblock  '   itemprop=\"text\" ><p style=\"font-weight: 400; text-align: justify;\">Nueve proyectos por una inversi\u00f3n cercana a los 495 millones de pesos se financiar\u00e1n en las comunas de Lago Verde, Cisnes, R\u00edo Ib\u00e1\u00f1ez y Cochrane, de la Regi\u00f3n de Ays\u00e9n, a trav\u00e9s del plan Chile Apoya a tu comuna.<\/p>\n<p style=\"font-weight: 400; text-align: justify;\">Se trata de proyectos de los programas de Mejoramiento Urbano (PMU), Mejoramiento de Barrios, y Revitalizaci\u00f3n de Barrios e Infraestructura Patrimonial Emblem\u00e1tica que administra la Subsecretar\u00eda de Desarrollo Regional y Administrativo (Subdere), orientados a mejorar la calidad de las comunidades, as\u00ed como reactivar la econom\u00eda local a trav\u00e9s de la generaci\u00f3n de empleo.<\/p>\n<p style=\"font-weight: 400; text-align: justify;\">El Delegado Presidencial Regional, Rodrigo Araya, indic\u00f3 que\u00a0\u201cChile Apoya a tu comuna\u201d busca aumentar la seguridad, hacer frente al alza creciente del costo de la vida, apoyar a quienes han salido del mercado laboral e impulsar la generaci\u00f3n de empleo y las ayudas para sectores que han quedado rezagados.<\/p>\n<p style=\"font-weight: 400; text-align: justify;\">\u201cA trav\u00e9s de Chile Apoya a tu comuna, nuestro Gobierno, por mandato de nuestro Presidente Gabriel Boric, est\u00e1 haciendo llegar recursos a trav\u00e9s de la Subdere regional a estas cuatro comunas que han aceptado el desaf\u00edo de implementar estos proyectos, que van a significar una posibilidad de empleo para nuestros habitantes, pero tambi\u00e9n una mejora en la calidad de vida\u201d, destac\u00f3.<\/p>\n<p style=\"font-weight: 400; text-align: justify;\">El encargado regional de Subdere, Guillermo Mart\u00ednez, agreg\u00f3 que estas iniciativas contribuyen a atender necesidades inmediatas de las comunidades locales, generando mayor bienestar para sus habitantes.<\/p>\n<p style=\"font-weight: 400; text-align: justify;\">\u201cEn la Regi\u00f3n de Ays\u00e9n el programa Chile Apoya a tu comuna pudo financiar nueve proyectos que fueran elegibles hasta el 31 de mayo, con un monto total de financiamiento de 495 millones de pesos aproximadamente. Dentro de las comunas beneficiadas est\u00e1n Cisnes, Lago Verde, R\u00edo Ib\u00e1\u00f1ez y la comuna de Cochrane\u201d, indic\u00f3.<\/p>\n<p style=\"font-weight: 400; text-align: justify;\">En Lago Verde se trata de los proyectos Mejoramiento Miradores Panor\u00e1mico-Tur\u00edstico y Reposici\u00f3n, Construcci\u00f3n de Aceras y Mejoramiento de Calzada, por recursos que bordean los 120 millones de pesos.<\/p>\n<p style=\"font-weight: 400; text-align: justify;\">En la comuna de Cisnes, est\u00e1n los proyectos Ampliaci\u00f3n Feria de Artesanos de Puyuhuapi, Construcci\u00f3n sede adulto mayor Las Violetas de Puerto Cisnes y Mejoramiento accesibilidad mirador Los Chonos de la misma localidad, por una inversi\u00f3n que supera los 180 millones de pesos.<\/p>\n<p style=\"font-weight: 400; text-align: justify;\">En R\u00edo Ib\u00e1\u00f1ez, Construcci\u00f3n de Camineros Escuela Aonikenk y Recambio de Luminarias en Bandej\u00f3n Central Avenida 18 de Septiembre en Bah\u00eda Murta, por una inversi\u00f3n que supera los 90 millones de pesos.<\/p>\n<p style=\"font-weight: 400; text-align: justify;\">En Cochrane, Construcci\u00f3n Alumbrado P\u00fablico y Construcci\u00f3n Puntos Limpios en Diversas Plazoletas, con una inversi\u00f3n cercana a los 95 millones de pesos.<\/p>\n<\/div><\/section><\/div><div  style='height:50px' class='hr hr-invisible   avia-builder-el-6  el_after_av_one_full  el_before_av_social_share '><span class='hr-inner ' ><span class='hr-inner-style'><\/span><\/span><\/div><\/p>\n<div  class='av-social-sharing-box  avia-builder-el-7  el_after_av_hr  el_before_av_hr  '><div class='av-share-box'><h5 class='av-share-link-description av-no-toc '>Compartir esta noticia<\/h5><ul class='av-share-box-list noLightbox'><li class='av-share-link av-social-link-facebook' ><a target=\"_blank\" aria-label=\"Compartir en Facebook\" href='https:\/\/www.facebook.com\/sharer.php?u=https:\/\/radiorevelacionfm.cl\/?p=20181&#038;t=Proyectos%20por%20%24495%20millones%20financiar%C3%A1%20%20Plan%20Chile%20Apoya%20a%20tu%20comuna%20en%20la%20Regi%C3%B3n%20de%20Ays%C3%A9n' aria-hidden='false' data-av_icon='\ue8f3' data-av_iconfont='entypo-fontello' title='' data-avia-related-tooltip='Compartir en Facebook' rel=\"noopener\"><span class='avia_hidden_link_text'>Compartir en Facebook<\/span><\/a><\/li><li class='av-share-link av-social-link-twitter' ><a target=\"_blank\" aria-label=\"Compartir en Twitter\" href='https:\/\/twitter.com\/share?text=Proyectos%20por%20%24495%20millones%20financiar%C3%A1%20%20Plan%20Chile%20Apoya%20a%20tu%20comuna%20en%20la%20Regi%C3%B3n%20de%20Ays%C3%A9n&#038;url=https:\/\/radiorevelacionfm.cl\/?p=20181' aria-hidden='false' data-av_icon='\ue8f1' data-av_iconfont='entypo-fontello' title='' data-avia-related-tooltip='Compartir en Twitter' rel=\"noopener\"><span class='avia_hidden_link_text'>Compartir en Twitter<\/span><\/a><\/li><li class='av-share-link av-social-link-whatsapp' ><a target=\"_blank\" aria-label=\"Compartir en Whatsapp\" href='https:\/\/api.whatsapp.com\/send?text=https:\/\/radiorevelacionfm.cl\/?p=20181' aria-hidden='false' data-av_icon='\uf232' data-av_iconfont='entypo-fontello' title='' data-avia-related-tooltip='Compartir en Whatsapp' rel=\"noopener\"><span class='avia_hidden_link_text'>Compartir en Whatsapp<\/span><\/a><\/li><li class='av-share-link av-social-link-linkedin' ><a target=\"_blank\" aria-label=\"Compartir en LinkedIn\" href='https:\/\/linkedin.com\/shareArticle?mini=true&#038;title=Proyectos%20por%20%24495%20millones%20financiar%C3%A1%20%20Plan%20Chile%20Apoya%20a%20tu%20comuna%20en%20la%20Regi%C3%B3n%20de%20Ays%C3%A9n&#038;url=https:\/\/radiorevelacionfm.cl\/?p=20181' aria-hidden='false' data-av_icon='\ue8fc' data-av_iconfont='entypo-fontello' title='' data-avia-related-tooltip='Compartir en LinkedIn' rel=\"noopener\"><span class='avia_hidden_link_text'>Compartir en LinkedIn<\/span><\/a><\/li><li class='av-share-link av-social-link-mail' ><a  aria-label=\"Compartir por correo\" href='mailto:?subject=Proyectos%20por%20%24495%20millones%20financiar%C3%A1%20%20Plan%20Chile%20Apoya%20a%20tu%20comuna%20en%20la%20Regi%C3%B3n%20de%20Ays%C3%A9n&#038;body=https:\/\/radiorevelacionfm.cl\/?p=20181' aria-hidden='false' data-av_icon='\ue805' data-av_iconfont='entypo-fontello' title='' data-avia-related-tooltip='Compartir por correo'><span class='avia_hidden_link_text'>Compartir por correo<\/span><\/a><\/li><\/ul><\/div><\/div>\n<div  style='height:50px' class='hr hr-invisible   avia-builder-el-8  el_after_av_social_share  el_before_av_comments_list '><span class='hr-inner ' ><span class='hr-inner-style'><\/span><\/span><\/div>\n<div  class='av-buildercomment  av-blog-meta-html-info-disabled av-blog-meta-tag-disabled  '><\/div>\n","protected":false},"excerpt":{"rendered":"","protected":false},"author":1,"featured_media":20182,"comment_status":"open","ping_status":"open","sticky":false,"template":"","format":"standard","meta":{"footnotes":""},"categories":[38],"tags":[],"class_list":["post-20181","post","type-post","status-publish","format-standard","has-post-thumbnail","hentry","category-regional"],"jetpack_featured_media_url":"https:\/\/radiorevelacionfm.cl\/wp-content\/uploads\/2022\/08\/img_9755-1_optimized.jpg","_links":{"self":[{"href":"https:\/\/radiorevelacionfm.cl\/index.php?rest_route=\/wp\/v2\/posts\/20181","targetHints":{"allow":["GET"]}}],"collection":[{"href":"https:\/\/radiorevelacionfm.cl\/index.php?rest_route=\/wp\/v2\/posts"}],"about":[{"href":"https:\/\/radiorevelacionfm.cl\/index.php?rest_route=\/wp\/v2\/types\/post"}],"author":[{"embeddable":true,"href":"https:\/\/radiorevelacionfm.cl\/index.php?rest_route=\/wp\/v2\/users\/1"}],"replies":[{"embeddable":true,"href":"https:\/\/radiorevelacionfm.cl\/index.php?rest_route=%2Fwp%2Fv2%2Fcomments&post=20181"}],"version-history":[{"count":2,"href":"https:\/\/radiorevelacionfm.cl\/index.php?rest_route=\/wp\/v2\/posts\/20181\/revisions"}],"predecessor-version":[{"id":20184,"href":"https:\/\/radiorevelacionfm.cl\/index.php?rest_route=\/wp\/v2\/posts\/20181\/revisions\/20184"}],"wp:featuredmedia":[{"embeddable":true,"href":"https:\/\/radiorevelacionfm.cl\/index.php?rest_route=\/wp\/v2\/media\/20182"}],"wp:attachment":[{"href":"https:\/\/radiorevelacionfm.cl\/index.php?rest_route=%2Fwp%2Fv2%2Fmedia&parent=20181"}],"wp:term":[{"taxonomy":"category","embeddable":true,"href":"https:\/\/radiorevelacionfm.cl\/index.php?rest_route=%2Fwp%2Fv2%2Fcategories&post=20181"},{"taxonomy":"post_tag","embeddable":true,"href":"https:\/\/radiorevelacionfm.cl\/index.php?rest_route=%2Fwp%2Fv2%2Ftags&post=20181"}],"curies":[{"name":"wp","href":"https:\/\/api.w.org\/{rel}","templated":true}]}}