{"id":20169,"date":"2022-08-07T19:41:23","date_gmt":"2022-08-07T22:41:23","guid":{"rendered":"https:\/\/radiorevelacionfm.cl\/?p=20169"},"modified":"2022-08-07T19:41:23","modified_gmt":"2022-08-07T22:41:23","slug":"con-una-inversion-de-711-millones-core-aprueba-programa-de-apoyo-a-pequenos-campesinos-de-la-region-de-aysen","status":"publish","type":"post","link":"https:\/\/radiorevelacionfm.cl\/?p=20169","title":{"rendered":"Con una inversi\u00f3n de $711 millones: CORE aprueba programa de apoyo a peque\u00f1os campesinos de la regi\u00f3n de Ays\u00e9n"},"content":{"rendered":"<div class=\"flex_column av_one_full  flex_column_div av-zero-column-padding first  avia-builder-el-0  el_before_av_one_full  avia-builder-el-first  \" style='border-radius:0px; '><div  class='avia-image-container  av-styling-    avia-builder-el-1  avia-builder-el-no-sibling  avia-align-center '  itemprop=\"image\" itemscope=\"itemscope\" itemtype=\"https:\/\/schema.org\/ImageObject\"  ><div class='avia-image-container-inner'><div class='avia-image-overlay-wrap'><img decoding=\"async\" class='wp-image-20172 avia-img-lazy-loading-not-20172 avia_image' src=\"https:\/\/radiorevelacionfm.cl\/wp-content\/uploads\/2022\/08\/agricultura-1-1-1_optimized.jpg\" alt='' title='agricultura-1-(1)-(1)_optimized' height=\"600\" width=\"1076\"  itemprop=\"thumbnailUrl\" srcset=\"https:\/\/radiorevelacionfm.cl\/wp-content\/uploads\/2022\/08\/agricultura-1-1-1_optimized.jpg 1076w, https:\/\/radiorevelacionfm.cl\/wp-content\/uploads\/2022\/08\/agricultura-1-1-1_optimized-300x167.jpg 300w, https:\/\/radiorevelacionfm.cl\/wp-content\/uploads\/2022\/08\/agricultura-1-1-1_optimized-1030x574.jpg 1030w, https:\/\/radiorevelacionfm.cl\/wp-content\/uploads\/2022\/08\/agricultura-1-1-1_optimized-768x428.jpg 768w, https:\/\/radiorevelacionfm.cl\/wp-content\/uploads\/2022\/08\/agricultura-1-1-1_optimized-705x393.jpg 705w, https:\/\/radiorevelacionfm.cl\/wp-content\/uploads\/2022\/08\/agricultura-1-1-1_optimized-600x335.jpg 600w\" sizes=\"(max-width: 1076px) 100vw, 1076px\" \/><\/div><\/div><\/div><\/div><div class=\"flex_column av_one_full  flex_column_div av-zero-column-padding first  avia-builder-el-2  el_after_av_one_full  el_before_av_one_full  column-top-margin\" style='border-radius:0px; '><section class=\"av_textblock_section \"  itemscope=\"itemscope\" itemtype=\"https:\/\/schema.org\/BlogPosting\" itemprop=\"blogPost\" ><div class='avia_textblock  '   itemprop=\"text\" ><p style=\"text-align: center;\"><span style=\"font-size: 18pt;\"><strong>Con una inversi\u00f3n de $711 millones: <\/strong><strong>CORE aprueba programa de apoyo a peque\u00f1os campesinos de la regi\u00f3n de Ays\u00e9n<\/strong><\/span><\/p>\n<div id=\"gtx-trans\" style=\"position: absolute; left: -50px; top: 4.31534px;\">\n<div class=\"gtx-trans-icon\"><\/div>\n<\/div>\n<\/div><\/section><\/div><div class=\"flex_column av_one_full  flex_column_div av-zero-column-padding first  avia-builder-el-4  el_after_av_one_full  el_before_av_hr  column-top-margin\" style='border-radius:0px; '><section class=\"av_textblock_section \"  itemscope=\"itemscope\" itemtype=\"https:\/\/schema.org\/BlogPosting\" itemprop=\"blogPost\" ><div class='avia_textblock  '   itemprop=\"text\" ><p style=\"text-align: justify;\">En reciente reuni\u00f3n plenaria del Consejo Regional de Ays\u00e9n, se aprob\u00f3 de manera un\u00e1nime, el \u201cPrograma Apoyo a la trazabilidad de la peque\u00f1a ganader\u00eda de la regi\u00f3n de Ays\u00e9n\u201d, por un monto de $711 millones de pesos, iniciativa encargada a la Unidad T\u00e9cnica Servicio y Ganadero de Ays\u00e9n (SAG), y que debiera iniciar su ejecuci\u00f3n a finales de este a\u00f1o 2022.<\/p>\n<p style=\"text-align: justify;\">Al respecto, el presidente de la comisi\u00f3n de Fomento Productivo del CORE y consejero regional por la Provincia de Coyhaique, Omar Mu\u00f1oz Sierra, junto con destacar la importancia del tema, record\u00f3 que hace cerca de 3 meses, la Comisi\u00f3n que preside, recomend\u00f3 a la Gobernadora Regional, Andrea Mac\u00edas, esta iniciativa de inter\u00e9s regional, con el objetivo de implementar un programa para apoyar la comercializaci\u00f3n y competitividad de los peque\u00f1os ganaderos de la regi\u00f3n de Ays\u00e9n. \u201cVa en beneficio de los peque\u00f1os ganaderos de la regi\u00f3n de Ays\u00e9n que cuenten con reba\u00f1os iguales o menores a 150 cabezas de ganado bovino\u201d, explic\u00f3.<\/p>\n<p style=\"text-align: justify;\">Mu\u00f1oz puntualiz\u00f3 que la instancia \u201cImplica apoyarlos con el procedimiento de registro inform\u00e1tico de trazabilidad, manejo sanitario y capacitaci\u00f3n\u201d, para lo cual el SAG implementar\u00e1 brigadas especializadas por territorios para asistir a los peque\u00f1os ganaderos. \u201cSe busca mejorar la sustentabilidad de la ganader\u00eda y que adquieran ventajas competitivas para la comercializaci\u00f3n de su ganado\u201d, precis\u00f3.<\/p>\n<p style=\"text-align: justify;\">Por su parte, el Director Regional del SAG Mat\u00edas Vial, a cargo de la presentaci\u00f3n de la iniciativa, destac\u00f3 la voluntad del Consejo Regional de Ays\u00e9n y tambi\u00e9n agradeci\u00f3 a la Gobernadora Andrea Mac\u00edas por haber respaldado tan importante programa, que permite continuar con un apoyo muy relevante para la peque\u00f1a ganader\u00eda de Ays\u00e9n.<\/p>\n<\/div><\/section><\/div><div  style='height:50px' class='hr hr-invisible   avia-builder-el-6  el_after_av_one_full  el_before_av_social_share '><span class='hr-inner ' ><span class='hr-inner-style'><\/span><\/span><\/div><\/p>\n<div  class='av-social-sharing-box  avia-builder-el-7  el_after_av_hr  el_before_av_hr  '><div class='av-share-box'><h5 class='av-share-link-description av-no-toc '>Compartir esta noticia<\/h5><ul class='av-share-box-list noLightbox'><li class='av-share-link av-social-link-facebook' ><a target=\"_blank\" aria-label=\"Compartir en Facebook\" href='https:\/\/www.facebook.com\/sharer.php?u=https:\/\/radiorevelacionfm.cl\/?p=20169&#038;t=Con%20una%20inversi%C3%B3n%20de%20%24711%20millones%3A%20CORE%20aprueba%20programa%20de%20apoyo%20a%20peque%C3%B1os%20campesinos%20de%20la%20regi%C3%B3n%20de%20Ays%C3%A9n' aria-hidden='false' data-av_icon='\ue8f3' data-av_iconfont='entypo-fontello' title='' data-avia-related-tooltip='Compartir en Facebook' rel=\"noopener\"><span class='avia_hidden_link_text'>Compartir en Facebook<\/span><\/a><\/li><li class='av-share-link av-social-link-twitter' ><a target=\"_blank\" aria-label=\"Compartir en Twitter\" href='https:\/\/twitter.com\/share?text=Con%20una%20inversi%C3%B3n%20de%20%24711%20millones%3A%20CORE%20aprueba%20programa%20de%20apoyo%20a%20peque%C3%B1os%20campesinos%20de%20la%20regi%C3%B3n%20de%20Ays%C3%A9n&#038;url=https:\/\/radiorevelacionfm.cl\/?p=20169' aria-hidden='false' data-av_icon='\ue8f1' data-av_iconfont='entypo-fontello' title='' data-avia-related-tooltip='Compartir en Twitter' rel=\"noopener\"><span class='avia_hidden_link_text'>Compartir en Twitter<\/span><\/a><\/li><li class='av-share-link av-social-link-whatsapp' ><a target=\"_blank\" aria-label=\"Compartir en Whatsapp\" href='https:\/\/api.whatsapp.com\/send?text=https:\/\/radiorevelacionfm.cl\/?p=20169' aria-hidden='false' data-av_icon='\uf232' data-av_iconfont='entypo-fontello' title='' data-avia-related-tooltip='Compartir en Whatsapp' rel=\"noopener\"><span class='avia_hidden_link_text'>Compartir en Whatsapp<\/span><\/a><\/li><li class='av-share-link av-social-link-linkedin' ><a target=\"_blank\" aria-label=\"Compartir en LinkedIn\" href='https:\/\/linkedin.com\/shareArticle?mini=true&#038;title=Con%20una%20inversi%C3%B3n%20de%20%24711%20millones%3A%20CORE%20aprueba%20programa%20de%20apoyo%20a%20peque%C3%B1os%20campesinos%20de%20la%20regi%C3%B3n%20de%20Ays%C3%A9n&#038;url=https:\/\/radiorevelacionfm.cl\/?p=20169' aria-hidden='false' data-av_icon='\ue8fc' data-av_iconfont='entypo-fontello' title='' data-avia-related-tooltip='Compartir en LinkedIn' rel=\"noopener\"><span class='avia_hidden_link_text'>Compartir en LinkedIn<\/span><\/a><\/li><li class='av-share-link av-social-link-mail' ><a  aria-label=\"Compartir por correo\" href='mailto:?subject=Con%20una%20inversi%C3%B3n%20de%20%24711%20millones%3A%20CORE%20aprueba%20programa%20de%20apoyo%20a%20peque%C3%B1os%20campesinos%20de%20la%20regi%C3%B3n%20de%20Ays%C3%A9n&#038;body=https:\/\/radiorevelacionfm.cl\/?p=20169' aria-hidden='false' data-av_icon='\ue805' data-av_iconfont='entypo-fontello' title='' data-avia-related-tooltip='Compartir por correo'><span class='avia_hidden_link_text'>Compartir por correo<\/span><\/a><\/li><\/ul><\/div><\/div>\n<div  style='height:50px' class='hr hr-invisible   avia-builder-el-8  el_after_av_social_share  el_before_av_comments_list '><span class='hr-inner ' ><span class='hr-inner-style'><\/span><\/span><\/div>\n<div  class='av-buildercomment  av-blog-meta-html-info-disabled av-blog-meta-tag-disabled  '><\/div>\n","protected":false},"excerpt":{"rendered":"","protected":false},"author":1,"featured_media":20172,"comment_status":"open","ping_status":"open","sticky":false,"template":"","format":"standard","meta":{"footnotes":""},"categories":[38],"tags":[],"class_list":["post-20169","post","type-post","status-publish","format-standard","has-post-thumbnail","hentry","category-regional"],"jetpack_featured_media_url":"https:\/\/radiorevelacionfm.cl\/wp-content\/uploads\/2022\/08\/agricultura-1-1-1_optimized.jpg","_links":{"self":[{"href":"https:\/\/radiorevelacionfm.cl\/index.php?rest_route=\/wp\/v2\/posts\/20169","targetHints":{"allow":["GET"]}}],"collection":[{"href":"https:\/\/radiorevelacionfm.cl\/index.php?rest_route=\/wp\/v2\/posts"}],"about":[{"href":"https:\/\/radiorevelacionfm.cl\/index.php?rest_route=\/wp\/v2\/types\/post"}],"author":[{"embeddable":true,"href":"https:\/\/radiorevelacionfm.cl\/index.php?rest_route=\/wp\/v2\/users\/1"}],"replies":[{"embeddable":true,"href":"https:\/\/radiorevelacionfm.cl\/index.php?rest_route=%2Fwp%2Fv2%2Fcomments&post=20169"}],"version-history":[{"count":2,"href":"https:\/\/radiorevelacionfm.cl\/index.php?rest_route=\/wp\/v2\/posts\/20169\/revisions"}],"predecessor-version":[{"id":20174,"href":"https:\/\/radiorevelacionfm.cl\/index.php?rest_route=\/wp\/v2\/posts\/20169\/revisions\/20174"}],"wp:featuredmedia":[{"embeddable":true,"href":"https:\/\/radiorevelacionfm.cl\/index.php?rest_route=\/wp\/v2\/media\/20172"}],"wp:attachment":[{"href":"https:\/\/radiorevelacionfm.cl\/index.php?rest_route=%2Fwp%2Fv2%2Fmedia&parent=20169"}],"wp:term":[{"taxonomy":"category","embeddable":true,"href":"https:\/\/radiorevelacionfm.cl\/index.php?rest_route=%2Fwp%2Fv2%2Fcategories&post=20169"},{"taxonomy":"post_tag","embeddable":true,"href":"https:\/\/radiorevelacionfm.cl\/index.php?rest_route=%2Fwp%2Fv2%2Ftags&post=20169"}],"curies":[{"name":"wp","href":"https:\/\/api.w.org\/{rel}","templated":true}]}}