{"id":20166,"date":"2022-08-07T14:04:52","date_gmt":"2022-08-07T17:04:52","guid":{"rendered":"https:\/\/radiorevelacionfm.cl\/?p=20166"},"modified":"2022-08-07T14:04:52","modified_gmt":"2022-08-07T17:04:52","slug":"senadora-ordenes-destaca-avance-de-ley-que-sanciona-carreras-clandestinas-y-velocidad-temeraria","status":"publish","type":"post","link":"https:\/\/radiorevelacionfm.cl\/?p=20166","title":{"rendered":"Senadora \u00d3rdenes destaca avance de ley que sanciona carreras clandestinas y velocidad temeraria"},"content":{"rendered":"<div class=\"flex_column av_one_full  flex_column_div av-zero-column-padding first  avia-builder-el-0  el_before_av_one_full  avia-builder-el-first  \" style='border-radius:0px; '><div  class='avia-image-container  av-styling-    avia-builder-el-1  avia-builder-el-no-sibling  avia-align-center '  itemprop=\"image\" itemscope=\"itemscope\" itemtype=\"https:\/\/schema.org\/ImageObject\"  ><div class='avia-image-container-inner'><div class='avia-image-overlay-wrap'><img decoding=\"async\" class='wp-image-8172 avia-img-lazy-loading-not-8172 avia_image' src=\"https:\/\/radiorevelacionfm.cl\/wp-content\/uploads\/2021\/09\/Senadora_9716.jpg\" alt='' title='Senadora_9716' height=\"600\" width=\"1001\"  itemprop=\"thumbnailUrl\" srcset=\"https:\/\/radiorevelacionfm.cl\/wp-content\/uploads\/2021\/09\/Senadora_9716.jpg 1001w, https:\/\/radiorevelacionfm.cl\/wp-content\/uploads\/2021\/09\/Senadora_9716-300x180.jpg 300w, https:\/\/radiorevelacionfm.cl\/wp-content\/uploads\/2021\/09\/Senadora_9716-768x460.jpg 768w, https:\/\/radiorevelacionfm.cl\/wp-content\/uploads\/2021\/09\/Senadora_9716-705x423.jpg 705w, https:\/\/radiorevelacionfm.cl\/wp-content\/uploads\/2021\/09\/Senadora_9716-600x360.jpg 600w\" sizes=\"(max-width: 1001px) 100vw, 1001px\" \/><\/div><\/div><\/div><\/div><div class=\"flex_column av_one_full  flex_column_div av-zero-column-padding first  avia-builder-el-2  el_after_av_one_full  el_before_av_one_full  column-top-margin\" style='border-radius:0px; '><section class=\"av_textblock_section \"  itemscope=\"itemscope\" itemtype=\"https:\/\/schema.org\/BlogPosting\" itemprop=\"blogPost\" ><div class='avia_textblock  '   itemprop=\"text\" ><p style=\"text-align: center;\"><strong><span style=\"font-size: 18pt;\">Senadora \u00d3rdenes destaca avance de ley que sanciona carreras clandestinas y velocidad temeraria<\/span><\/strong><\/p>\n<div id=\"gtx-trans\" style=\"position: absolute; left: -50px; top: 4.31534px;\">\n<div class=\"gtx-trans-icon\"><\/div>\n<\/div>\n<\/div><\/section><\/div><div class=\"flex_column av_one_full  flex_column_div av-zero-column-padding first  avia-builder-el-4  el_after_av_one_full  el_before_av_hr  column-top-margin\" style='border-radius:0px; '><section class=\"av_textblock_section \"  itemscope=\"itemscope\" itemtype=\"https:\/\/schema.org\/BlogPosting\" itemprop=\"blogPost\" ><div class='avia_textblock  '   itemprop=\"text\" ><p style=\"text-align: justify;\">Con pena de prisi\u00f3n en su grado m\u00e1ximo o multa de dos a diez unidades tributarias mensuales podr\u00edan ser castigadas las personas que conduzcan un veh\u00edculo motorizado y sobrepasen en m\u00e1s de 60 kil\u00f3metros por hora los l\u00edmites de velocidad permitidos, seg\u00fan el art\u00edculo que forma parte del proyecto para sancionar las carreras clandestinas y la conducci\u00f3n temeraria, aprobado hace unos d\u00edas en la comisi\u00f3n mixta de transportes, y que presidi\u00f3 la senadora Ximena \u00d3rdenes.<\/p>\n<div style=\"text-align: justify;\">La instancia se constituy\u00f3 para dirimir las diferencias entre la c\u00e1mara de diputados y el senado en torno al proyecto de ley que se encuentra en su tercer tr\u00e1mite, quedando listo para su \u00faltima discusi\u00f3n en la sala de la c\u00e1mara de diputados.<\/div>\n<div style=\"text-align: justify;\">Los objetivos del proyecto buscan establecer un aumento en las sanciones aplicables a los conductores que sean sorprendidos excediendo con amplia diferencia los l\u00edmites de velocidad permitidos, adem\u00e1s de sancionar a las personas involucradas a las carreras de autom\u00f3viles no autorizadas que se realizan en distintos puntos del pa\u00eds, y de manera m\u00e1s habitual.<\/div>\n<div style=\"text-align: justify;\">Seg\u00fan datos entregados por la senadora \u00d3rdenes, \u201cdurante la \u00faltima d\u00e9cada, la velocidad imprudente y p\u00e9rdida de control del veh\u00edculo ha sido la primera causa de fallecidos en siniestros de tr\u00e1nsito siendo tambi\u00e9n el 2020 la primera causa de muerte en accidentes automovil\u00edsticos. Y es m\u00e1s: las \u00faltimas cifras reflejan que el n\u00famero de fallecidos en siniestros viales han aumentado un 25% respecto al 2021, lo que significa que diariamente en Chile 6 o 7 personas pierden la vida por accidentes del tr\u00e1nsito. Esto no puede seguir ocurriendo\u201d.<\/div>\n<div style=\"text-align: justify;\">\u201cLas conductas temerarias y de riesgo pueden ponen en riesgo la vida, no solo de los pasajeros del veh\u00edculo que lleva un exceso de velocidad, sino tambi\u00e9n a otros veh\u00edculos que s\u00ed respetan los l\u00edmites de velocidad, a peatones, ciclistas y todos quienes se encuentren circulando en ese lugar y ese momento, como hemos visto en reiteradas ocasiones donde personas inocentes y sus familias terminan sufriendo las consecuencias de las acciones temerarias de algunos imprudentes\u201d, se\u00f1al\u00f3 la parlamentaria.<\/div>\n<div style=\"text-align: justify;\">Otro de los puntos que contempla el proyecto aprobado implica la suspensi\u00f3n de la licencia para conducir veh\u00edculos motorizados por el t\u00e9rmino de seis meses hasta dos a\u00f1os, si se sorprende a un conductor en una primera ocasi\u00f3n; la suspensi\u00f3n hasta por el t\u00e9rmino de cinco a\u00f1os, si es sorprendido en un segundo evento, hasta la cancelaci\u00f3n de la licencia de conducir al ser sorprendido en una tercera ocasi\u00f3n.<\/div>\n<div style=\"text-align: justify;\">\u201cNecesitamos una ley que tenga car\u00e1cter disuasivo de conductas temerarias, que se sume a la ley Cati para el tratamiento automatizado de infracciones de tr\u00e1nsito, as\u00ed como bregar por un necesario aumento en los recursos para la fiscalizaci\u00f3n, y desde la Comisi\u00f3n que presido, de Transportes y Telecomunicaciones del Senado, estamos totalmente dispuestas a apoyar iniciativas que vayan precisamente en esta l\u00ednea\u201d, dijo la senadora Ximena \u00d3rdenes.<\/div>\n<div><\/div>\n<\/div><\/section><\/div><div  style='height:50px' class='hr hr-invisible   avia-builder-el-6  el_after_av_one_full  el_before_av_social_share '><span class='hr-inner ' ><span class='hr-inner-style'><\/span><\/span><\/div><\/p>\n<div  class='av-social-sharing-box  avia-builder-el-7  el_after_av_hr  el_before_av_hr  '><div class='av-share-box'><h5 class='av-share-link-description av-no-toc '>Compartir esta noticia<\/h5><ul class='av-share-box-list noLightbox'><li class='av-share-link av-social-link-facebook' ><a target=\"_blank\" aria-label=\"Compartir en Facebook\" href='https:\/\/www.facebook.com\/sharer.php?u=https:\/\/radiorevelacionfm.cl\/?p=20166&#038;t=Senadora%20%C3%93rdenes%20destaca%20avance%20de%20ley%20que%20sanciona%20carreras%20clandestinas%20y%20velocidad%20temeraria' aria-hidden='false' data-av_icon='\ue8f3' data-av_iconfont='entypo-fontello' title='' data-avia-related-tooltip='Compartir en Facebook' rel=\"noopener\"><span class='avia_hidden_link_text'>Compartir en Facebook<\/span><\/a><\/li><li class='av-share-link av-social-link-twitter' ><a target=\"_blank\" aria-label=\"Compartir en Twitter\" href='https:\/\/twitter.com\/share?text=Senadora%20%C3%93rdenes%20destaca%20avance%20de%20ley%20que%20sanciona%20carreras%20clandestinas%20y%20velocidad%20temeraria&#038;url=https:\/\/radiorevelacionfm.cl\/?p=20166' aria-hidden='false' data-av_icon='\ue8f1' data-av_iconfont='entypo-fontello' title='' data-avia-related-tooltip='Compartir en Twitter' rel=\"noopener\"><span class='avia_hidden_link_text'>Compartir en Twitter<\/span><\/a><\/li><li class='av-share-link av-social-link-whatsapp' ><a target=\"_blank\" aria-label=\"Compartir en Whatsapp\" href='https:\/\/api.whatsapp.com\/send?text=https:\/\/radiorevelacionfm.cl\/?p=20166' aria-hidden='false' data-av_icon='\uf232' data-av_iconfont='entypo-fontello' title='' data-avia-related-tooltip='Compartir en Whatsapp' rel=\"noopener\"><span class='avia_hidden_link_text'>Compartir en Whatsapp<\/span><\/a><\/li><li class='av-share-link av-social-link-linkedin' ><a target=\"_blank\" aria-label=\"Compartir en LinkedIn\" href='https:\/\/linkedin.com\/shareArticle?mini=true&#038;title=Senadora%20%C3%93rdenes%20destaca%20avance%20de%20ley%20que%20sanciona%20carreras%20clandestinas%20y%20velocidad%20temeraria&#038;url=https:\/\/radiorevelacionfm.cl\/?p=20166' aria-hidden='false' data-av_icon='\ue8fc' data-av_iconfont='entypo-fontello' title='' data-avia-related-tooltip='Compartir en LinkedIn' rel=\"noopener\"><span class='avia_hidden_link_text'>Compartir en LinkedIn<\/span><\/a><\/li><li class='av-share-link av-social-link-mail' ><a  aria-label=\"Compartir por correo\" href='mailto:?subject=Senadora%20%C3%93rdenes%20destaca%20avance%20de%20ley%20que%20sanciona%20carreras%20clandestinas%20y%20velocidad%20temeraria&#038;body=https:\/\/radiorevelacionfm.cl\/?p=20166' aria-hidden='false' data-av_icon='\ue805' data-av_iconfont='entypo-fontello' title='' data-avia-related-tooltip='Compartir por correo'><span class='avia_hidden_link_text'>Compartir por correo<\/span><\/a><\/li><\/ul><\/div><\/div>\n<div  style='height:50px' class='hr hr-invisible   avia-builder-el-8  el_after_av_social_share  el_before_av_comments_list '><span class='hr-inner ' ><span class='hr-inner-style'><\/span><\/span><\/div>\n<div  class='av-buildercomment  av-blog-meta-html-info-disabled av-blog-meta-tag-disabled  '><\/div>\n","protected":false},"excerpt":{"rendered":"","protected":false},"author":1,"featured_media":8172,"comment_status":"open","ping_status":"open","sticky":false,"template":"","format":"standard","meta":{"footnotes":""},"categories":[35],"tags":[],"class_list":["post-20166","post","type-post","status-publish","format-standard","has-post-thumbnail","hentry","category-politica"],"jetpack_featured_media_url":"https:\/\/radiorevelacionfm.cl\/wp-content\/uploads\/2021\/09\/Senadora_9716.jpg","_links":{"self":[{"href":"https:\/\/radiorevelacionfm.cl\/index.php?rest_route=\/wp\/v2\/posts\/20166","targetHints":{"allow":["GET"]}}],"collection":[{"href":"https:\/\/radiorevelacionfm.cl\/index.php?rest_route=\/wp\/v2\/posts"}],"about":[{"href":"https:\/\/radiorevelacionfm.cl\/index.php?rest_route=\/wp\/v2\/types\/post"}],"author":[{"embeddable":true,"href":"https:\/\/radiorevelacionfm.cl\/index.php?rest_route=\/wp\/v2\/users\/1"}],"replies":[{"embeddable":true,"href":"https:\/\/radiorevelacionfm.cl\/index.php?rest_route=%2Fwp%2Fv2%2Fcomments&post=20166"}],"version-history":[{"count":2,"href":"https:\/\/radiorevelacionfm.cl\/index.php?rest_route=\/wp\/v2\/posts\/20166\/revisions"}],"predecessor-version":[{"id":20168,"href":"https:\/\/radiorevelacionfm.cl\/index.php?rest_route=\/wp\/v2\/posts\/20166\/revisions\/20168"}],"wp:featuredmedia":[{"embeddable":true,"href":"https:\/\/radiorevelacionfm.cl\/index.php?rest_route=\/wp\/v2\/media\/8172"}],"wp:attachment":[{"href":"https:\/\/radiorevelacionfm.cl\/index.php?rest_route=%2Fwp%2Fv2%2Fmedia&parent=20166"}],"wp:term":[{"taxonomy":"category","embeddable":true,"href":"https:\/\/radiorevelacionfm.cl\/index.php?rest_route=%2Fwp%2Fv2%2Fcategories&post=20166"},{"taxonomy":"post_tag","embeddable":true,"href":"https:\/\/radiorevelacionfm.cl\/index.php?rest_route=%2Fwp%2Fv2%2Ftags&post=20166"}],"curies":[{"name":"wp","href":"https:\/\/api.w.org\/{rel}","templated":true}]}}