{"id":20162,"date":"2022-08-07T13:47:52","date_gmt":"2022-08-07T16:47:52","guid":{"rendered":"https:\/\/radiorevelacionfm.cl\/?p=20162"},"modified":"2022-08-07T13:47:52","modified_gmt":"2022-08-07T16:47:52","slug":"subsecretario-de-pesca-dialoga-este-lunes-con-autoridades-y-dirigentes-de-la-pesca-de-aysen","status":"publish","type":"post","link":"https:\/\/radiorevelacionfm.cl\/?p=20162","title":{"rendered":"Subsecretario de Pesca dialoga este lunes con autoridades y dirigentes de la pesca de Ays\u00e9n"},"content":{"rendered":"<div class=\"flex_column av_one_full  flex_column_div av-zero-column-padding first  avia-builder-el-0  el_before_av_one_full  avia-builder-el-first  \" style='border-radius:0px; '><div  class='avia-image-container  av-styling-    avia-builder-el-1  avia-builder-el-no-sibling  avia-align-center '  itemprop=\"image\" itemscope=\"itemscope\" itemtype=\"https:\/\/schema.org\/ImageObject\"  ><div class='avia-image-container-inner'><div class='avia-image-overlay-wrap'><img decoding=\"async\" class='wp-image-20163 avia-img-lazy-loading-not-20163 avia_image' src=\"https:\/\/radiorevelacionfm.cl\/wp-content\/uploads\/2022\/08\/whatsapp-image-2022-08-07-at-12_optimized.13.00-pm-1.jpeg\" alt='' title='whatsapp-image-2022-08-07-at-12_optimized.13.00-pm-(1)' height=\"600\" width=\"900\"  itemprop=\"thumbnailUrl\" srcset=\"https:\/\/radiorevelacionfm.cl\/wp-content\/uploads\/2022\/08\/whatsapp-image-2022-08-07-at-12_optimized.13.00-pm-1.jpeg 900w, https:\/\/radiorevelacionfm.cl\/wp-content\/uploads\/2022\/08\/whatsapp-image-2022-08-07-at-12_optimized.13.00-pm-1-300x200.jpeg 300w, https:\/\/radiorevelacionfm.cl\/wp-content\/uploads\/2022\/08\/whatsapp-image-2022-08-07-at-12_optimized.13.00-pm-1-768x512.jpeg 768w, https:\/\/radiorevelacionfm.cl\/wp-content\/uploads\/2022\/08\/whatsapp-image-2022-08-07-at-12_optimized.13.00-pm-1-705x470.jpeg 705w, https:\/\/radiorevelacionfm.cl\/wp-content\/uploads\/2022\/08\/whatsapp-image-2022-08-07-at-12_optimized.13.00-pm-1-600x400.jpeg 600w\" sizes=\"(max-width: 900px) 100vw, 900px\" \/><\/div><\/div><\/div><\/div><div class=\"flex_column av_one_full  flex_column_div av-zero-column-padding first  avia-builder-el-2  el_after_av_one_full  el_before_av_one_full  column-top-margin\" style='border-radius:0px; '><section class=\"av_textblock_section \"  itemscope=\"itemscope\" itemtype=\"https:\/\/schema.org\/BlogPosting\" itemprop=\"blogPost\" ><div class='avia_textblock  '   itemprop=\"text\" ><p style=\"text-align: center;\"><strong><span style=\"font-size: 18pt;\">Subsecretario de Pesca dialoga este lunes con autoridades y dirigentes de la pesca de Ays\u00e9n<\/span><\/strong><\/p>\n<div id=\"gtx-trans\" style=\"position: absolute; left: -50px; top: 4.31534px;\">\n<div class=\"gtx-trans-icon\"><\/div>\n<\/div>\n<\/div><\/section><\/div><div class=\"flex_column av_one_full  flex_column_div av-zero-column-padding first  avia-builder-el-4  el_after_av_one_full  el_before_av_hr  column-top-margin\" style='border-radius:0px; '><section class=\"av_textblock_section \"  itemscope=\"itemscope\" itemtype=\"https:\/\/schema.org\/BlogPosting\" itemprop=\"blogPost\" ><div class='avia_textblock  '   itemprop=\"text\" ><p style=\"text-align: justify;\">Una reuni\u00f3n de trabajo sostendr\u00e1n este lunes con el Subsecretario de Pesca, Julio Salas, en Santiago, el Delegado Presidencial Regional, Rodrigo Araya, su par provincial Jorge Salfate, el alcalde de Guaitecas, Marcos Silva, y dirigentes de la pesca artesanal del litoral norte de la Regi\u00f3n de Ays\u00e9n.<\/p>\n<p style=\"text-align: justify;\">Rodrigo Araya indic\u00f3 que la reuni\u00f3n tiene por objetivo afianzar el di\u00e1logo directo entre autoridades nacionales, regionales, comunales y dirigentes de los pescadores artesanales, para trabajar de manera conjunta y con una mirada de largo plazo por la sustentabilidad de la actividad pesquera artesanal.<\/p>\n<p style=\"text-align: justify;\">\u201cEsta Delegaci\u00f3n Presidencial Regional, junto con la Delegaci\u00f3n Provincial de Ays\u00e9n, hemos tenido conversaciones con los pescadores de la regi\u00f3n, donde tambi\u00e9n el alcalde ha tenido un rol dialogador importante, para sostener una reuni\u00f3n el pr\u00f3ximo lunes con la autoridad de la Subsecretar\u00eda Nacional de Pesca y avanzar en destrabar este conflicto que tenemos actualmente con los pescadores. Nosotros creemos que hay que ver esto con altura de miras, tenemos que trabajar pensando en el manejo sustentable de los recursos de nuestra regi\u00f3n, por lo tanto, nos parece importante iniciar este di\u00e1logo y retomar las posibilidades de seguir trabajando en conjunto, para encontrar las mejores soluciones a mediano y largo plazo\u201d, indic\u00f3.<\/p>\n<p style=\"text-align: justify;\">Jorge Salfate a\u00f1adi\u00f3 que con este di\u00e1logo directo se gestionan necesidades de mejoramiento de los procesos de pesca y extracci\u00f3n de recursos marinos, que se han abordado en reuniones de trabajo sostenidas en Melinka, Ays\u00e9n y Coyhaique.<\/p>\n<p style=\"text-align: justify;\">\u201cEn los Gobiernos en Terreno que hemos realizado en Melinka hemos conocido los requerimientos de la comunidad y los pescadores. Hoy, como Gobierno hemos coordinado una reuni\u00f3n en Santiago para este lunes con el subsecretario de Pesca, pescadores de Melinka, alcalde de Guaitecas y la Delegaci\u00f3n Regional y Provincial de Ays\u00e9n. En esta instancia, los pescadores de la regi\u00f3n plantear\u00e1n sus visiones respecto a las distintas problem\u00e1ticas, destacando la implementaci\u00f3n de las pr\u00e1cticas sustentables, el cuidado de los recursos, conectividad con la isla, el transporte de sus recursos y tambi\u00e9n fortalecer la fiscalizaci\u00f3n para cuidarlos. Estamos muy conformes de haber articulado esta reuni\u00f3n y tambi\u00e9n estamos expectantes del di\u00e1logo que generar\u00e1 la cartera con los pescadores de la regi\u00f3n\u201d, concluy\u00f3.<\/p>\n<\/div><\/section><\/div><div  style='height:50px' class='hr hr-invisible   avia-builder-el-6  el_after_av_one_full  el_before_av_social_share '><span class='hr-inner ' ><span class='hr-inner-style'><\/span><\/span><\/div><\/p>\n<div  class='av-social-sharing-box  avia-builder-el-7  el_after_av_hr  el_before_av_hr  '><div class='av-share-box'><h5 class='av-share-link-description av-no-toc '>Compartir esta noticia<\/h5><ul class='av-share-box-list noLightbox'><li class='av-share-link av-social-link-facebook' ><a target=\"_blank\" aria-label=\"Compartir en Facebook\" href='https:\/\/www.facebook.com\/sharer.php?u=https:\/\/radiorevelacionfm.cl\/?p=20162&#038;t=Subsecretario%20de%20Pesca%20dialoga%20este%20lunes%20con%20autoridades%20y%20dirigentes%20de%20la%20pesca%20de%20Ays%C3%A9n' aria-hidden='false' data-av_icon='\ue8f3' data-av_iconfont='entypo-fontello' title='' data-avia-related-tooltip='Compartir en Facebook' rel=\"noopener\"><span class='avia_hidden_link_text'>Compartir en Facebook<\/span><\/a><\/li><li class='av-share-link av-social-link-twitter' ><a target=\"_blank\" aria-label=\"Compartir en Twitter\" href='https:\/\/twitter.com\/share?text=Subsecretario%20de%20Pesca%20dialoga%20este%20lunes%20con%20autoridades%20y%20dirigentes%20de%20la%20pesca%20de%20Ays%C3%A9n&#038;url=https:\/\/radiorevelacionfm.cl\/?p=20162' aria-hidden='false' data-av_icon='\ue8f1' data-av_iconfont='entypo-fontello' title='' data-avia-related-tooltip='Compartir en Twitter' rel=\"noopener\"><span class='avia_hidden_link_text'>Compartir en Twitter<\/span><\/a><\/li><li class='av-share-link av-social-link-whatsapp' ><a target=\"_blank\" aria-label=\"Compartir en Whatsapp\" href='https:\/\/api.whatsapp.com\/send?text=https:\/\/radiorevelacionfm.cl\/?p=20162' aria-hidden='false' data-av_icon='\uf232' data-av_iconfont='entypo-fontello' title='' data-avia-related-tooltip='Compartir en Whatsapp' rel=\"noopener\"><span class='avia_hidden_link_text'>Compartir en Whatsapp<\/span><\/a><\/li><li class='av-share-link av-social-link-linkedin' ><a target=\"_blank\" aria-label=\"Compartir en LinkedIn\" href='https:\/\/linkedin.com\/shareArticle?mini=true&#038;title=Subsecretario%20de%20Pesca%20dialoga%20este%20lunes%20con%20autoridades%20y%20dirigentes%20de%20la%20pesca%20de%20Ays%C3%A9n&#038;url=https:\/\/radiorevelacionfm.cl\/?p=20162' aria-hidden='false' data-av_icon='\ue8fc' data-av_iconfont='entypo-fontello' title='' data-avia-related-tooltip='Compartir en LinkedIn' rel=\"noopener\"><span class='avia_hidden_link_text'>Compartir en LinkedIn<\/span><\/a><\/li><li class='av-share-link av-social-link-mail' ><a  aria-label=\"Compartir por correo\" href='mailto:?subject=Subsecretario%20de%20Pesca%20dialoga%20este%20lunes%20con%20autoridades%20y%20dirigentes%20de%20la%20pesca%20de%20Ays%C3%A9n&#038;body=https:\/\/radiorevelacionfm.cl\/?p=20162' aria-hidden='false' data-av_icon='\ue805' data-av_iconfont='entypo-fontello' title='' data-avia-related-tooltip='Compartir por correo'><span class='avia_hidden_link_text'>Compartir por correo<\/span><\/a><\/li><\/ul><\/div><\/div>\n<div  style='height:50px' class='hr hr-invisible   avia-builder-el-8  el_after_av_social_share  el_before_av_comments_list '><span class='hr-inner ' ><span class='hr-inner-style'><\/span><\/span><\/div>\n<div  class='av-buildercomment  av-blog-meta-html-info-disabled av-blog-meta-tag-disabled  '><\/div>\n","protected":false},"excerpt":{"rendered":"","protected":false},"author":1,"featured_media":20163,"comment_status":"open","ping_status":"open","sticky":false,"template":"","format":"standard","meta":{"footnotes":""},"categories":[60],"tags":[],"class_list":["post-20162","post","type-post","status-publish","format-standard","has-post-thumbnail","hentry","category-pesca"],"jetpack_featured_media_url":"https:\/\/radiorevelacionfm.cl\/wp-content\/uploads\/2022\/08\/whatsapp-image-2022-08-07-at-12_optimized.13.00-pm-1.jpeg","_links":{"self":[{"href":"https:\/\/radiorevelacionfm.cl\/index.php?rest_route=\/wp\/v2\/posts\/20162","targetHints":{"allow":["GET"]}}],"collection":[{"href":"https:\/\/radiorevelacionfm.cl\/index.php?rest_route=\/wp\/v2\/posts"}],"about":[{"href":"https:\/\/radiorevelacionfm.cl\/index.php?rest_route=\/wp\/v2\/types\/post"}],"author":[{"embeddable":true,"href":"https:\/\/radiorevelacionfm.cl\/index.php?rest_route=\/wp\/v2\/users\/1"}],"replies":[{"embeddable":true,"href":"https:\/\/radiorevelacionfm.cl\/index.php?rest_route=%2Fwp%2Fv2%2Fcomments&post=20162"}],"version-history":[{"count":2,"href":"https:\/\/radiorevelacionfm.cl\/index.php?rest_route=\/wp\/v2\/posts\/20162\/revisions"}],"predecessor-version":[{"id":20165,"href":"https:\/\/radiorevelacionfm.cl\/index.php?rest_route=\/wp\/v2\/posts\/20162\/revisions\/20165"}],"wp:featuredmedia":[{"embeddable":true,"href":"https:\/\/radiorevelacionfm.cl\/index.php?rest_route=\/wp\/v2\/media\/20163"}],"wp:attachment":[{"href":"https:\/\/radiorevelacionfm.cl\/index.php?rest_route=%2Fwp%2Fv2%2Fmedia&parent=20162"}],"wp:term":[{"taxonomy":"category","embeddable":true,"href":"https:\/\/radiorevelacionfm.cl\/index.php?rest_route=%2Fwp%2Fv2%2Fcategories&post=20162"},{"taxonomy":"post_tag","embeddable":true,"href":"https:\/\/radiorevelacionfm.cl\/index.php?rest_route=%2Fwp%2Fv2%2Ftags&post=20162"}],"curies":[{"name":"wp","href":"https:\/\/api.w.org\/{rel}","templated":true}]}}