{"id":2015,"date":"2021-01-22T12:23:18","date_gmt":"2021-01-22T15:23:18","guid":{"rendered":"https:\/\/radiorevelacionfm.cl\/?p=2015"},"modified":"2021-01-22T12:23:18","modified_gmt":"2021-01-22T15:23:18","slug":"concejal-de-cochrane-instalacion-del-juzgado-de-policia-local-sera-un-aporte-para-la-comuna","status":"publish","type":"post","link":"https:\/\/radiorevelacionfm.cl\/?p=2015","title":{"rendered":"Concejal de Cochrane: \u201cInstalaci\u00f3n del Juzgado de Polic\u00eda Local ser\u00e1 un aporte para la comuna\u201d"},"content":{"rendered":"<div class=\"flex_column av_one_full  flex_column_div av-zero-column-padding first  avia-builder-el-0  el_before_av_one_full  avia-builder-el-first  \" style='border-radius:0px; '><div  class='avia-image-container  av-styling-    avia-builder-el-1  avia-builder-el-no-sibling  avia-align-center '  itemprop=\"image\" itemscope=\"itemscope\" itemtype=\"https:\/\/schema.org\/ImageObject\"  ><div class='avia-image-container-inner'><div class='avia-image-overlay-wrap'><img decoding=\"async\" class='wp-image-0 avia-img-lazy-loading-not-0 avia_image' src=\"https:\/\/radiorevelacionfm.cl\/wp-content\/uploads\/2021\/01\/Concejal-Miguel-Aravena-1-1.jpg\" alt='' title=''   itemprop=\"thumbnailUrl\"  \/><\/div><\/div><\/div><\/div><div class=\"flex_column av_one_full  flex_column_div av-zero-column-padding first  avia-builder-el-2  el_after_av_one_full  el_before_av_one_full  column-top-margin\" style='border-radius:0px; '><section class=\"av_textblock_section \"  itemscope=\"itemscope\" itemtype=\"https:\/\/schema.org\/BlogPosting\" itemprop=\"blogPost\" ><div class='avia_textblock  '   itemprop=\"text\" ><p style=\"text-align: center;\"><strong><span style=\"font-size: 18pt;\">Concejal de Cochrane: \u201cInstalaci\u00f3n del Juzgado de Polic\u00eda Local ser\u00e1 un aporte para la comuna\u201d<\/span><\/strong><\/p>\n<div id=\"gtx-trans\" style=\"position: absolute; left: -50px; top: 4.31534px;\">\n<div class=\"gtx-trans-icon\"><\/div>\n<\/div>\n<\/div><\/section><\/div><div class=\"flex_column av_one_full  flex_column_div av-zero-column-padding first  avia-builder-el-4  el_after_av_one_full  el_before_av_hr  column-top-margin\" style='border-radius:0px; '><section class=\"av_textblock_section \"  itemscope=\"itemscope\" itemtype=\"https:\/\/schema.org\/BlogPosting\" itemprop=\"blogPost\" ><div class='avia_textblock  '   itemprop=\"text\" ><p style=\"text-align: justify;\"><em>Por orden de la Corte de Apelaciones de Coyhaique, el Alcalde Ulloa deb\u00eda ponerlo en funcionamiento la primera semana de enero de 2021.<\/em><\/p>\n<p style=\"text-align: justify;\">El Concejal Miguel Aravena Torres, indic\u00f3 que el Juzgado de Polic\u00eda Local de Cochrane, est\u00e1 funcionando desde el d\u00eda 04 de enero, recordando que la Corte de Apelaciones de Coyhaique, dio un plazo perentorio al Alcalde hasta el d\u00eda 02 de enero de 2021, para cumplir con lo ordenado en Resoluci\u00f3n del Pleno de la Ilustr\u00edsima Corte de fecha N\u00b044 del 28 de octubre de 2020, bajo apercibimiento de arresto y abrir una causa por desacato en su contra.<\/p>\n<p style=\"text-align: justify;\">La Jueza titular, Sra. Pamela Guerrero Robledo, ya est\u00e1 en funciones en dependencias de la I. Municipalidad de Cochrane, ubicadas en calle Esmeralda N\u00b0398, recibiendo y tramitando las causas que conforme a la ley le corresponde a este tipo de Tribunales de car\u00e1cter local. Para ello los ciudadanos pueden llenar un formulario judicial, asistir en forma presencial (cuando las restricciones sanitarias lo permitan), o entregar una denuncia por escrito en tres copias, a fin de que se inicien los procesos respectivos.<\/p>\n<p style=\"text-align: justify;\">El concejal Aravena, relev\u00f3 la importancia que tiene para la comuna contar con esta instancia despu\u00e9s de tantos a\u00f1os ya que las causas eran derivadas al Juzgado de Polic\u00eda Local de Chile Chico, procesos que eran engorrosos y lentos<em>, \u201cno era expedito ni oportuno, sobre todo cuando hab\u00edan toma de declaraciones, presentaci\u00f3n de pruebas documentales y\/o oposici\u00f3n de partes en alguna materia\u201d<\/em>,\u00a0 indic\u00f3.<\/p>\n<p style=\"text-align: justify;\">Adem\u00e1s record\u00f3 que las comunas de la Provincia Capit\u00e1n Prat, eran las \u00fanicas de la regi\u00f3n de Ays\u00e9n que no pose\u00edan un Juzgado de Polic\u00eda Local y que las comunas de Villa Ohiggins y Tortel deber\u00e1n ahora tramitar las causas que son de competencia de este tipo de Juzgados en Cochrane, seg\u00fan lo dispone la ley N\u00b015.231 en los incisos finales de los arts. 6\u00b0 y 14\u00b0 que indica: <em>\u201c\u2026para el caso de las comunas que no cuentan con esta clase de jueces, las correspondientes causas deber\u00e1n ser conocidas y resueltas por el Juzgado de Polic\u00eda Local m\u00e1s inmediato al territorio de la comuna en que esa causa se origin\u00f3 y que cuente con un juez que sea abogado.\u201d<\/em><\/p>\n<p style=\"text-align: justify;\">Finalmente resalt\u00f3 que la principal virtud de estos juzgados, es acercar la justicia a la gente, abordar aquellos aspectos que la legislaci\u00f3n mayor no ve, aquellas situaciones m\u00e1s dom\u00e9sticas, como lo son por ejemplo las vinculadas a la ley de tr\u00e1nsito, las ordenanzas y decretos municipales, ley de rentas municipales, ley del consumidor, a ley general de urbanismo y construcciones y su ordenanza, ley de alcoholes, ley de tenencia responsable de mascotas, ley de votaciones populares y escrutinios, ley sobre \u00e1reas silvestres protegidas, entre otras materias, concluy\u00f3.<\/p>\n<\/div><\/section><\/div><div  style='height:50px' class='hr hr-invisible   avia-builder-el-6  el_after_av_one_full  el_before_av_social_share '><span class='hr-inner ' ><span class='hr-inner-style'><\/span><\/span><\/div><\/p>\n<div  class='av-social-sharing-box  avia-builder-el-7  el_after_av_hr  el_before_av_hr  '><div class='av-share-box'><h5 class='av-share-link-description av-no-toc '>Compartir esta noticia<\/h5><ul class='av-share-box-list noLightbox'><li class='av-share-link av-social-link-facebook' ><a target=\"_blank\" aria-label=\"Compartir en Facebook\" href='https:\/\/www.facebook.com\/sharer.php?u=https:\/\/radiorevelacionfm.cl\/?p=2015&#038;t=Concejal%20de%20Cochrane%3A%20%E2%80%9CInstalaci%C3%B3n%20del%20Juzgado%20de%20Polic%C3%ADa%20Local%20ser%C3%A1%20un%20aporte%20para%20la%20comuna%E2%80%9D' aria-hidden='false' data-av_icon='\ue8f3' data-av_iconfont='entypo-fontello' title='' data-avia-related-tooltip='Compartir en Facebook' rel=\"noopener\"><span class='avia_hidden_link_text'>Compartir en Facebook<\/span><\/a><\/li><li class='av-share-link av-social-link-twitter' ><a target=\"_blank\" aria-label=\"Compartir en Twitter\" href='https:\/\/twitter.com\/share?text=Concejal%20de%20Cochrane%3A%20%E2%80%9CInstalaci%C3%B3n%20del%20Juzgado%20de%20Polic%C3%ADa%20Local%20ser%C3%A1%20un%20aporte%20para%20la%20comuna%E2%80%9D&#038;url=https:\/\/radiorevelacionfm.cl\/?p=2015' aria-hidden='false' data-av_icon='\ue8f1' data-av_iconfont='entypo-fontello' title='' data-avia-related-tooltip='Compartir en Twitter' rel=\"noopener\"><span class='avia_hidden_link_text'>Compartir en Twitter<\/span><\/a><\/li><li class='av-share-link av-social-link-whatsapp' ><a target=\"_blank\" aria-label=\"Compartir en Whatsapp\" href='https:\/\/api.whatsapp.com\/send?text=https:\/\/radiorevelacionfm.cl\/?p=2015' aria-hidden='false' data-av_icon='\uf232' data-av_iconfont='entypo-fontello' title='' data-avia-related-tooltip='Compartir en Whatsapp' rel=\"noopener\"><span class='avia_hidden_link_text'>Compartir en Whatsapp<\/span><\/a><\/li><li class='av-share-link av-social-link-linkedin' ><a target=\"_blank\" aria-label=\"Compartir en LinkedIn\" href='https:\/\/linkedin.com\/shareArticle?mini=true&#038;title=Concejal%20de%20Cochrane%3A%20%E2%80%9CInstalaci%C3%B3n%20del%20Juzgado%20de%20Polic%C3%ADa%20Local%20ser%C3%A1%20un%20aporte%20para%20la%20comuna%E2%80%9D&#038;url=https:\/\/radiorevelacionfm.cl\/?p=2015' aria-hidden='false' data-av_icon='\ue8fc' data-av_iconfont='entypo-fontello' title='' data-avia-related-tooltip='Compartir en LinkedIn' rel=\"noopener\"><span class='avia_hidden_link_text'>Compartir en LinkedIn<\/span><\/a><\/li><li class='av-share-link av-social-link-mail' ><a  aria-label=\"Compartir por correo\" href='mailto:?subject=Concejal%20de%20Cochrane%3A%20%E2%80%9CInstalaci%C3%B3n%20del%20Juzgado%20de%20Polic%C3%ADa%20Local%20ser%C3%A1%20un%20aporte%20para%20la%20comuna%E2%80%9D&#038;body=https:\/\/radiorevelacionfm.cl\/?p=2015' aria-hidden='false' data-av_icon='\ue805' data-av_iconfont='entypo-fontello' title='' data-avia-related-tooltip='Compartir por correo'><span class='avia_hidden_link_text'>Compartir por correo<\/span><\/a><\/li><\/ul><\/div><\/div>\n<div  style='height:50px' class='hr hr-invisible   avia-builder-el-8  el_after_av_social_share  el_before_av_comments_list '><span class='hr-inner ' ><span class='hr-inner-style'><\/span><\/span><\/div>\n<div  class='av-buildercomment  av-blog-meta-html-info-disabled av-blog-meta-tag-disabled  '><\/div>\n","protected":false},"excerpt":{"rendered":"","protected":false},"author":1,"featured_media":0,"comment_status":"open","ping_status":"open","sticky":false,"template":"","format":"standard","meta":{"footnotes":""},"categories":[55,35],"tags":[],"class_list":["post-2015","post","type-post","status-publish","format-standard","hentry","category-justicia","category-politica"],"jetpack_featured_media_url":"","_links":{"self":[{"href":"https:\/\/radiorevelacionfm.cl\/index.php?rest_route=\/wp\/v2\/posts\/2015","targetHints":{"allow":["GET"]}}],"collection":[{"href":"https:\/\/radiorevelacionfm.cl\/index.php?rest_route=\/wp\/v2\/posts"}],"about":[{"href":"https:\/\/radiorevelacionfm.cl\/index.php?rest_route=\/wp\/v2\/types\/post"}],"author":[{"embeddable":true,"href":"https:\/\/radiorevelacionfm.cl\/index.php?rest_route=\/wp\/v2\/users\/1"}],"replies":[{"embeddable":true,"href":"https:\/\/radiorevelacionfm.cl\/index.php?rest_route=%2Fwp%2Fv2%2Fcomments&post=2015"}],"version-history":[{"count":1,"href":"https:\/\/radiorevelacionfm.cl\/index.php?rest_route=\/wp\/v2\/posts\/2015\/revisions"}],"predecessor-version":[{"id":2017,"href":"https:\/\/radiorevelacionfm.cl\/index.php?rest_route=\/wp\/v2\/posts\/2015\/revisions\/2017"}],"wp:attachment":[{"href":"https:\/\/radiorevelacionfm.cl\/index.php?rest_route=%2Fwp%2Fv2%2Fmedia&parent=2015"}],"wp:term":[{"taxonomy":"category","embeddable":true,"href":"https:\/\/radiorevelacionfm.cl\/index.php?rest_route=%2Fwp%2Fv2%2Fcategories&post=2015"},{"taxonomy":"post_tag","embeddable":true,"href":"https:\/\/radiorevelacionfm.cl\/index.php?rest_route=%2Fwp%2Fv2%2Ftags&post=2015"}],"curies":[{"name":"wp","href":"https:\/\/api.w.org\/{rel}","templated":true}]}}