{"id":20148,"date":"2022-08-05T21:11:44","date_gmt":"2022-08-06T00:11:44","guid":{"rendered":"https:\/\/radiorevelacionfm.cl\/?p=20148"},"modified":"2022-08-05T21:11:44","modified_gmt":"2022-08-06T00:11:44","slug":"pdi-saca-de-circulacion-mas-de-12-kilos-de-cannabis-sativa-de-la-region-de-aysen","status":"publish","type":"post","link":"https:\/\/radiorevelacionfm.cl\/?p=20148","title":{"rendered":"PDI saca de circulaci\u00f3n m\u00e1s de 12 kilos de cannabis sativa de la regi\u00f3n de Ays\u00e9n"},"content":{"rendered":"<div class=\"flex_column av_one_full  flex_column_div av-zero-column-padding first  avia-builder-el-0  el_before_av_one_full  avia-builder-el-first  \" style='border-radius:0px; '><div  class='avia-image-container  av-styling-    avia-builder-el-1  avia-builder-el-no-sibling  avia-align-center '  itemprop=\"image\" itemscope=\"itemscope\" itemtype=\"https:\/\/schema.org\/ImageObject\"  ><div class='avia-image-container-inner'><div class='avia-image-overlay-wrap'><img decoding=\"async\" class='wp-image-20149 avia-img-lazy-loading-not-20149 avia_image' src=\"https:\/\/radiorevelacionfm.cl\/wp-content\/uploads\/2022\/08\/Incautacion-1.7-kilos-001-1-1.jpg\" alt='' title='Incautaci\u00f3n 1.7 kilos 001 (1) (1)' height=\"600\" width=\"900\"  itemprop=\"thumbnailUrl\" srcset=\"https:\/\/radiorevelacionfm.cl\/wp-content\/uploads\/2022\/08\/Incautacion-1.7-kilos-001-1-1.jpg 900w, https:\/\/radiorevelacionfm.cl\/wp-content\/uploads\/2022\/08\/Incautacion-1.7-kilos-001-1-1-300x200.jpg 300w, https:\/\/radiorevelacionfm.cl\/wp-content\/uploads\/2022\/08\/Incautacion-1.7-kilos-001-1-1-768x512.jpg 768w, https:\/\/radiorevelacionfm.cl\/wp-content\/uploads\/2022\/08\/Incautacion-1.7-kilos-001-1-1-705x470.jpg 705w, https:\/\/radiorevelacionfm.cl\/wp-content\/uploads\/2022\/08\/Incautacion-1.7-kilos-001-1-1-600x400.jpg 600w\" sizes=\"(max-width: 900px) 100vw, 900px\" \/><\/div><\/div><\/div><\/div><div class=\"flex_column av_one_full  flex_column_div av-zero-column-padding first  avia-builder-el-2  el_after_av_one_full  el_before_av_one_full  column-top-margin\" style='border-radius:0px; '><section class=\"av_textblock_section \"  itemscope=\"itemscope\" itemtype=\"https:\/\/schema.org\/BlogPosting\" itemprop=\"blogPost\" ><div class='avia_textblock  '   itemprop=\"text\" ><p style=\"text-align: center;\"><strong><span style=\"font-size: 18pt;\">PDI saca de circulaci\u00f3n m\u00e1s de 12 kilos de cannabis sativa de la regi\u00f3n de Ays\u00e9n<\/span><\/strong><\/p>\n<div id=\"gtx-trans\" style=\"position: absolute; left: -50px; top: 4.31534px;\">\n<div class=\"gtx-trans-icon\"><\/div>\n<\/div>\n<\/div><\/section><\/div><div class=\"flex_column av_one_full  flex_column_div av-zero-column-padding first  avia-builder-el-4  el_after_av_one_full  el_before_av_hr  column-top-margin\" style='border-radius:0px; '><section class=\"av_textblock_section \"  itemscope=\"itemscope\" itemtype=\"https:\/\/schema.org\/BlogPosting\" itemprop=\"blogPost\" ><div class='avia_textblock  '   itemprop=\"text\" ><p style=\"text-align: justify;\">En un trabajo coordinado con el Ministerio P\u00fablico, durante la \u00faltima semana, en dos procedimientos policiales desarrollados por la Brigada Antinarc\u00f3ticos y Contra el Crimen Organizado (BRIANCO) Coyhaique, la PDI logr\u00f3 sacar de circulaci\u00f3n m\u00e1s de 12 kilos de cannabis sativa, sustancia avaluada en $180.885.000 y correspondiente a 36.177 dosis, droga que ser\u00eda comercializada en la regi\u00f3n de Ays\u00e9n.<\/p>\n<p style=\"text-align: justify;\">Sobre estos resultados, el prefecto Delf\u00edn Olgu\u00edn, jefe de la Regi\u00f3n Policial de Ays\u00e9n, se\u00f1al\u00f3 que \u201cnos estamos haciendo cargo del an\u00e1lisis e investigaci\u00f3n criminal en torno al tr\u00e1fico de drogas. Estamos intensificando nuestros controles, ya sea v\u00eda mar\u00edtima, a\u00e9rea y terrestre, lugares donde hemos detectado distintas sustancias que ingresan a la regi\u00f3n, trabajo que va a perdurar en el tiempo, todo en coordinaci\u00f3n con la Fiscal\u00eda\u201d, agregando que \u201cel trabajo arduo que ha realizado nuestra Brigada Antinarc\u00f3ticos permiti\u00f3 finalizar una operaci\u00f3n donde se detuvo a una organizaci\u00f3n criminal, dedicada el tr\u00e1fico de drogas\u201d.<\/p>\n<p style=\"text-align: justify;\">Por su parte, el comisario Jorge Collao, jefe de la BRIANCO Coyhaique, indic\u00f3 que \u201cse trata de dos operaciones distintas que se generaron en forma paralela, investigaciones complejas apoyadas por nuestros gu\u00edas caninos, junto a sus canes, que hacen una labor super importante al detectar este tipo de sustancias que son ingresadas por transporte de carga\u201d.<\/p>\n<p style=\"text-align: justify;\"><strong>Operaci\u00f3n Cent\u00edgrado<\/strong><\/p>\n<p style=\"text-align: justify;\">En el primer procedimiento se logr\u00f3 sacar de circulaci\u00f3n 1.742 gramos de cannabis sativa, avaluados en $26.130.000 y correspondiente a 5.226 dosis, y detener a un imputado por el delito de tr\u00e1fico de drogas. As\u00ed, la \u201cOperaci\u00f3n Cent\u00edgrado\u201d logr\u00f3 detectar una encomienda proveniente de la ciudad de Vi\u00f1a del Mar con destino a Puerto Ays\u00e9n, consiguiendo -gracias al trabajo especializado de las canes detectoras de droga- identificar oculta en un horno el\u00e9ctrico la sustancia il\u00edcita que lleg\u00f3 a una empresa de la ciudad de Coyhaique.<\/p>\n<p style=\"text-align: justify;\">En esta diligencia, \u201cse utilizaron distintas herramientas y t\u00e9cnicas investigativas que est\u00e1n facultadas por la Ley 20.000, logrando detener a un sujeto de 20 a\u00f1os en la comuna de Puerto Ays\u00e9n\u201d, puntualiz\u00f3 el comisario Jorge Collao.<\/p>\n<p style=\"text-align: justify;\"><strong>Operaci\u00f3n Garnacho<\/strong><\/p>\n<p style=\"text-align: justify;\">Tras una investigaci\u00f3n de largo aliento de la BRIANCO Coyhaique, en coordinaci\u00f3n con la Fiscal\u00eda, gracias a la \u201cOperaci\u00f3n Garnacho\u201d, los detectives de la unidad especializada lograron establecer la internaci\u00f3n de distintas remesas de drogas desde la Regi\u00f3n Metropolitana, por parte de una estructura criminal dedicada activamente al tr\u00e1fico de drogas.<\/p>\n<p style=\"text-align: justify;\">Luego de cinco meses de diversas diligencias investigativas, se obtuvieron antecedentes relevantes para determinar que, a trav\u00e9s de empresas de transporte de carga, los imputados internaban cannabis sativa oculta en encomiendas de abarrotes para, posteriormente, ser acopiadas, comercializadas y distribuidas en las comunas de la regi\u00f3n.<\/p>\n<p style=\"text-align: justify;\">La sustancia era recepcionada en Coyhaique donde su financista ten\u00eda su centro de operaciones a cargo de sus brazos operativos, siendo dirigidos desde la comuna de Chile Chico, junto a otro individuo, los que fueron detenidos este jueves, uno de ellos con dos \u00f3rdenes de detenci\u00f3n pendientes. Sobre esto, el comisario Jorge Collao apunt\u00f3 que \u201cla organizaci\u00f3n ten\u00eda su centro de operaciones en Coyhaique desde donde era acopiada, distribuida y comercializada la sustancia il\u00edcita en las distintas comunas aleda\u00f1as. Adem\u00e1s, el blanco principal de la investigaci\u00f3n resid\u00eda en la comuna de Chile Chico, desde donde dirig\u00eda la organizaci\u00f3n\u201d, a\u00f1adiendo que \u201cson personas con un perfil violento, con antecedentes policiales y que intimidaban a sus mismos colaboradores en los cobros y el tipo de comercializaci\u00f3n que realizaban con la droga\u201d.<\/p>\n<p style=\"text-align: justify;\">En base a esta investigaci\u00f3n, la unidad especializada sac\u00f3 de circulaci\u00f3n 10.317 gramos de cannabis sativa, equivalente a 30.951 dosis, avaluadas en $154.755.000, y detuvo a cuatro personas. Adem\u00e1s, se incaut\u00f3 $698.000 de dinero en efectivo, un veh\u00edculo de alta gama, un arma de aire comprimido calibre 22 y dos cartuchos 9mm.<\/p>\n<p style=\"text-align: justify;\"><strong>Resultados positivos<\/strong><\/p>\n<p style=\"text-align: justify;\">Gracias al trabajo especializado de los detectives de la BRIANCO Coyhaique, durante el a\u00f1o 2022 se ha incautado un 228% m\u00e1s de cannabis sativa con respecto al a\u00f1o anterior, ampliando el alcance operativo de la Brigada Antinarc\u00f3ticos y Contra el Crimen Organizado para desarrollar procedimientos en distintos puntos de la regi\u00f3n.<\/p>\n<p style=\"text-align: justify;\">En este sentido, el Delegado Presidencial Regional de Ays\u00e9n, Rodrigo Araya, destac\u00f3 el trabajo de la unidad especializada, recalcando que \u201clos resultados investigativos de la PDI con respecto a estos delitos son importantes de pesquisar, investigar y encontrar todas las evidencias para que la justicia proceda a condenar a todos los responsables de los delitos de tr\u00e1fico de drogas\u201d.<\/p>\n<p style=\"text-align: justify;\">Finalmente, el Delegado Presidencial precis\u00f3 que \u201cnos parece importante se\u00f1alar que nuestra regi\u00f3n no est\u00e1 libre de este flagelo y, por lo tanto, todas estas acciones que oportunamente realiza la PDI son fundamentales para evitar que estas organizaciones de crimen organizado puedan seguir operando en nuestra regi\u00f3n\u201d.<\/p>\n<\/div><\/section><\/div><div  style='height:50px' class='hr hr-invisible   avia-builder-el-6  el_after_av_one_full  el_before_av_social_share '><span class='hr-inner ' ><span class='hr-inner-style'><\/span><\/span><\/div><\/p>\n<div  class='av-social-sharing-box  avia-builder-el-7  el_after_av_hr  el_before_av_hr  '><div class='av-share-box'><h5 class='av-share-link-description av-no-toc '>Compartir esta noticia<\/h5><ul class='av-share-box-list noLightbox'><li class='av-share-link av-social-link-facebook' ><a target=\"_blank\" aria-label=\"Compartir en Facebook\" href='https:\/\/www.facebook.com\/sharer.php?u=https:\/\/radiorevelacionfm.cl\/?p=20148&#038;t=PDI%20saca%20de%20circulaci%C3%B3n%20m%C3%A1s%20de%2012%20kilos%20de%20cannabis%20sativa%20de%20la%20regi%C3%B3n%20de%20Ays%C3%A9n' aria-hidden='false' data-av_icon='\ue8f3' data-av_iconfont='entypo-fontello' title='' data-avia-related-tooltip='Compartir en Facebook' rel=\"noopener\"><span class='avia_hidden_link_text'>Compartir en Facebook<\/span><\/a><\/li><li class='av-share-link av-social-link-twitter' ><a target=\"_blank\" aria-label=\"Compartir en Twitter\" href='https:\/\/twitter.com\/share?text=PDI%20saca%20de%20circulaci%C3%B3n%20m%C3%A1s%20de%2012%20kilos%20de%20cannabis%20sativa%20de%20la%20regi%C3%B3n%20de%20Ays%C3%A9n&#038;url=https:\/\/radiorevelacionfm.cl\/?p=20148' aria-hidden='false' data-av_icon='\ue8f1' data-av_iconfont='entypo-fontello' title='' data-avia-related-tooltip='Compartir en Twitter' rel=\"noopener\"><span class='avia_hidden_link_text'>Compartir en Twitter<\/span><\/a><\/li><li class='av-share-link av-social-link-whatsapp' ><a target=\"_blank\" aria-label=\"Compartir en Whatsapp\" href='https:\/\/api.whatsapp.com\/send?text=https:\/\/radiorevelacionfm.cl\/?p=20148' aria-hidden='false' data-av_icon='\uf232' data-av_iconfont='entypo-fontello' title='' data-avia-related-tooltip='Compartir en Whatsapp' rel=\"noopener\"><span class='avia_hidden_link_text'>Compartir en Whatsapp<\/span><\/a><\/li><li class='av-share-link av-social-link-linkedin' ><a target=\"_blank\" aria-label=\"Compartir en LinkedIn\" href='https:\/\/linkedin.com\/shareArticle?mini=true&#038;title=PDI%20saca%20de%20circulaci%C3%B3n%20m%C3%A1s%20de%2012%20kilos%20de%20cannabis%20sativa%20de%20la%20regi%C3%B3n%20de%20Ays%C3%A9n&#038;url=https:\/\/radiorevelacionfm.cl\/?p=20148' aria-hidden='false' data-av_icon='\ue8fc' data-av_iconfont='entypo-fontello' title='' data-avia-related-tooltip='Compartir en LinkedIn' rel=\"noopener\"><span class='avia_hidden_link_text'>Compartir en LinkedIn<\/span><\/a><\/li><li class='av-share-link av-social-link-mail' ><a  aria-label=\"Compartir por correo\" href='mailto:?subject=PDI%20saca%20de%20circulaci%C3%B3n%20m%C3%A1s%20de%2012%20kilos%20de%20cannabis%20sativa%20de%20la%20regi%C3%B3n%20de%20Ays%C3%A9n&#038;body=https:\/\/radiorevelacionfm.cl\/?p=20148' aria-hidden='false' data-av_icon='\ue805' data-av_iconfont='entypo-fontello' title='' data-avia-related-tooltip='Compartir por correo'><span class='avia_hidden_link_text'>Compartir por correo<\/span><\/a><\/li><\/ul><\/div><\/div>\n<div  style='height:50px' class='hr hr-invisible   avia-builder-el-8  el_after_av_social_share  el_before_av_comments_list '><span class='hr-inner ' ><span class='hr-inner-style'><\/span><\/span><\/div>\n<div  class='av-buildercomment  av-blog-meta-html-info-disabled av-blog-meta-tag-disabled  '><\/div>\n","protected":false},"excerpt":{"rendered":"","protected":false},"author":1,"featured_media":20149,"comment_status":"open","ping_status":"open","sticky":false,"template":"","format":"standard","meta":{"footnotes":""},"categories":[36],"tags":[],"class_list":["post-20148","post","type-post","status-publish","format-standard","has-post-thumbnail","hentry","category-policial"],"jetpack_featured_media_url":"https:\/\/radiorevelacionfm.cl\/wp-content\/uploads\/2022\/08\/Incautacion-1.7-kilos-001-1-1.jpg","_links":{"self":[{"href":"https:\/\/radiorevelacionfm.cl\/index.php?rest_route=\/wp\/v2\/posts\/20148","targetHints":{"allow":["GET"]}}],"collection":[{"href":"https:\/\/radiorevelacionfm.cl\/index.php?rest_route=\/wp\/v2\/posts"}],"about":[{"href":"https:\/\/radiorevelacionfm.cl\/index.php?rest_route=\/wp\/v2\/types\/post"}],"author":[{"embeddable":true,"href":"https:\/\/radiorevelacionfm.cl\/index.php?rest_route=\/wp\/v2\/users\/1"}],"replies":[{"embeddable":true,"href":"https:\/\/radiorevelacionfm.cl\/index.php?rest_route=%2Fwp%2Fv2%2Fcomments&post=20148"}],"version-history":[{"count":2,"href":"https:\/\/radiorevelacionfm.cl\/index.php?rest_route=\/wp\/v2\/posts\/20148\/revisions"}],"predecessor-version":[{"id":20151,"href":"https:\/\/radiorevelacionfm.cl\/index.php?rest_route=\/wp\/v2\/posts\/20148\/revisions\/20151"}],"wp:featuredmedia":[{"embeddable":true,"href":"https:\/\/radiorevelacionfm.cl\/index.php?rest_route=\/wp\/v2\/media\/20149"}],"wp:attachment":[{"href":"https:\/\/radiorevelacionfm.cl\/index.php?rest_route=%2Fwp%2Fv2%2Fmedia&parent=20148"}],"wp:term":[{"taxonomy":"category","embeddable":true,"href":"https:\/\/radiorevelacionfm.cl\/index.php?rest_route=%2Fwp%2Fv2%2Fcategories&post=20148"},{"taxonomy":"post_tag","embeddable":true,"href":"https:\/\/radiorevelacionfm.cl\/index.php?rest_route=%2Fwp%2Fv2%2Ftags&post=20148"}],"curies":[{"name":"wp","href":"https:\/\/api.w.org\/{rel}","templated":true}]}}