{"id":20147,"date":"2022-08-05T14:15:21","date_gmt":"2022-08-05T17:15:21","guid":{"rendered":"https:\/\/radiorevelacionfm.cl\/?p=20147"},"modified":"2022-08-06T00:00:43","modified_gmt":"2022-08-06T03:00:43","slug":"avion-debio-aterrizar-de-emergencia-en-aerodromo-teniente-vidal-de-coyhaique","status":"publish","type":"post","link":"https:\/\/radiorevelacionfm.cl\/?p=20147","title":{"rendered":"Avi\u00f3n debi\u00f3 aterrizar de emergencia en aer\u00f3dromo Teniente Vidal de Coyhaique"},"content":{"rendered":"<div class=\"flex_column av_one_full  flex_column_div av-zero-column-padding first  avia-builder-el-0  el_before_av_one_full  avia-builder-el-first  \" style='border-radius:0px; '><div  class='avia-image-container  av-styling-    avia-builder-el-1  avia-builder-el-no-sibling  avia-align-center '  itemprop=\"image\" itemscope=\"itemscope\" itemtype=\"https:\/\/schema.org\/ImageObject\"  ><div class='avia-image-container-inner'><div class='avia-image-overlay-wrap'><img decoding=\"async\" class='wp-image-20152 avia-img-lazy-loading-not-20152 avia_image' src=\"https:\/\/radiorevelacionfm.cl\/wp-content\/uploads\/2022\/08\/FB_IMG_1659726337830-1.jpg\" alt='' title='FB_IMG_1659726337830 (1)' height=\"636\" width=\"938\"  itemprop=\"thumbnailUrl\" srcset=\"https:\/\/radiorevelacionfm.cl\/wp-content\/uploads\/2022\/08\/FB_IMG_1659726337830-1.jpg 938w, https:\/\/radiorevelacionfm.cl\/wp-content\/uploads\/2022\/08\/FB_IMG_1659726337830-1-300x203.jpg 300w, https:\/\/radiorevelacionfm.cl\/wp-content\/uploads\/2022\/08\/FB_IMG_1659726337830-1-768x521.jpg 768w, https:\/\/radiorevelacionfm.cl\/wp-content\/uploads\/2022\/08\/FB_IMG_1659726337830-1-705x478.jpg 705w, https:\/\/radiorevelacionfm.cl\/wp-content\/uploads\/2022\/08\/FB_IMG_1659726337830-1-600x407.jpg 600w\" sizes=\"(max-width: 938px) 100vw, 938px\" \/><\/div><\/div><\/div><\/div><div class=\"flex_column av_one_full  flex_column_div av-zero-column-padding first  avia-builder-el-2  el_after_av_one_full  el_before_av_one_full  column-top-margin\" style='border-radius:0px; '><section class=\"av_textblock_section \"  itemscope=\"itemscope\" itemtype=\"https:\/\/schema.org\/BlogPosting\" itemprop=\"blogPost\" ><div class='avia_textblock  '   itemprop=\"text\" ><p style=\"text-align: center;\"><strong><span style=\"font-size: 18pt;\">Avi\u00f3n debi\u00f3 aterrizar de emergencia en aer\u00f3dromo Teniente Vidal de Coyhaique<\/span><\/strong><\/p>\n<div id=\"gtx-trans\" style=\"position: absolute; left: -50px; top: 4.31534px;\">\n<div class=\"gtx-trans-icon\"><\/div>\n<\/div>\n<\/div><\/section><\/div><div class=\"flex_column av_one_full  flex_column_div av-zero-column-padding first  avia-builder-el-4  el_after_av_one_full  el_before_av_hr  column-top-margin\" style='border-radius:0px; '><section class=\"av_textblock_section \"  itemscope=\"itemscope\" itemtype=\"https:\/\/schema.org\/BlogPosting\" itemprop=\"blogPost\" ><div class='avia_textblock  '   itemprop=\"text\" ><p style=\"text-align: justify;\">Una nueva emergencia a\u00e9rea se registr\u00f3 esta ma\u00f1ana en la capital regional, Coyhaique, cuando pasadas las 11:00 horas los servicios de emergencia debieron concurrir hasta el aer\u00f3dromo Teniente Vidal, distante a unos 5 km de la ciudad.<\/p>\n<p style=\"text-align: justify;\">El llamado daba cuenta de un aterrizaje forzoso de la aeronave matr\u00edcula CC- CEZ, destinada al transporte de pasajeros, desde Coyhaique a Chile Chico y viceversa, bajo el sistema subsidiado para mantener la conectividad hacia la zona lacustre a ra\u00edz de los serios problemas de desplazamiento que han debido enfrentar los habitantes de esa zona.<\/p>\n<p style=\"text-align: justify;\">La aeronave sufri\u00f3 un desperfecto en su tren de aterrizaje (informaci\u00f3n preliminar), ante esta falla el piloto decide regresar al aer\u00f3dromo Teniente Vidal para realizar un aterrizaje de emergencia, al momento del incidente en el avi\u00f3n se trasladaban seis personas, 5 pasajeros y el piloto. Afortunadamente la experiencia del piloto, Hugo Rosas, fue clave en este caso logrando un aterrizaje seguro, evitando una tragedia.<\/p>\n<p style=\"text-align: justify;\">Cabe mencionar que dos personas fueron trasladadas al Hospital Regional Coyhaique, para ser sometidas a evaluaci\u00f3n m\u00e9dica y descartar lesiones.<\/p>\n<p style=\"text-align: justify;\">En menos de 24 horas se han registrado dos emergencias a\u00e9reas en la regi\u00f3n de Ays\u00e9n,\u00a0las causas de ambos accidentes ser\u00e1n materia de investigaci\u00f3n por parte de la Direcci\u00f3n General de Aeron\u00e1utica Civil y un equipo de expertos que arribar\u00e1 a la regi\u00f3n en las pr\u00f3ximas horas.<\/p>\n<\/div><\/section><\/div><div  style='height:50px' class='hr hr-invisible   avia-builder-el-6  el_after_av_one_full  el_before_av_social_share '><span class='hr-inner ' ><span class='hr-inner-style'><\/span><\/span><\/div><\/p>\n<div  class='av-social-sharing-box  avia-builder-el-7  el_after_av_hr  el_before_av_hr  '><div class='av-share-box'><h5 class='av-share-link-description av-no-toc '>Compartir esta noticia<\/h5><ul class='av-share-box-list noLightbox'><li class='av-share-link av-social-link-facebook' ><a target=\"_blank\" aria-label=\"Compartir en Facebook\" href='https:\/\/www.facebook.com\/sharer.php?u=https:\/\/radiorevelacionfm.cl\/?p=20147&#038;t=Avi%C3%B3n%20debi%C3%B3%20aterrizar%20de%20emergencia%20en%20aer%C3%B3dromo%20Teniente%20Vidal%20de%20Coyhaique' aria-hidden='false' data-av_icon='\ue8f3' data-av_iconfont='entypo-fontello' title='' data-avia-related-tooltip='Compartir en Facebook' rel=\"noopener\"><span class='avia_hidden_link_text'>Compartir en Facebook<\/span><\/a><\/li><li class='av-share-link av-social-link-twitter' ><a target=\"_blank\" aria-label=\"Compartir en Twitter\" href='https:\/\/twitter.com\/share?text=Avi%C3%B3n%20debi%C3%B3%20aterrizar%20de%20emergencia%20en%20aer%C3%B3dromo%20Teniente%20Vidal%20de%20Coyhaique&#038;url=https:\/\/radiorevelacionfm.cl\/?p=20147' aria-hidden='false' data-av_icon='\ue8f1' data-av_iconfont='entypo-fontello' title='' data-avia-related-tooltip='Compartir en Twitter' rel=\"noopener\"><span class='avia_hidden_link_text'>Compartir en Twitter<\/span><\/a><\/li><li class='av-share-link av-social-link-whatsapp' ><a target=\"_blank\" aria-label=\"Compartir en Whatsapp\" href='https:\/\/api.whatsapp.com\/send?text=https:\/\/radiorevelacionfm.cl\/?p=20147' aria-hidden='false' data-av_icon='\uf232' data-av_iconfont='entypo-fontello' title='' data-avia-related-tooltip='Compartir en Whatsapp' rel=\"noopener\"><span class='avia_hidden_link_text'>Compartir en Whatsapp<\/span><\/a><\/li><li class='av-share-link av-social-link-linkedin' ><a target=\"_blank\" aria-label=\"Compartir en LinkedIn\" href='https:\/\/linkedin.com\/shareArticle?mini=true&#038;title=Avi%C3%B3n%20debi%C3%B3%20aterrizar%20de%20emergencia%20en%20aer%C3%B3dromo%20Teniente%20Vidal%20de%20Coyhaique&#038;url=https:\/\/radiorevelacionfm.cl\/?p=20147' aria-hidden='false' data-av_icon='\ue8fc' data-av_iconfont='entypo-fontello' title='' data-avia-related-tooltip='Compartir en LinkedIn' rel=\"noopener\"><span class='avia_hidden_link_text'>Compartir en LinkedIn<\/span><\/a><\/li><li class='av-share-link av-social-link-mail' ><a  aria-label=\"Compartir por correo\" href='mailto:?subject=Avi%C3%B3n%20debi%C3%B3%20aterrizar%20de%20emergencia%20en%20aer%C3%B3dromo%20Teniente%20Vidal%20de%20Coyhaique&#038;body=https:\/\/radiorevelacionfm.cl\/?p=20147' aria-hidden='false' data-av_icon='\ue805' data-av_iconfont='entypo-fontello' title='' data-avia-related-tooltip='Compartir por correo'><span class='avia_hidden_link_text'>Compartir por correo<\/span><\/a><\/li><\/ul><\/div><\/div>\n<div  style='height:50px' class='hr hr-invisible   avia-builder-el-8  el_after_av_social_share  el_before_av_comments_list '><span class='hr-inner ' ><span class='hr-inner-style'><\/span><\/span><\/div>\n<div  class='av-buildercomment  av-blog-meta-html-info-disabled av-blog-meta-tag-disabled  '><\/div>\n","protected":false},"excerpt":{"rendered":"","protected":false},"author":1,"featured_media":20152,"comment_status":"open","ping_status":"open","sticky":false,"template":"","format":"standard","meta":{"footnotes":""},"categories":[38],"tags":[],"class_list":["post-20147","post","type-post","status-publish","format-standard","has-post-thumbnail","hentry","category-regional"],"jetpack_featured_media_url":"https:\/\/radiorevelacionfm.cl\/wp-content\/uploads\/2022\/08\/FB_IMG_1659726337830-1.jpg","_links":{"self":[{"href":"https:\/\/radiorevelacionfm.cl\/index.php?rest_route=\/wp\/v2\/posts\/20147","targetHints":{"allow":["GET"]}}],"collection":[{"href":"https:\/\/radiorevelacionfm.cl\/index.php?rest_route=\/wp\/v2\/posts"}],"about":[{"href":"https:\/\/radiorevelacionfm.cl\/index.php?rest_route=\/wp\/v2\/types\/post"}],"author":[{"embeddable":true,"href":"https:\/\/radiorevelacionfm.cl\/index.php?rest_route=\/wp\/v2\/users\/1"}],"replies":[{"embeddable":true,"href":"https:\/\/radiorevelacionfm.cl\/index.php?rest_route=%2Fwp%2Fv2%2Fcomments&post=20147"}],"version-history":[{"count":2,"href":"https:\/\/radiorevelacionfm.cl\/index.php?rest_route=\/wp\/v2\/posts\/20147\/revisions"}],"predecessor-version":[{"id":20154,"href":"https:\/\/radiorevelacionfm.cl\/index.php?rest_route=\/wp\/v2\/posts\/20147\/revisions\/20154"}],"wp:featuredmedia":[{"embeddable":true,"href":"https:\/\/radiorevelacionfm.cl\/index.php?rest_route=\/wp\/v2\/media\/20152"}],"wp:attachment":[{"href":"https:\/\/radiorevelacionfm.cl\/index.php?rest_route=%2Fwp%2Fv2%2Fmedia&parent=20147"}],"wp:term":[{"taxonomy":"category","embeddable":true,"href":"https:\/\/radiorevelacionfm.cl\/index.php?rest_route=%2Fwp%2Fv2%2Fcategories&post=20147"},{"taxonomy":"post_tag","embeddable":true,"href":"https:\/\/radiorevelacionfm.cl\/index.php?rest_route=%2Fwp%2Fv2%2Ftags&post=20147"}],"curies":[{"name":"wp","href":"https:\/\/api.w.org\/{rel}","templated":true}]}}