{"id":20141,"date":"2022-08-06T11:43:15","date_gmt":"2022-08-06T14:43:15","guid":{"rendered":"https:\/\/radiorevelacionfm.cl\/?p=20141"},"modified":"2022-08-06T11:43:15","modified_gmt":"2022-08-06T14:43:15","slug":"primer-seminario-de-transformacion-digital-para-pymes-se-realizara-este-9-10-y-11-de-agosto","status":"publish","type":"post","link":"https:\/\/radiorevelacionfm.cl\/?p=20141","title":{"rendered":"Primer Seminario de Transformaci\u00f3n Digital para Pymes se realizar\u00e1 este 9, 10 y 11 de agosto"},"content":{"rendered":"<div class=\"flex_column av_one_full  flex_column_div av-zero-column-padding first  avia-builder-el-0  el_before_av_one_full  avia-builder-el-first  \" style='border-radius:0px; '><div  class='avia-image-container  av-styling-    avia-builder-el-1  avia-builder-el-no-sibling  avia-align-center '  itemprop=\"image\" itemscope=\"itemscope\" itemtype=\"https:\/\/schema.org\/ImageObject\"  ><div class='avia-image-container-inner'><div class='avia-image-overlay-wrap'><img decoding=\"async\" class='wp-image-20144 avia-img-lazy-loading-not-20144 avia_image' src=\"https:\/\/radiorevelacionfm.cl\/wp-content\/uploads\/2022\/08\/seminario-transformaciOn-digital-2_optimized-1.jpg\" alt='' title='seminario-transformaci\u00d3n-digital-(2)_optimized (1)' height=\"1599\" width=\"899\"  itemprop=\"thumbnailUrl\" srcset=\"https:\/\/radiorevelacionfm.cl\/wp-content\/uploads\/2022\/08\/seminario-transformaciOn-digital-2_optimized-1.jpg 899w, https:\/\/radiorevelacionfm.cl\/wp-content\/uploads\/2022\/08\/seminario-transformaciOn-digital-2_optimized-1-169x300.jpg 169w, https:\/\/radiorevelacionfm.cl\/wp-content\/uploads\/2022\/08\/seminario-transformaciOn-digital-2_optimized-1-579x1030.jpg 579w, https:\/\/radiorevelacionfm.cl\/wp-content\/uploads\/2022\/08\/seminario-transformaciOn-digital-2_optimized-1-768x1366.jpg 768w, https:\/\/radiorevelacionfm.cl\/wp-content\/uploads\/2022\/08\/seminario-transformaciOn-digital-2_optimized-1-864x1536.jpg 864w, https:\/\/radiorevelacionfm.cl\/wp-content\/uploads\/2022\/08\/seminario-transformaciOn-digital-2_optimized-1-843x1500.jpg 843w, https:\/\/radiorevelacionfm.cl\/wp-content\/uploads\/2022\/08\/seminario-transformaciOn-digital-2_optimized-1-396x705.jpg 396w, https:\/\/radiorevelacionfm.cl\/wp-content\/uploads\/2022\/08\/seminario-transformaciOn-digital-2_optimized-1-600x1067.jpg 600w\" sizes=\"(max-width: 899px) 100vw, 899px\" \/><\/div><\/div><\/div><\/div><div class=\"flex_column av_one_full  flex_column_div av-zero-column-padding first  avia-builder-el-2  el_after_av_one_full  el_before_av_one_full  column-top-margin\" style='border-radius:0px; '><section class=\"av_textblock_section \"  itemscope=\"itemscope\" itemtype=\"https:\/\/schema.org\/BlogPosting\" itemprop=\"blogPost\" ><div class='avia_textblock  '   itemprop=\"text\" ><p style=\"text-align: center;\"><span style=\"font-size: 18pt;\"><b><span lang=\"ES-US\">Primer Seminario de Transformaci\u00f3n Digital para Pymes se realizar\u00e1 este 9, 10 y 11 de agosto<\/span><\/b><\/span><\/p>\n<div id=\"gtx-trans\" style=\"position: absolute; left: -50px; top: 4.31534px;\">\n<div class=\"gtx-trans-icon\"><\/div>\n<\/div>\n<\/div><\/section><\/div><div class=\"flex_column av_one_full  flex_column_div av-zero-column-padding first  avia-builder-el-4  el_after_av_one_full  el_before_av_hr  column-top-margin\" style='border-radius:0px; '><section class=\"av_textblock_section \"  itemscope=\"itemscope\" itemtype=\"https:\/\/schema.org\/BlogPosting\" itemprop=\"blogPost\" ><div class='avia_textblock  '   itemprop=\"text\" ><p style=\"font-weight: 400; text-align: justify;\">A trav\u00e9s del programa Fortalece Pyme de Corfo, se llevar\u00e1 a cabo el primer Seminario de Transformaci\u00f3n Digital para Pymes que reunir\u00e1 a empresas desde las regiones de \u00d1uble hasta la de Magallanes, desarroll\u00e1ndose durante los d\u00edas 9, 10 y 11 de agosto, ser\u00e1n seis los expositores que abordar\u00e1n las tendencias en tecnolog\u00edas y las nuevas oportunidades que est\u00e1 entregando el salto a la adopci\u00f3n e integraci\u00f3n de herramientas digitales para la gesti\u00f3n de los negocios.<\/p>\n<p style=\"font-weight: 400; text-align: justify;\">El evento que se encuentra con cupos disponibles y cuya inscripci\u00f3n es gratuita, se llevar\u00e1 a cabo en formato virtual, abriendo la posibilidad de los asistentes a intercambiar sus experiencias con otras Pymes y conocer m\u00e1s sobre los beneficios que trae consigo la nueva era de transformaci\u00f3n digital.<\/p>\n<p style=\"font-weight: 400; text-align: justify;\">Durante los tres d\u00edas de evento, se abordar\u00e1n tem\u00e1ticas como; las nuevas oportunidades y tendencias tecnol\u00f3gicas a disposici\u00f3n de las Pymes chilenas; herramientas digitales y nuevas tecnolog\u00edas; transformaci\u00f3n cultural y digital; entre otros.<\/p>\n<p style=\"font-weight: 400; text-align: justify;\">Sobre el evento, el gerente de proyectos de FPyme Ays\u00e9n, Mat\u00edas Broussaingaray, coment\u00f3 que \u201ceste seminario de transformaci\u00f3n digital, lo hemos preparado junto a otras 6 regiones del programa FPyme, as\u00ed es que invitad\u00edsimas todas las Pymes de nuestra Regi\u00f3n de Ays\u00e9n a que se conecten cualquiera de estos tres d\u00edas, este ser\u00e1 un seminario online as\u00ed es que se podr\u00e1n conectarse y participar desde cualquier lugar de la regi\u00f3n\u201d.<\/p>\n<p style=\"font-weight: 400; text-align: justify;\">\u201cVamos a pasar por distintos temas estos d\u00edas, desde tributaci\u00f3n digital para Pymes hasta nuevas herramientas, beneficios de zona austral y de la zona franca, etc. Los speakers que participar\u00e1n son especialistas en Microsoft, realidad aumentada y en c\u00f3mo podemos utilizarla para los e-commerce, entre otras \u00e1reas. La invitaci\u00f3n es a registrarse a trav\u00e9s de nuestra web\u00a0<a href=\"http:\/\/www.fpymeaysen.cl\/\" data-saferedirecturl=\"https:\/\/www.google.com\/url?q=http:\/\/www.fpymeaysen.cl&amp;source=gmail&amp;ust=1659827208556000&amp;usg=AOvVaw3rNlbwAXFuGqPyc7AaL56C\">www.fpymeaysen.cl<\/a>\u00a0y si es que tienen cualquier otra duda, nos pueden escribir a trav\u00e9s de nuestros emails y redes sociales que siempre est\u00e1n disponibles\u201d, detall\u00f3 Broussaingaray.<\/p>\n<p style=\"font-weight: 400; text-align: justify;\">Desde Corfo Ays\u00e9n, su Director Regional (S) Fernando Johnson Dur\u00e1n, se\u00f1al\u00f3: \u201cEl desarrollo de este seminario de transformaci\u00f3n digital, es muy importante para nosotros, ya que habla del excelente trabajo que est\u00e1 llevando a cabo el proyecto Red Fortalece Pyme Ays\u00e9n, que a trav\u00e9s de su equipo ha liderado esta actividad que involucra a varias regiones del Pa\u00eds. Como ya hemos se\u00f1alado en otras oportunidades, la entrega de herramientas digitales para mejorar la gesti\u00f3n de las Pymes de Ays\u00e9n, es vital para su desarrollo competitivo y para no quedarse atr\u00e1s en el mundo de las tecnolog\u00edas digitales aplicadas al desarrollo de las empresas\u201d.<\/p>\n<p style=\"font-weight: 400; text-align: justify;\">M\u00e1s informaci\u00f3n sobre el programa y los speakers que ser\u00e1n parte del seminario, se encuentran disponibles tambi\u00e9n en redes sociales, Facebook;\u00a0<a href=\"http:\/\/facebook.com\/fpyme_aysen\" data-saferedirecturl=\"https:\/\/www.google.com\/url?q=http:\/\/facebook.com\/fpyme_aysen&amp;source=gmail&amp;ust=1659827208556000&amp;usg=AOvVaw2MgytEl5mjiAq8M52nh1q4\">FpymeAys\u00e9n<\/a>\u00a0e Instagram;\u00a0<a href=\"http:\/\/instagram.com\/fpyme_aysen\" data-saferedirecturl=\"https:\/\/www.google.com\/url?q=http:\/\/instagram.com\/fpyme_aysen&amp;source=gmail&amp;ust=1659827208556000&amp;usg=AOvVaw3KWLN9uyNcgDSlS6x16cea\">FPyme_Aysen<\/a>.<\/p>\n<\/div><\/section><\/div><div  style='height:50px' class='hr hr-invisible   avia-builder-el-6  el_after_av_one_full  el_before_av_social_share '><span class='hr-inner ' ><span class='hr-inner-style'><\/span><\/span><\/div><\/p>\n<div  class='av-social-sharing-box  avia-builder-el-7  el_after_av_hr  el_before_av_hr  '><div class='av-share-box'><h5 class='av-share-link-description av-no-toc '>Compartir esta noticia<\/h5><ul class='av-share-box-list noLightbox'><li class='av-share-link av-social-link-facebook' ><a target=\"_blank\" aria-label=\"Compartir en Facebook\" href='https:\/\/www.facebook.com\/sharer.php?u=https:\/\/radiorevelacionfm.cl\/?p=20141&#038;t=Primer%20Seminario%20de%20Transformaci%C3%B3n%20Digital%20para%20Pymes%20se%20realizar%C3%A1%20este%209%2C%2010%20y%2011%20de%20agosto' aria-hidden='false' data-av_icon='\ue8f3' data-av_iconfont='entypo-fontello' title='' data-avia-related-tooltip='Compartir en Facebook' rel=\"noopener\"><span class='avia_hidden_link_text'>Compartir en Facebook<\/span><\/a><\/li><li class='av-share-link av-social-link-twitter' ><a target=\"_blank\" aria-label=\"Compartir en Twitter\" href='https:\/\/twitter.com\/share?text=Primer%20Seminario%20de%20Transformaci%C3%B3n%20Digital%20para%20Pymes%20se%20realizar%C3%A1%20este%209%2C%2010%20y%2011%20de%20agosto&#038;url=https:\/\/radiorevelacionfm.cl\/?p=20141' aria-hidden='false' data-av_icon='\ue8f1' data-av_iconfont='entypo-fontello' title='' data-avia-related-tooltip='Compartir en Twitter' rel=\"noopener\"><span class='avia_hidden_link_text'>Compartir en Twitter<\/span><\/a><\/li><li class='av-share-link av-social-link-whatsapp' ><a target=\"_blank\" aria-label=\"Compartir en Whatsapp\" href='https:\/\/api.whatsapp.com\/send?text=https:\/\/radiorevelacionfm.cl\/?p=20141' aria-hidden='false' data-av_icon='\uf232' data-av_iconfont='entypo-fontello' title='' data-avia-related-tooltip='Compartir en Whatsapp' rel=\"noopener\"><span class='avia_hidden_link_text'>Compartir en Whatsapp<\/span><\/a><\/li><li class='av-share-link av-social-link-linkedin' ><a target=\"_blank\" aria-label=\"Compartir en LinkedIn\" href='https:\/\/linkedin.com\/shareArticle?mini=true&#038;title=Primer%20Seminario%20de%20Transformaci%C3%B3n%20Digital%20para%20Pymes%20se%20realizar%C3%A1%20este%209%2C%2010%20y%2011%20de%20agosto&#038;url=https:\/\/radiorevelacionfm.cl\/?p=20141' aria-hidden='false' data-av_icon='\ue8fc' data-av_iconfont='entypo-fontello' title='' data-avia-related-tooltip='Compartir en LinkedIn' rel=\"noopener\"><span class='avia_hidden_link_text'>Compartir en LinkedIn<\/span><\/a><\/li><li class='av-share-link av-social-link-mail' ><a  aria-label=\"Compartir por correo\" href='mailto:?subject=Primer%20Seminario%20de%20Transformaci%C3%B3n%20Digital%20para%20Pymes%20se%20realizar%C3%A1%20este%209%2C%2010%20y%2011%20de%20agosto&#038;body=https:\/\/radiorevelacionfm.cl\/?p=20141' aria-hidden='false' data-av_icon='\ue805' data-av_iconfont='entypo-fontello' title='' data-avia-related-tooltip='Compartir por correo'><span class='avia_hidden_link_text'>Compartir por correo<\/span><\/a><\/li><\/ul><\/div><\/div>\n<div  style='height:50px' class='hr hr-invisible   avia-builder-el-8  el_after_av_social_share  el_before_av_comments_list '><span class='hr-inner ' ><span class='hr-inner-style'><\/span><\/span><\/div>\n<div  class='av-buildercomment  av-blog-meta-html-info-disabled av-blog-meta-tag-disabled  '><\/div>\n","protected":false},"excerpt":{"rendered":"","protected":false},"author":1,"featured_media":20142,"comment_status":"open","ping_status":"open","sticky":false,"template":"","format":"standard","meta":{"footnotes":""},"categories":[38],"tags":[],"class_list":["post-20141","post","type-post","status-publish","format-standard","has-post-thumbnail","hentry","category-regional"],"jetpack_featured_media_url":"https:\/\/radiorevelacionfm.cl\/wp-content\/uploads\/2022\/08\/SEMINARIO-TRANSFORMACION-DIGITAL1-1-1.jpg","_links":{"self":[{"href":"https:\/\/radiorevelacionfm.cl\/index.php?rest_route=\/wp\/v2\/posts\/20141","targetHints":{"allow":["GET"]}}],"collection":[{"href":"https:\/\/radiorevelacionfm.cl\/index.php?rest_route=\/wp\/v2\/posts"}],"about":[{"href":"https:\/\/radiorevelacionfm.cl\/index.php?rest_route=\/wp\/v2\/types\/post"}],"author":[{"embeddable":true,"href":"https:\/\/radiorevelacionfm.cl\/index.php?rest_route=\/wp\/v2\/users\/1"}],"replies":[{"embeddable":true,"href":"https:\/\/radiorevelacionfm.cl\/index.php?rest_route=%2Fwp%2Fv2%2Fcomments&post=20141"}],"version-history":[{"count":2,"href":"https:\/\/radiorevelacionfm.cl\/index.php?rest_route=\/wp\/v2\/posts\/20141\/revisions"}],"predecessor-version":[{"id":20157,"href":"https:\/\/radiorevelacionfm.cl\/index.php?rest_route=\/wp\/v2\/posts\/20141\/revisions\/20157"}],"wp:featuredmedia":[{"embeddable":true,"href":"https:\/\/radiorevelacionfm.cl\/index.php?rest_route=\/wp\/v2\/media\/20142"}],"wp:attachment":[{"href":"https:\/\/radiorevelacionfm.cl\/index.php?rest_route=%2Fwp%2Fv2%2Fmedia&parent=20141"}],"wp:term":[{"taxonomy":"category","embeddable":true,"href":"https:\/\/radiorevelacionfm.cl\/index.php?rest_route=%2Fwp%2Fv2%2Fcategories&post=20141"},{"taxonomy":"post_tag","embeddable":true,"href":"https:\/\/radiorevelacionfm.cl\/index.php?rest_route=%2Fwp%2Fv2%2Ftags&post=20141"}],"curies":[{"name":"wp","href":"https:\/\/api.w.org\/{rel}","templated":true}]}}