{"id":20138,"date":"2022-08-05T20:45:48","date_gmt":"2022-08-05T23:45:48","guid":{"rendered":"https:\/\/radiorevelacionfm.cl\/?p=20138"},"modified":"2022-08-05T20:45:48","modified_gmt":"2022-08-05T23:45:48","slug":"seremi-del-mop-tras-reunion-con-la-camara-chilena-de-la-construccion-buscamos-aliados-en-el-sector-privado-para-concretar-obras-publicas-y-contribuir-al-bienestar-de-las-personas","status":"publish","type":"post","link":"https:\/\/radiorevelacionfm.cl\/?p=20138","title":{"rendered":"Seremi del MOP tras reuni\u00f3n con la C\u00e1mara Chilena de la Construcci\u00f3n: \u201cBuscamos aliados en el sector privado para concretar obras p\u00fablicas y contribuir al bienestar de las personas\u201d"},"content":{"rendered":"<div class=\"flex_column av_one_full  flex_column_div av-zero-column-padding first  avia-builder-el-0  el_before_av_one_full  avia-builder-el-first  \" style='border-radius:0px; '><div  class='avia-image-container  av-styling-    avia-builder-el-1  avia-builder-el-no-sibling  avia-align-center '  itemprop=\"image\" itemscope=\"itemscope\" itemtype=\"https:\/\/schema.org\/ImageObject\"  ><div class='avia-image-container-inner'><div class='avia-image-overlay-wrap'><img decoding=\"async\" class='wp-image-20139 avia-img-lazy-loading-not-20139 avia_image' src=\"https:\/\/radiorevelacionfm.cl\/wp-content\/uploads\/2022\/08\/img_9983-1_optimized.jpg\" alt='' title='img_9983-(1)_optimized' height=\"600\" width=\"1769\"  itemprop=\"thumbnailUrl\" srcset=\"https:\/\/radiorevelacionfm.cl\/wp-content\/uploads\/2022\/08\/img_9983-1_optimized.jpg 1769w, https:\/\/radiorevelacionfm.cl\/wp-content\/uploads\/2022\/08\/img_9983-1_optimized-300x102.jpg 300w, https:\/\/radiorevelacionfm.cl\/wp-content\/uploads\/2022\/08\/img_9983-1_optimized-1030x349.jpg 1030w, https:\/\/radiorevelacionfm.cl\/wp-content\/uploads\/2022\/08\/img_9983-1_optimized-768x260.jpg 768w, https:\/\/radiorevelacionfm.cl\/wp-content\/uploads\/2022\/08\/img_9983-1_optimized-1536x521.jpg 1536w, https:\/\/radiorevelacionfm.cl\/wp-content\/uploads\/2022\/08\/img_9983-1_optimized-1500x509.jpg 1500w, https:\/\/radiorevelacionfm.cl\/wp-content\/uploads\/2022\/08\/img_9983-1_optimized-705x239.jpg 705w, https:\/\/radiorevelacionfm.cl\/wp-content\/uploads\/2022\/08\/img_9983-1_optimized-600x204.jpg 600w\" sizes=\"(max-width: 1769px) 100vw, 1769px\" \/><\/div><\/div><\/div><\/div><div class=\"flex_column av_one_full  flex_column_div av-zero-column-padding first  avia-builder-el-2  el_after_av_one_full  el_before_av_one_full  column-top-margin\" style='border-radius:0px; '><section class=\"av_textblock_section \"  itemscope=\"itemscope\" itemtype=\"https:\/\/schema.org\/BlogPosting\" itemprop=\"blogPost\" ><div class='avia_textblock  '   itemprop=\"text\" ><p style=\"text-align: center;\"><strong><span style=\"font-size: 18pt;\">Seremi del MOP tras reuni\u00f3n con la C\u00e1mara Chilena de la Construcci\u00f3n: \u201cBuscamos aliados en el sector privado para concretar obras p\u00fablicas y contribuir al bienestar de las personas\u201d<\/span><\/strong><\/p>\n<div id=\"gtx-trans\" style=\"position: absolute; left: -50px; top: 4.31534px;\">\n<div class=\"gtx-trans-icon\"><\/div>\n<\/div>\n<\/div><\/section><\/div><div class=\"flex_column av_one_full  flex_column_div av-zero-column-padding first  avia-builder-el-4  el_after_av_one_full  el_before_av_hr  column-top-margin\" style='border-radius:0px; '><section class=\"av_textblock_section \"  itemscope=\"itemscope\" itemtype=\"https:\/\/schema.org\/BlogPosting\" itemprop=\"blogPost\" ><div class='avia_textblock  '   itemprop=\"text\" ><p style=\"text-align: justify;\">Hasta las dependencias de la C\u00e1mara Chilena de la Construcci\u00f3n Cap\u00edtulo Coyhaique lleg\u00f3 el Secretario Regional Ministerial de Obras P\u00fablicas, Patricio Sanhueza Ulloa junto a su Jefa de Gabinete Macarena N\u00fa\u00f1ez, todos los y las Directoras y Directores Regionales MOP y equipos t\u00e9cnicos, con el fin de conversar con el Gremio los temas que a juicio de ambos sectores son fundamentales para su gesti\u00f3n en beneficio de la comunidad regional.<\/p>\n<p style=\"text-align: justify;\">Consultado respecto al resultado de este encuentro, el SEREMI del MOP indic\u00f3 que instancias como estas siempre son bienvenidas, as\u00ed como tambi\u00e9n son una oportunidad para escuchar los temas de inter\u00e9s del gremio, compartir puntos de vista similares e impulsar un trabajo conjunto y en alianza con el sector privado.<\/p>\n<p style=\"text-align: justify;\">\u201cHemos escuchado el diagn\u00f3stico que la C\u00e1mara Chilena de la Construcci\u00f3n tiene respecto a la industria, tanto a nivel nacional como regional, y una serie de propuestas que ya hemos analizado conjuntamente en reuniones previas. Compartimos parte del diagn\u00f3stico, as\u00ed como tambi\u00e9n soluciones.\u00a0 Como Ministerio les hemos informado las gestiones que se est\u00e1n realizando con el objeto de mejorar las situaciones que tienen hoy d\u00eda ciertos contratos tanto en ejecuci\u00f3n, como futuros y que tienen relaci\u00f3n con mejorar la liquidez de las empresas, con l\u00edneas de financiamiento y posibles cambios legislativos. Ha sido una reuni\u00f3n fruct\u00edfera, estuvimos con todos y todas nuestras Directoras y Directores Regionales y equipos t\u00e9cnicos quienes fueron presentados y dieron respuesta a consultas relacionadas con sus respectivas Direcciones. La situaci\u00f3n de pandemia y conflictos globales entre otros inconvenientes de nivel nacional, han generado un aumento de precio en los materiales y tambi\u00e9n hay una situaci\u00f3n particular de escasez de mano de obra, todo lo que genera incertezas sobretodo en los contratos que tienen mayor duraci\u00f3n en su ejecuci\u00f3n. En esta situaci\u00f3n el Ministerio ha estado trabajando desde hace varios meses y finalmente este trabajo se vio reflejado en la concreci\u00f3n en un decreto que permite la aplicaci\u00f3n del \u00edndice polin\u00f3mico -adem\u00e1s de una actualizaci\u00f3n de los par\u00e1metros para determinar este \u00edndice- y aplicar a todos los contratos de Obra P\u00fablica, lo que ha significado en poder contar con una mayor certeza para el Estado y para las empresas. De esta forma, es posible capturar durante la ejecuci\u00f3n del contrato las variaciones que sufran los insumos requeridos para la obra en cuanto a materiales y mano de obra. Hoy ya contamos con una mayor certeza para el Estado y para que la empresa pueda presentar un presupuesto acorde a la realidad del contrato, a sus posibles variaciones y\u00a0 que no se presenten propuestas exageradamente altas, por lo tanto se rompe el circulo vicioso respecto a que las empresas constructoras presentaban presupuestos muy altos y por lo tanto, nosotros no pod\u00edamos adjudicar las obras, y\/o que la empresa constructora presentara presupuestos muy bajos, se le adjudique una obra y que los contratos finalmente no se puedan terminar debido a que no se cumple con la rentabilidad, as\u00ed que esta es una gran noticia que hemos dado a la C\u00e1mara Chilena de la Construcci\u00f3n en nuestra regi\u00f3n, y va en la l\u00ednea de la mirada que tiene nuestro gobierno de buscar aliados en el sector privado para concretar obras p\u00fablicas y contribuir al bienestar de las personas\u201d.<\/p>\n<p style=\"text-align: justify;\">Esa mirada a nivel nacional la ha impulsado nuestro Ministro Garc\u00eda, quien ha destacado una cartera de inversi\u00f3n este a\u00f1o que considera alrededor de 1.000 licitaciones de nuevas obras a lo largo y ancho del pa\u00eds y la ampliaci\u00f3n del reajuste polin\u00f3mico, ampliando la cantidad de contratos donde lo podemos hacer, pasando del 3% a un 88% de los futuros contratos para reactivar al sector construcci\u00f3n y a trav\u00e9s de ellos, la generaci\u00f3n de empleos<\/p>\n<p style=\"text-align: justify;\">En este escenario, Manuel Suazo, Presidente de la C\u00e1mara Chilena de la Construcci\u00f3n, cap\u00edtulo Coyhaique destac\u00f3 \u201cNosotros entendemos que somos el brazo armado del MOP, porque nuestras empresas y socios son quienes desarrollan todas las obras de infraestructura que ellos implementan a lo largo y ancho de la regi\u00f3n\u201d.<\/p>\n<p style=\"text-align: justify;\">La autoridad de la C\u00e1mara Chilena de la Construcci\u00f3n, que en esta oportunidad se reuni\u00f3 con el SEREMI del MOP y todos sus nuevos y nuevas Directoras y Directores Regionales para conocerlos y que ellos conozcan las empresas afiliadas a la C\u00e1mara Chilena de la Construcci\u00f3n, agreg\u00f3 que \u201cen la reuni\u00f3n tambi\u00e9n se tocaron temas tan relevantes de la Industria como son los problemas que est\u00e1n atravesando todas las empresas constructoras por el alza en los precios de los materiales y c\u00f3mo podemos ir salvando estos cuellos de botella y obras que se han liquidado. Es un escenario muy complejo, y ellos est\u00e1n al tanto, as\u00ed que a ra\u00edz de esto tenemos buenas noticias que en algo van a palear la incertidumbre de las futuras obras. El Ministerio de Obras P\u00fablicas tiene una resoluci\u00f3n en la que en los pr\u00f3ximos contratos mayores a seis meses de ejecuci\u00f3n van a empezar a aplicar un reajuste polin\u00f3mico \u2013tiene que ver con materiales que inciden en las obras de construcci\u00f3n y este reajuste es m\u00e1s real respecto a la incidencia que se puede generar en una obra. Entonces, eso te da certeza al trabajar en un proyecto con m\u00e1s de seis meses de plazo de ejecuci\u00f3n. Tambi\u00e9n conversamos de la resoluci\u00f3n de Desarrollo Social en donde se puede hacer un tipo de reevaluaci\u00f3n r\u00e1pida de hasta un 20% en proyecto lo que igual ayuda; tambi\u00e9n tratamos c\u00f3mo lograr ir en ayuda de esas empresas que est\u00e1n muy complicadas con contratos que est\u00e1n en ejecuci\u00f3n, y muchos de ellos no tienen reajuste o tienen un reajuste de acuerdo al IPC y \u00e9ste no est\u00e1 en l\u00ednea con el reajuste que han sufrido los materiales de construcci\u00f3n. Entonces, le comentamos al SEREMI las acciones que hemos realizado con nuestros parlamentarios, Gobernadora Regional y otras autoridades para ponerlos al tanto de esta situaci\u00f3n, que es bastante compleja y en donde todos tenemos que trabajar conjuntamente para ver un reajuste extraordinario -que es lo que nosotros estamos planteando- porque no queremos que se vuelvan a repetir hechos donde tengamos obras que no puedan seguir adelante u obras paralizadas, porque sabemos todo el perjuicio que eso lleva. Tuvimos una buena acogida de los requerimientos, muy en l\u00ednea tambi\u00e9n con los an\u00e1lisis que ellos tienen, as\u00ed que como siempre dispuestos a seguir con el trabajo colaborativo p\u00fablico-privado, porque sabemos que en tiempos dif\u00edciles es la \u00fanica forma de salir adelante\u201d.<\/p>\n<p style=\"text-align: justify;\"><strong>\u00a0<\/strong><\/p>\n<\/div><\/section><\/div><div  style='height:50px' class='hr hr-invisible   avia-builder-el-6  el_after_av_one_full  el_before_av_social_share '><span class='hr-inner ' ><span class='hr-inner-style'><\/span><\/span><\/div><\/p>\n<div  class='av-social-sharing-box  avia-builder-el-7  el_after_av_hr  el_before_av_hr  '><div class='av-share-box'><h5 class='av-share-link-description av-no-toc '>Compartir esta noticia<\/h5><ul class='av-share-box-list noLightbox'><li class='av-share-link av-social-link-facebook' ><a target=\"_blank\" aria-label=\"Compartir en Facebook\" href='https:\/\/www.facebook.com\/sharer.php?u=https:\/\/radiorevelacionfm.cl\/?p=20138&#038;t=Seremi%20del%20MOP%20tras%20reuni%C3%B3n%20con%20la%20C%C3%A1mara%20Chilena%20de%20la%20Construcci%C3%B3n%3A%20%E2%80%9CBuscamos%20aliados%20en%20el%20sector%20privado%20para%20concretar%20obras%20p%C3%BAblicas%20y%20contribuir%20al%20bienestar%20de%20las%20personas%E2%80%9D' aria-hidden='false' data-av_icon='\ue8f3' data-av_iconfont='entypo-fontello' title='' data-avia-related-tooltip='Compartir en Facebook' rel=\"noopener\"><span class='avia_hidden_link_text'>Compartir en Facebook<\/span><\/a><\/li><li class='av-share-link av-social-link-twitter' ><a target=\"_blank\" aria-label=\"Compartir en Twitter\" href='https:\/\/twitter.com\/share?text=Seremi%20del%20MOP%20tras%20reuni%C3%B3n%20con%20la%20C%C3%A1mara%20Chilena%20de%20la%20Construcci%C3%B3n%3A%20%E2%80%9CBuscamos%20aliados%20en%20el%20sector%20privado%20para%20concretar%20obras%20p%C3%BAblicas%20y%20contribuir%20al%20bienestar%20de%20las%20personas%E2%80%9D&#038;url=https:\/\/radiorevelacionfm.cl\/?p=20138' aria-hidden='false' data-av_icon='\ue8f1' data-av_iconfont='entypo-fontello' title='' data-avia-related-tooltip='Compartir en Twitter' rel=\"noopener\"><span class='avia_hidden_link_text'>Compartir en Twitter<\/span><\/a><\/li><li class='av-share-link av-social-link-whatsapp' ><a target=\"_blank\" aria-label=\"Compartir en Whatsapp\" href='https:\/\/api.whatsapp.com\/send?text=https:\/\/radiorevelacionfm.cl\/?p=20138' aria-hidden='false' data-av_icon='\uf232' data-av_iconfont='entypo-fontello' title='' data-avia-related-tooltip='Compartir en Whatsapp' rel=\"noopener\"><span class='avia_hidden_link_text'>Compartir en Whatsapp<\/span><\/a><\/li><li class='av-share-link av-social-link-linkedin' ><a target=\"_blank\" aria-label=\"Compartir en LinkedIn\" href='https:\/\/linkedin.com\/shareArticle?mini=true&#038;title=Seremi%20del%20MOP%20tras%20reuni%C3%B3n%20con%20la%20C%C3%A1mara%20Chilena%20de%20la%20Construcci%C3%B3n%3A%20%E2%80%9CBuscamos%20aliados%20en%20el%20sector%20privado%20para%20concretar%20obras%20p%C3%BAblicas%20y%20contribuir%20al%20bienestar%20de%20las%20personas%E2%80%9D&#038;url=https:\/\/radiorevelacionfm.cl\/?p=20138' aria-hidden='false' data-av_icon='\ue8fc' data-av_iconfont='entypo-fontello' title='' data-avia-related-tooltip='Compartir en LinkedIn' rel=\"noopener\"><span class='avia_hidden_link_text'>Compartir en LinkedIn<\/span><\/a><\/li><li class='av-share-link av-social-link-mail' ><a  aria-label=\"Compartir por correo\" href='mailto:?subject=Seremi%20del%20MOP%20tras%20reuni%C3%B3n%20con%20la%20C%C3%A1mara%20Chilena%20de%20la%20Construcci%C3%B3n%3A%20%E2%80%9CBuscamos%20aliados%20en%20el%20sector%20privado%20para%20concretar%20obras%20p%C3%BAblicas%20y%20contribuir%20al%20bienestar%20de%20las%20personas%E2%80%9D&#038;body=https:\/\/radiorevelacionfm.cl\/?p=20138' aria-hidden='false' data-av_icon='\ue805' data-av_iconfont='entypo-fontello' title='' data-avia-related-tooltip='Compartir por correo'><span class='avia_hidden_link_text'>Compartir por correo<\/span><\/a><\/li><\/ul><\/div><\/div>\n<div  style='height:50px' class='hr hr-invisible   avia-builder-el-8  el_after_av_social_share  el_before_av_comments_list '><span class='hr-inner ' ><span class='hr-inner-style'><\/span><\/span><\/div>\n<div  class='av-buildercomment  av-blog-meta-html-info-disabled av-blog-meta-tag-disabled  '><\/div>\n","protected":false},"excerpt":{"rendered":"","protected":false},"author":1,"featured_media":20139,"comment_status":"open","ping_status":"open","sticky":false,"template":"","format":"standard","meta":{"footnotes":""},"categories":[38],"tags":[],"class_list":["post-20138","post","type-post","status-publish","format-standard","has-post-thumbnail","hentry","category-regional"],"jetpack_featured_media_url":"https:\/\/radiorevelacionfm.cl\/wp-content\/uploads\/2022\/08\/img_9983-1_optimized.jpg","_links":{"self":[{"href":"https:\/\/radiorevelacionfm.cl\/index.php?rest_route=\/wp\/v2\/posts\/20138","targetHints":{"allow":["GET"]}}],"collection":[{"href":"https:\/\/radiorevelacionfm.cl\/index.php?rest_route=\/wp\/v2\/posts"}],"about":[{"href":"https:\/\/radiorevelacionfm.cl\/index.php?rest_route=\/wp\/v2\/types\/post"}],"author":[{"embeddable":true,"href":"https:\/\/radiorevelacionfm.cl\/index.php?rest_route=\/wp\/v2\/users\/1"}],"replies":[{"embeddable":true,"href":"https:\/\/radiorevelacionfm.cl\/index.php?rest_route=%2Fwp%2Fv2%2Fcomments&post=20138"}],"version-history":[{"count":2,"href":"https:\/\/radiorevelacionfm.cl\/index.php?rest_route=\/wp\/v2\/posts\/20138\/revisions"}],"predecessor-version":[{"id":20146,"href":"https:\/\/radiorevelacionfm.cl\/index.php?rest_route=\/wp\/v2\/posts\/20138\/revisions\/20146"}],"wp:featuredmedia":[{"embeddable":true,"href":"https:\/\/radiorevelacionfm.cl\/index.php?rest_route=\/wp\/v2\/media\/20139"}],"wp:attachment":[{"href":"https:\/\/radiorevelacionfm.cl\/index.php?rest_route=%2Fwp%2Fv2%2Fmedia&parent=20138"}],"wp:term":[{"taxonomy":"category","embeddable":true,"href":"https:\/\/radiorevelacionfm.cl\/index.php?rest_route=%2Fwp%2Fv2%2Fcategories&post=20138"},{"taxonomy":"post_tag","embeddable":true,"href":"https:\/\/radiorevelacionfm.cl\/index.php?rest_route=%2Fwp%2Fv2%2Ftags&post=20138"}],"curies":[{"name":"wp","href":"https:\/\/api.w.org\/{rel}","templated":true}]}}