{"id":20135,"date":"2022-08-06T11:36:54","date_gmt":"2022-08-06T14:36:54","guid":{"rendered":"https:\/\/radiorevelacionfm.cl\/?p=20135"},"modified":"2022-08-06T11:36:54","modified_gmt":"2022-08-06T14:36:54","slug":"gremios-de-aysen-por-declaraciones-del-ministro-grau-generan-desinformacion-y-confusion-en-la-ciudadania","status":"publish","type":"post","link":"https:\/\/radiorevelacionfm.cl\/?p=20135","title":{"rendered":"Gremios de Ays\u00e9n por declaraciones del ministro Grau: \u00abgeneran desinformaci\u00f3n y confusi\u00f3n en la ciudadan\u00eda\u00bb"},"content":{"rendered":"<div class=\"flex_column av_one_full  flex_column_div av-zero-column-padding first  avia-builder-el-0  el_before_av_one_full  avia-builder-el-first  \" style='border-radius:0px; '><div  class='avia-image-container  av-styling-    avia-builder-el-1  avia-builder-el-no-sibling  avia-align-center '  itemprop=\"image\" itemscope=\"itemscope\" itemtype=\"https:\/\/schema.org\/ImageObject\"  ><div class='avia-image-container-inner'><div class='avia-image-overlay-wrap'><img decoding=\"async\" class='wp-image-20136 avia-img-lazy-loading-not-20136 avia_image' src=\"https:\/\/radiorevelacionfm.cl\/wp-content\/uploads\/2022\/08\/Voceria-CChC-Camara-de-Comercio-1-1.jpeg\" alt='' title='Vocer\u00eda CChC-C\u00e1mara de Comercio (1) (1)' height=\"600\" width=\"600\"  itemprop=\"thumbnailUrl\" srcset=\"https:\/\/radiorevelacionfm.cl\/wp-content\/uploads\/2022\/08\/Voceria-CChC-Camara-de-Comercio-1-1.jpeg 600w, https:\/\/radiorevelacionfm.cl\/wp-content\/uploads\/2022\/08\/Voceria-CChC-Camara-de-Comercio-1-1-300x300.jpeg 300w, https:\/\/radiorevelacionfm.cl\/wp-content\/uploads\/2022\/08\/Voceria-CChC-Camara-de-Comercio-1-1-80x80.jpeg 80w, https:\/\/radiorevelacionfm.cl\/wp-content\/uploads\/2022\/08\/Voceria-CChC-Camara-de-Comercio-1-1-36x36.jpeg 36w, https:\/\/radiorevelacionfm.cl\/wp-content\/uploads\/2022\/08\/Voceria-CChC-Camara-de-Comercio-1-1-180x180.jpeg 180w, https:\/\/radiorevelacionfm.cl\/wp-content\/uploads\/2022\/08\/Voceria-CChC-Camara-de-Comercio-1-1-100x100.jpeg 100w\" sizes=\"(max-width: 600px) 100vw, 600px\" \/><\/div><\/div><\/div><\/div><div class=\"flex_column av_one_full  flex_column_div av-zero-column-padding first  avia-builder-el-2  el_after_av_one_full  el_before_av_one_full  column-top-margin\" style='border-radius:0px; '><section class=\"av_textblock_section \"  itemscope=\"itemscope\" itemtype=\"https:\/\/schema.org\/BlogPosting\" itemprop=\"blogPost\" ><div class='avia_textblock  '   itemprop=\"text\" ><p style=\"text-align: center;\"><span style=\"font-size: 18pt;\"><b>Gremios de Ays\u00e9n por declaraciones del ministro Grau: \u00abgeneran desinformaci\u00f3n y confusi\u00f3n en la ciudadan\u00eda\u00bb<\/b><\/span><\/p>\n<div id=\"gtx-trans\" style=\"position: absolute; left: -50px; top: 4.31534px;\">\n<div class=\"gtx-trans-icon\"><\/div>\n<\/div>\n<\/div><\/section><\/div><div class=\"flex_column av_one_full  flex_column_div av-zero-column-padding first  avia-builder-el-4  el_after_av_one_full  el_before_av_hr  column-top-margin\" style='border-radius:0px; '><section class=\"av_textblock_section \"  itemscope=\"itemscope\" itemtype=\"https:\/\/schema.org\/BlogPosting\" itemprop=\"blogPost\" ><div class='avia_textblock  '   itemprop=\"text\" ><p class=\"v1MsoNormal\" style=\"text-align: justify;\">Tras las declaraciones emitidas recientemente por ministro de Econom\u00eda, Nicol\u00e1s Grau, en las que asegur\u00f3 que la inflaci\u00f3n -a diferencia de las personas- en cierto modo favorec\u00eda a las Pymes, desde los gremios de la Regi\u00f3n de Ays\u00e9n afirmaron que las Pymes jam\u00e1s buscar\u00edan un beneficio marginal, m\u00e1s frente a las dificultades econ\u00f3micas del pa\u00eds est\u00e1n afectando directamente a los peque\u00f1os y medianos emprendedores, aseverando que se espera mayor rigurosidad en los mensajes de una autoridad.<\/p>\n<p class=\"v1MsoNormal\" style=\"text-align: justify;\">Sobre las declaraciones que emiti\u00f3 el titular de Econom\u00eda, el presidente de la C\u00e1mara Chilena de la Construcci\u00f3n sede Coyhaique, Manuel Suazo, manifest\u00f3 que \u00aben el complejo escenario econ\u00f3mico que atraviesa el pa\u00eds y est\u00e1 afectando a las regiones, lo que esperamos de toda autoridad es una mayor rigurosidad en sus mensajes, dado que declaraciones como \u00e9stas, generan desinformaci\u00f3n y confusi\u00f3n en la ciudadan\u00eda. M\u00e1s a\u00fan, trat\u00e1ndose de las Pymes que desde antes de la pandemia vienen sufriendo los embates del endeudamiento e incluso el cierre de sus negocios\u00bb.<\/p>\n<p class=\"v1MsoNormal\" style=\"text-align: justify;\">\u00abAdem\u00e1s, no contribuyen en nada a las buenas relaciones que deben mantenerse desde el gobierno con las Pymes y los diversos rubros que son los que mantienen las econom\u00edas locales, reiteramos como lo hemos realizado anteriormente, que debemos trabajar en priorizar relaciones de confianza entre p\u00fablicos y privados, para sacar adelante al pa\u00eds y sobre todo nuestra regi\u00f3n\u00bb, agreg\u00f3 Suazo.<\/p>\n<p class=\"v1MsoNormal\" style=\"text-align: justify;\">En tanto, desde la C\u00e1mara de Comercio y Turismo de Coyhaique, su presidenta, Daissy Mondelo, afirm\u00f3 que \u00ablo dicho por el Ministro Grau es una brutalidad. La inflaci\u00f3n jam\u00e1s va a traer beneficios a las PYMEs, ni a nadie\u00bb.<\/p>\n<p class=\"v1MsoNormal\" style=\"text-align: justify;\">\u00abLo que tanto el ministro y todos debemos entender es que, al traspasar la p\u00e9rdida de valor del dinero al valor de los bienes y servicios, tendremos como consecuencia un mayor valor nominal de estos. Entonces, es el dinero el que alcanza para menos cosas. Por lo tanto, las industrias, los proveedores, y por cierto las PYMEs, s\u00f3lo realizan el ajuste nominal al valor de sus bienes y servicios, lo que est\u00e1 lejos de representar un beneficio para las PYMEs\u00bb explic\u00f3 la dirigenta gremial del Comercio.<\/p>\n<p class=\"v1MsoNormal\" style=\"text-align: justify;\">Finalmente, desde los gremios, instaron al Ministerio de Econom\u00eda a enfocar su preocupaci\u00f3n en la generaci\u00f3n de pol\u00edticas p\u00fablicas que vayan en beneficio de la reactivaci\u00f3n econ\u00f3mica de las PYMEs antes que de que sea demasiado tarde.<\/p>\n<\/div><\/section><\/div><div  style='height:50px' class='hr hr-invisible   avia-builder-el-6  el_after_av_one_full  el_before_av_social_share '><span class='hr-inner ' ><span class='hr-inner-style'><\/span><\/span><\/div><\/p>\n<div  class='av-social-sharing-box  avia-builder-el-7  el_after_av_hr  el_before_av_hr  '><div class='av-share-box'><h5 class='av-share-link-description av-no-toc '>Compartir esta noticia<\/h5><ul class='av-share-box-list noLightbox'><li class='av-share-link av-social-link-facebook' ><a target=\"_blank\" aria-label=\"Compartir en Facebook\" href='https:\/\/www.facebook.com\/sharer.php?u=https:\/\/radiorevelacionfm.cl\/?p=20135&#038;t=Gremios%20de%20Ays%C3%A9n%20por%20declaraciones%20del%20ministro%20Grau%3A%20%C2%ABgeneran%20desinformaci%C3%B3n%20y%20confusi%C3%B3n%20en%20la%20ciudadan%C3%ADa%C2%BB' aria-hidden='false' data-av_icon='\ue8f3' data-av_iconfont='entypo-fontello' title='' data-avia-related-tooltip='Compartir en Facebook' rel=\"noopener\"><span class='avia_hidden_link_text'>Compartir en Facebook<\/span><\/a><\/li><li class='av-share-link av-social-link-twitter' ><a target=\"_blank\" aria-label=\"Compartir en Twitter\" href='https:\/\/twitter.com\/share?text=Gremios%20de%20Ays%C3%A9n%20por%20declaraciones%20del%20ministro%20Grau%3A%20%C2%ABgeneran%20desinformaci%C3%B3n%20y%20confusi%C3%B3n%20en%20la%20ciudadan%C3%ADa%C2%BB&#038;url=https:\/\/radiorevelacionfm.cl\/?p=20135' aria-hidden='false' data-av_icon='\ue8f1' data-av_iconfont='entypo-fontello' title='' data-avia-related-tooltip='Compartir en Twitter' rel=\"noopener\"><span class='avia_hidden_link_text'>Compartir en Twitter<\/span><\/a><\/li><li class='av-share-link av-social-link-whatsapp' ><a target=\"_blank\" aria-label=\"Compartir en Whatsapp\" href='https:\/\/api.whatsapp.com\/send?text=https:\/\/radiorevelacionfm.cl\/?p=20135' aria-hidden='false' data-av_icon='\uf232' data-av_iconfont='entypo-fontello' title='' data-avia-related-tooltip='Compartir en Whatsapp' rel=\"noopener\"><span class='avia_hidden_link_text'>Compartir en Whatsapp<\/span><\/a><\/li><li class='av-share-link av-social-link-linkedin' ><a target=\"_blank\" aria-label=\"Compartir en LinkedIn\" href='https:\/\/linkedin.com\/shareArticle?mini=true&#038;title=Gremios%20de%20Ays%C3%A9n%20por%20declaraciones%20del%20ministro%20Grau%3A%20%C2%ABgeneran%20desinformaci%C3%B3n%20y%20confusi%C3%B3n%20en%20la%20ciudadan%C3%ADa%C2%BB&#038;url=https:\/\/radiorevelacionfm.cl\/?p=20135' aria-hidden='false' data-av_icon='\ue8fc' data-av_iconfont='entypo-fontello' title='' data-avia-related-tooltip='Compartir en LinkedIn' rel=\"noopener\"><span class='avia_hidden_link_text'>Compartir en LinkedIn<\/span><\/a><\/li><li class='av-share-link av-social-link-mail' ><a  aria-label=\"Compartir por correo\" href='mailto:?subject=Gremios%20de%20Ays%C3%A9n%20por%20declaraciones%20del%20ministro%20Grau%3A%20%C2%ABgeneran%20desinformaci%C3%B3n%20y%20confusi%C3%B3n%20en%20la%20ciudadan%C3%ADa%C2%BB&#038;body=https:\/\/radiorevelacionfm.cl\/?p=20135' aria-hidden='false' data-av_icon='\ue805' data-av_iconfont='entypo-fontello' title='' data-avia-related-tooltip='Compartir por correo'><span class='avia_hidden_link_text'>Compartir por correo<\/span><\/a><\/li><\/ul><\/div><\/div>\n<div  style='height:50px' class='hr hr-invisible   avia-builder-el-8  el_after_av_social_share  el_before_av_comments_list '><span class='hr-inner ' ><span class='hr-inner-style'><\/span><\/span><\/div>\n<div  class='av-buildercomment  av-blog-meta-html-info-disabled av-blog-meta-tag-disabled  '><\/div>\n","protected":false},"excerpt":{"rendered":"","protected":false},"author":1,"featured_media":20136,"comment_status":"open","ping_status":"open","sticky":false,"template":"","format":"standard","meta":{"footnotes":""},"categories":[45],"tags":[],"class_list":["post-20135","post","type-post","status-publish","format-standard","has-post-thumbnail","hentry","category-comercio"],"jetpack_featured_media_url":"https:\/\/radiorevelacionfm.cl\/wp-content\/uploads\/2022\/08\/Voceria-CChC-Camara-de-Comercio-1-1.jpeg","_links":{"self":[{"href":"https:\/\/radiorevelacionfm.cl\/index.php?rest_route=\/wp\/v2\/posts\/20135","targetHints":{"allow":["GET"]}}],"collection":[{"href":"https:\/\/radiorevelacionfm.cl\/index.php?rest_route=\/wp\/v2\/posts"}],"about":[{"href":"https:\/\/radiorevelacionfm.cl\/index.php?rest_route=\/wp\/v2\/types\/post"}],"author":[{"embeddable":true,"href":"https:\/\/radiorevelacionfm.cl\/index.php?rest_route=\/wp\/v2\/users\/1"}],"replies":[{"embeddable":true,"href":"https:\/\/radiorevelacionfm.cl\/index.php?rest_route=%2Fwp%2Fv2%2Fcomments&post=20135"}],"version-history":[{"count":2,"href":"https:\/\/radiorevelacionfm.cl\/index.php?rest_route=\/wp\/v2\/posts\/20135\/revisions"}],"predecessor-version":[{"id":20156,"href":"https:\/\/radiorevelacionfm.cl\/index.php?rest_route=\/wp\/v2\/posts\/20135\/revisions\/20156"}],"wp:featuredmedia":[{"embeddable":true,"href":"https:\/\/radiorevelacionfm.cl\/index.php?rest_route=\/wp\/v2\/media\/20136"}],"wp:attachment":[{"href":"https:\/\/radiorevelacionfm.cl\/index.php?rest_route=%2Fwp%2Fv2%2Fmedia&parent=20135"}],"wp:term":[{"taxonomy":"category","embeddable":true,"href":"https:\/\/radiorevelacionfm.cl\/index.php?rest_route=%2Fwp%2Fv2%2Fcategories&post=20135"},{"taxonomy":"post_tag","embeddable":true,"href":"https:\/\/radiorevelacionfm.cl\/index.php?rest_route=%2Fwp%2Fv2%2Ftags&post=20135"}],"curies":[{"name":"wp","href":"https:\/\/api.w.org\/{rel}","templated":true}]}}