{"id":20131,"date":"2022-08-05T20:05:23","date_gmt":"2022-08-05T23:05:23","guid":{"rendered":"https:\/\/radiorevelacionfm.cl\/?p=20131"},"modified":"2022-08-05T20:05:23","modified_gmt":"2022-08-05T23:05:23","slug":"carabineros-abre-proceso-de-postulaciones-para-auxiliares-de-enfermeria","status":"publish","type":"post","link":"https:\/\/radiorevelacionfm.cl\/?p=20131","title":{"rendered":"Carabineros abre proceso de postulaciones para auxiliares de enfermer\u00eda"},"content":{"rendered":"<div class=\"flex_column av_one_full  flex_column_div av-zero-column-padding first  avia-builder-el-0  el_before_av_one_full  avia-builder-el-first  \" style='border-radius:0px; '><div  class='avia-image-container  av-styling-    avia-builder-el-1  avia-builder-el-no-sibling  avia-align-center '  itemprop=\"image\" itemscope=\"itemscope\" itemtype=\"https:\/\/schema.org\/ImageObject\"  ><div class='avia-image-container-inner'><div class='avia-image-overlay-wrap'><img decoding=\"async\" class='wp-image-20132 avia-img-lazy-loading-not-20132 avia_image' src=\"https:\/\/radiorevelacionfm.cl\/wp-content\/uploads\/2022\/08\/Afiche-Tens-1-1.jpg\" alt='' title='Afiche Tens (1) (1)' height=\"600\" width=\"877\"  itemprop=\"thumbnailUrl\" srcset=\"https:\/\/radiorevelacionfm.cl\/wp-content\/uploads\/2022\/08\/Afiche-Tens-1-1.jpg 877w, https:\/\/radiorevelacionfm.cl\/wp-content\/uploads\/2022\/08\/Afiche-Tens-1-1-300x205.jpg 300w, https:\/\/radiorevelacionfm.cl\/wp-content\/uploads\/2022\/08\/Afiche-Tens-1-1-768x525.jpg 768w, https:\/\/radiorevelacionfm.cl\/wp-content\/uploads\/2022\/08\/Afiche-Tens-1-1-705x482.jpg 705w, https:\/\/radiorevelacionfm.cl\/wp-content\/uploads\/2022\/08\/Afiche-Tens-1-1-600x410.jpg 600w\" sizes=\"(max-width: 877px) 100vw, 877px\" \/><\/div><\/div><\/div><\/div><div class=\"flex_column av_one_full  flex_column_div av-zero-column-padding first  avia-builder-el-2  el_after_av_one_full  el_before_av_one_full  column-top-margin\" style='border-radius:0px; '><section class=\"av_textblock_section \"  itemscope=\"itemscope\" itemtype=\"https:\/\/schema.org\/BlogPosting\" itemprop=\"blogPost\" ><div class='avia_textblock  '   itemprop=\"text\" ><p style=\"text-align: center;\"><span style=\"font-size: 18pt;\"><b>Carabineros abre proceso de postulaciones para auxiliares de enfermer\u00eda<\/b><\/span><\/p>\n<div id=\"gtx-trans\" style=\"position: absolute; left: -50px; top: 4.31534px;\">\n<div class=\"gtx-trans-icon\"><\/div>\n<\/div>\n<\/div><\/section><\/div><div class=\"flex_column av_one_full  flex_column_div av-zero-column-padding first  avia-builder-el-4  el_after_av_one_full  el_before_av_hr  column-top-margin\" style='border-radius:0px; '><section class=\"av_textblock_section \"  itemscope=\"itemscope\" itemtype=\"https:\/\/schema.org\/BlogPosting\" itemprop=\"blogPost\" ><div class='avia_textblock  '   itemprop=\"text\" ><p class=\"v1MsoNormal\" style=\"text-align: justify;\">Carabineros de Chile a trav\u00e9s de la Oficina de Postulaciones de la Prefectura Ays\u00e9n, abri\u00f3 un proceso de admisi\u00f3n orientado a personas del \u00e1mbito civil del \u00e1rea de la salud, con la finalidad de incorporar personal t\u00e9cnico para el cargo de auxiliar de enfermer\u00eda.<\/p>\n<p class=\"v1MsoNormal\" style=\"text-align: justify;\">La Instituci\u00f3n dispone de 15 plazas para desempe\u00f1ar funciones tanto en el Hospital de Carabineros -en la ciudad de Santiago- como en los centros m\u00e9dicos dentales distribuidos a lo largo del pa\u00eds.<\/p>\n<p class=\"v1MsoNormal\" style=\"text-align: justify;\">Los interesados al momento de postular deben ser de nacionalidad chilena, tener entre 18 a 35 a\u00f1os de edad, salud compatible con el cargo, poseer un nivel de estudio de t\u00e9cnico en enfermer\u00eda nivel superior, lo cual debe encontrarse reconocido por el Ministerio de Educaci\u00f3n y contar con los respectivos certificados otorgados por el organismo formador.<\/p>\n<p class=\"v1MsoNormal\" style=\"text-align: justify;\">Paralelamente, ser\u00e1 requerido un certificado de instrucci\u00f3n en el registro nacional de prestadores individuales de la Superintendencia de Salud y poseer una experiencia laboral \u2013deseable- de dos a\u00f1os.<\/p>\n<p class=\"v1MsoNormal\" style=\"text-align: justify;\">Las inscripciones se encuentran abiertas hasta el viernes 19 de agosto del presente a\u00f1o en el Departamento de Reclutamiento y Selecci\u00f3n de Carabineros, ubicado en Av. Pedro Aguirre Cerda #6655, Cerrillos, Santiago y en todas las sedes de Postulaci\u00f3n existentes a nivel nacional.<\/p>\n<p class=\"v1MsoNormal\" style=\"text-align: justify;\">M\u00e1s informaci\u00f3n puede ser obtenida visitando <a href=\"http:\/\/www.admisioncarabineros.cl\/\" target=\"_blank\" rel=\"noopener noreferrer\">www.admisioncarabineros.cl<\/a>\u00a0o bien a trav\u00e9s de los fonos 2 2922 0350 \u2013 2 2922 0356.<\/p>\n<\/div><\/section><\/div><div  style='height:50px' class='hr hr-invisible   avia-builder-el-6  el_after_av_one_full  el_before_av_social_share '><span class='hr-inner ' ><span class='hr-inner-style'><\/span><\/span><\/div><\/p>\n<div  class='av-social-sharing-box  avia-builder-el-7  el_after_av_hr  el_before_av_hr  '><div class='av-share-box'><h5 class='av-share-link-description av-no-toc '>Compartir esta noticia<\/h5><ul class='av-share-box-list noLightbox'><li class='av-share-link av-social-link-facebook' ><a target=\"_blank\" aria-label=\"Compartir en Facebook\" href='https:\/\/www.facebook.com\/sharer.php?u=https:\/\/radiorevelacionfm.cl\/?p=20131&#038;t=Carabineros%20abre%20proceso%20de%20postulaciones%20para%20auxiliares%20de%20enfermer%C3%ADa' aria-hidden='false' data-av_icon='\ue8f3' data-av_iconfont='entypo-fontello' title='' data-avia-related-tooltip='Compartir en Facebook' rel=\"noopener\"><span class='avia_hidden_link_text'>Compartir en Facebook<\/span><\/a><\/li><li class='av-share-link av-social-link-twitter' ><a target=\"_blank\" aria-label=\"Compartir en Twitter\" href='https:\/\/twitter.com\/share?text=Carabineros%20abre%20proceso%20de%20postulaciones%20para%20auxiliares%20de%20enfermer%C3%ADa&#038;url=https:\/\/radiorevelacionfm.cl\/?p=20131' aria-hidden='false' data-av_icon='\ue8f1' data-av_iconfont='entypo-fontello' title='' data-avia-related-tooltip='Compartir en Twitter' rel=\"noopener\"><span class='avia_hidden_link_text'>Compartir en Twitter<\/span><\/a><\/li><li class='av-share-link av-social-link-whatsapp' ><a target=\"_blank\" aria-label=\"Compartir en Whatsapp\" href='https:\/\/api.whatsapp.com\/send?text=https:\/\/radiorevelacionfm.cl\/?p=20131' aria-hidden='false' data-av_icon='\uf232' data-av_iconfont='entypo-fontello' title='' data-avia-related-tooltip='Compartir en Whatsapp' rel=\"noopener\"><span class='avia_hidden_link_text'>Compartir en Whatsapp<\/span><\/a><\/li><li class='av-share-link av-social-link-linkedin' ><a target=\"_blank\" aria-label=\"Compartir en LinkedIn\" href='https:\/\/linkedin.com\/shareArticle?mini=true&#038;title=Carabineros%20abre%20proceso%20de%20postulaciones%20para%20auxiliares%20de%20enfermer%C3%ADa&#038;url=https:\/\/radiorevelacionfm.cl\/?p=20131' aria-hidden='false' data-av_icon='\ue8fc' data-av_iconfont='entypo-fontello' title='' data-avia-related-tooltip='Compartir en LinkedIn' rel=\"noopener\"><span class='avia_hidden_link_text'>Compartir en LinkedIn<\/span><\/a><\/li><li class='av-share-link av-social-link-mail' ><a  aria-label=\"Compartir por correo\" href='mailto:?subject=Carabineros%20abre%20proceso%20de%20postulaciones%20para%20auxiliares%20de%20enfermer%C3%ADa&#038;body=https:\/\/radiorevelacionfm.cl\/?p=20131' aria-hidden='false' data-av_icon='\ue805' data-av_iconfont='entypo-fontello' title='' data-avia-related-tooltip='Compartir por correo'><span class='avia_hidden_link_text'>Compartir por correo<\/span><\/a><\/li><\/ul><\/div><\/div>\n<div  style='height:50px' class='hr hr-invisible   avia-builder-el-8  el_after_av_social_share  el_before_av_comments_list '><span class='hr-inner ' ><span class='hr-inner-style'><\/span><\/span><\/div>\n<div  class='av-buildercomment  av-blog-meta-html-info-disabled av-blog-meta-tag-disabled  '><\/div>\n","protected":false},"excerpt":{"rendered":"","protected":false},"author":1,"featured_media":20132,"comment_status":"open","ping_status":"open","sticky":false,"template":"","format":"standard","meta":{"footnotes":""},"categories":[36],"tags":[],"class_list":["post-20131","post","type-post","status-publish","format-standard","has-post-thumbnail","hentry","category-policial"],"jetpack_featured_media_url":"https:\/\/radiorevelacionfm.cl\/wp-content\/uploads\/2022\/08\/Afiche-Tens-1-1.jpg","_links":{"self":[{"href":"https:\/\/radiorevelacionfm.cl\/index.php?rest_route=\/wp\/v2\/posts\/20131","targetHints":{"allow":["GET"]}}],"collection":[{"href":"https:\/\/radiorevelacionfm.cl\/index.php?rest_route=\/wp\/v2\/posts"}],"about":[{"href":"https:\/\/radiorevelacionfm.cl\/index.php?rest_route=\/wp\/v2\/types\/post"}],"author":[{"embeddable":true,"href":"https:\/\/radiorevelacionfm.cl\/index.php?rest_route=\/wp\/v2\/users\/1"}],"replies":[{"embeddable":true,"href":"https:\/\/radiorevelacionfm.cl\/index.php?rest_route=%2Fwp%2Fv2%2Fcomments&post=20131"}],"version-history":[{"count":2,"href":"https:\/\/radiorevelacionfm.cl\/index.php?rest_route=\/wp\/v2\/posts\/20131\/revisions"}],"predecessor-version":[{"id":20134,"href":"https:\/\/radiorevelacionfm.cl\/index.php?rest_route=\/wp\/v2\/posts\/20131\/revisions\/20134"}],"wp:featuredmedia":[{"embeddable":true,"href":"https:\/\/radiorevelacionfm.cl\/index.php?rest_route=\/wp\/v2\/media\/20132"}],"wp:attachment":[{"href":"https:\/\/radiorevelacionfm.cl\/index.php?rest_route=%2Fwp%2Fv2%2Fmedia&parent=20131"}],"wp:term":[{"taxonomy":"category","embeddable":true,"href":"https:\/\/radiorevelacionfm.cl\/index.php?rest_route=%2Fwp%2Fv2%2Fcategories&post=20131"},{"taxonomy":"post_tag","embeddable":true,"href":"https:\/\/radiorevelacionfm.cl\/index.php?rest_route=%2Fwp%2Fv2%2Ftags&post=20131"}],"curies":[{"name":"wp","href":"https:\/\/api.w.org\/{rel}","templated":true}]}}