{"id":20127,"date":"2022-08-05T18:24:12","date_gmt":"2022-08-05T21:24:12","guid":{"rendered":"https:\/\/radiorevelacionfm.cl\/?p=20127"},"modified":"2022-08-05T18:24:12","modified_gmt":"2022-08-05T21:24:12","slug":"se-inicio-el-pago-del-bono-invierno-chileapoya-y-la-ampliacion-de-la-cobertura-de-la-pension-garantizada-universal","status":"publish","type":"post","link":"https:\/\/radiorevelacionfm.cl\/?p=20127","title":{"rendered":"Se inici\u00f3 el pago del Bono Invierno ChileApoya y la ampliaci\u00f3n de la cobertura de la Pensi\u00f3n Garantizada Universal"},"content":{"rendered":"<div class=\"flex_column av_one_full  flex_column_div av-zero-column-padding first  avia-builder-el-0  el_before_av_one_full  avia-builder-el-first  \" style='border-radius:0px; '><div  class='avia-image-container  av-styling-    avia-builder-el-1  avia-builder-el-no-sibling  avia-align-center '  itemprop=\"image\" itemscope=\"itemscope\" itemtype=\"https:\/\/schema.org\/ImageObject\"  ><div class='avia-image-container-inner'><div class='avia-image-overlay-wrap'><img decoding=\"async\" class='wp-image-20128 avia-img-lazy-loading-not-20128 avia_image' src=\"https:\/\/radiorevelacionfm.cl\/wp-content\/uploads\/2022\/08\/InicioPagoBonoInviernoChileApoya-5-ALTA_-1-1.jpg\" alt='' title='InicioPagoBonoInviernoChileApoya 5 ALTA_ (1) (1)' height=\"600\" width=\"943\"  itemprop=\"thumbnailUrl\" srcset=\"https:\/\/radiorevelacionfm.cl\/wp-content\/uploads\/2022\/08\/InicioPagoBonoInviernoChileApoya-5-ALTA_-1-1.jpg 943w, https:\/\/radiorevelacionfm.cl\/wp-content\/uploads\/2022\/08\/InicioPagoBonoInviernoChileApoya-5-ALTA_-1-1-300x191.jpg 300w, https:\/\/radiorevelacionfm.cl\/wp-content\/uploads\/2022\/08\/InicioPagoBonoInviernoChileApoya-5-ALTA_-1-1-768x489.jpg 768w, https:\/\/radiorevelacionfm.cl\/wp-content\/uploads\/2022\/08\/InicioPagoBonoInviernoChileApoya-5-ALTA_-1-1-705x449.jpg 705w, https:\/\/radiorevelacionfm.cl\/wp-content\/uploads\/2022\/08\/InicioPagoBonoInviernoChileApoya-5-ALTA_-1-1-600x382.jpg 600w\" sizes=\"(max-width: 943px) 100vw, 943px\" \/><\/div><\/div><\/div><\/div><div class=\"flex_column av_one_full  flex_column_div av-zero-column-padding first  avia-builder-el-2  el_after_av_one_full  el_before_av_one_full  column-top-margin\" style='border-radius:0px; '><section class=\"av_textblock_section \"  itemscope=\"itemscope\" itemtype=\"https:\/\/schema.org\/BlogPosting\" itemprop=\"blogPost\" ><div class='avia_textblock  '   itemprop=\"text\" ><p style=\"text-align: center;\"><span style=\"font-size: 18pt;\"><b><span lang=\"ES-TRAD\">Se inici\u00f3 el pago del Bono Invierno ChileApoya y la ampliaci\u00f3n de la cobertura de la Pensi\u00f3n Garantizada Universal<\/span><\/b><\/span><\/p>\n<div id=\"gtx-trans\" style=\"position: absolute; left: -50px; top: 4.31534px;\">\n<div class=\"gtx-trans-icon\"><\/div>\n<\/div>\n<\/div><\/section><\/div><div class=\"flex_column av_one_full  flex_column_div av-zero-column-padding first  avia-builder-el-4  el_after_av_one_full  el_before_av_hr  column-top-margin\" style='border-radius:0px; '><section class=\"av_textblock_section \"  itemscope=\"itemscope\" itemtype=\"https:\/\/schema.org\/BlogPosting\" itemprop=\"blogPost\" ><div class='avia_textblock  '   itemprop=\"text\" ><p class=\"v1MsoNormal\" style=\"text-align: justify;\"><span lang=\"ES\">En un punto de prensa realizado en el Paseo Horn de Coyhaique, frente e la Caja Los H\u00e9roes, se dio a conocer el inicio del pago del Bono Invierno ChileApoya y se realiz\u00f3 un llamado a postular a la Pensi\u00f3n Garantizada Universal, PGU, por parte del Seremi del Trabajo y Previsi\u00f3n Social, Rodrigo D\u00edaz y del Director regional del Instituto de Previsi\u00f3n Social, IPS ChileAtiende, Carlos Rodr\u00edguez.\u00a0<\/span><\/p>\n<p class=\"v1MsoNormal\" style=\"text-align: justify;\"><span lang=\"ES\">Con respecto al inicio del pago del Bono Invierno ChileApoya, el Seremi D\u00edaz Cordaro coment\u00f3, \u00abHoy d\u00eda se comenz\u00f3 a pagar efectivamente el Bono de Invierno ChileApoya lo que es muy destacable. Es un bono que no es postulable, que busca apoyar a las familias m\u00e1s vulnerables para enfrentar las alzas de alimentos y este invierno que nos ha tocado tan pesado. Este bono se entregar\u00e1 a m\u00e1s de 7,5 millones de chilenos, van a recibirlo todas las familias que hoy reciben aporte del IPS, Subsidio Familiar, Aporte Previsional Solidario, Subsidio de Discapacidad Mental, entre otros. Lo importante es que esto ser\u00e1 recibido de manera autom\u00e1tica, hoy pudimos ver que la gente estaba cobrando su pensi\u00f3n normal y adem\u00e1s ya le sal\u00eda este bono invierno. En la Regi\u00f3n de Ays\u00e9n van a ser en el primer pago, m\u00e1s de 24.600 personas, con una inversi\u00f3n de aproximadamente $2.900.000.000, as\u00ed que por favor consulten en\u00a0<\/span><span lang=\"ES\"><a href=\"http:\/\/www.bonoinviernochileapoya.cl\/\" target=\"_blank\" rel=\"noopener noreferrer\">www.bonoinviernochileapoya.cl<\/a><\/span><span lang=\"ES\">\u00a0y el segundo grupo parte su pago a partir del 22 de agosto\u00bb, detall\u00f3 el Seremi del Trabajo y Previsi\u00f3n Social.<\/span><\/p>\n<p class=\"v1MsoNormal\" style=\"text-align: justify;\"><span lang=\"ES\">\u00abLos pagos se realizan preferencialmente de forma electr\u00f3nica, como ha sido la norma de estos bonos, es decir, todas las personas que tienen asociada una cuenta RUT, recibir\u00e1n su dinero la primera n\u00f3mina, no todos recibir\u00e1n hoy porque hay algunos que vienen informados desde el Ministerio de Desarrollo Social y esos pagos ser\u00e1n el d\u00eda 22 de agosto. En todo caso, se puede revisar en la p\u00e1gina\u00a0<\/span><span lang=\"ES\"><a href=\"http:\/\/www.bonoinviernochileapoya.cl\/\" target=\"_blank\" rel=\"noopener noreferrer\">www.bonoinviernochileapoya.cl<\/a><\/span><span lang=\"ES\">\u00a0para ver si son beneficiarios. El pago es directo para todos quienes tienen su cuenta RUT asociada, el pago es presencial a trav\u00e9s de nuestra red de apoyo que principalmente es la Caja Los H\u00e9roes de Coyhaique y tambi\u00e9n presencial para el Banco Estado, de las otras ciudades de la regi\u00f3n, me refiero a Puerto Ays\u00e9n, Puerto Cisnes, Chile Chico y Cochrane. Cualquier duda la pueden resolver a trav\u00e9s del 101 que es nuestro tel\u00e9fono de consultas o en las sucursales de las localidades de Coyhaique, Puerto Ays\u00e9n, Puerto Cisnes, Cochrane y Chile Chico\u00bb, afirm\u00f3 el Director regional del IPS, Carlos Rodr\u00edguez.<\/span><\/p>\n<p class=\"v1MsoNormal\" style=\"text-align: justify;\"><span lang=\"ES\">Una de las beneficiarias que se sorprendi\u00f3 y estaba muy contenta al recibir hoy su pago al pasar por caja, fue Rutelina C\u00e1rdenas, \u00abClaro que me apoya much\u00edsimo, las personas jubiladas por el seguro obrero no tenemos un tremendo sueldo, yo m\u00e1s encima qued\u00e9 viuda y mi marido no me dej\u00f3 nada. As\u00ed que ando jugando a los descuentos ahora, no pod\u00eda cocinar m\u00e1s que lo que hay. Me viene muy bien porque uso calefacci\u00f3n y no ten\u00eda nada de eso, me viene bien para comprar le\u00f1a. Content\u00edsima, agradecida de Dios y de todas las personas que hacen posible que una pueda tener un poquito m\u00e1s\u00bb.<\/span><\/p>\n<p class=\"v1MsoNormal\" style=\"text-align: justify;\"><b><span lang=\"ES\">\u00a0<\/span><\/b><\/p>\n<p class=\"v1MsoNormal\" style=\"text-align: justify;\"><b><u><span lang=\"ES\">\u00bfQui\u00e9nes reciben el Bono de Invierno ChileApoya?<\/span><\/u><\/b><\/p>\n<p class=\"v1MsoNormal\" style=\"text-align: justify;\"><span lang=\"ES\">Existen dos grupos de personas que recibir\u00e1n el bono de manera autom\u00e1tica. Por una parte, personas que reciben beneficios por parte de IPS y SUSESO: Personas causantes de Asignaci\u00f3n Familiar, Maternal y Subsidio \u00danico Familiar; Personas beneficiarias del Bono de Invierno; Personas beneficiarias del Aporte Previsional Solidario de Invalidez y Pensi\u00f3n B\u00e1sica Solidaria de Invalidez; Personas beneficiarias del Subsidio de Discapacidad Mental.<\/span><\/p>\n<p class=\"v1MsoNormal\" style=\"text-align: justify;\"><span lang=\"ES\">En el segundo grupo, que recibir\u00e1 a partir del 22 de agosto, est\u00e1n las Familias usuarias del Subsistema \u00abSeguridades y Oportunidades\u00bb u Hogares del 60% m\u00e1s vulnerable del Registro Social de Hogares que tengan entre sus integrantes: Personas con discapacidad o dependencia funcional; Ni\u00f1os y ni\u00f1as de 0 a 17 a\u00f1os; Personas de 60 a\u00f1os o m\u00e1s; Personas sujetas de cuidado pertenecientes al Programa de Pago de cuidadores de personas con dependencia severa; Estudiantes con necesidades educativas especiales de car\u00e1cter permanente o matriculados en establecimientos de educaci\u00f3n especial.<\/span><\/p>\n<p class=\"v1MsoNormal\" style=\"text-align: justify;\"><span lang=\"ES\">\u00a0<\/span><\/p>\n<p class=\"v1MsoNormal\" style=\"text-align: justify;\"><b><u><span lang=\"ES\">Postulaciones a la Pensi\u00f3n Garantizada Universal<\/span><\/u><\/b><\/p>\n<p class=\"v1MsoNormal\" style=\"text-align: justify;\"><span lang=\"ES\">La Pensi\u00f3n Garantizada Universal, PGU, es un aporte monetario mensual entregado por el Estado y administrado por el Instituto de Previsi\u00f3n Social, IPS, que sustituy\u00f3 a los beneficios por vejez del Pilar Solidario, y que desde el 1 de agosto -y de acuerdo con la Ley N\u00ba\u00a0<\/span><span lang=\"ES\"><a href=\"https:\/\/www.bcn.cl\/leychile\/navegar?idNorma=1171923\" target=\"_blank\" rel=\"noopener noreferrer\">21.419<\/a><\/span><span lang=\"ES\">&#8211; ampl\u00eda su cobertura para que m\u00e1s personas mayores puedan acceder.<\/span><\/p>\n<p class=\"v1MsoNormal\" style=\"text-align: justify;\"><span lang=\"ES\">As\u00ed lo confirm\u00f3 el Seremi del Trabajo y Previsi\u00f3n Social, Rodrigo D\u00edaz, haciendo un llamado a postular, \u00abA partir de este mes de agosto va a empezar la postulaci\u00f3n a la PGU, la Pensi\u00f3n Garantizada Universal, ahora se incorporan las personas que no est\u00e1n en el Pilar Solidario, que son personas que est\u00e1n en las AFP, que tienen m\u00e1s de 65 a\u00f1os y que no est\u00e1n dentro del 10% m\u00e1s rico de Chile. Quienes ganen m\u00e1s de $600 mil pesos, el aporte ser\u00e1 decreciente. El aporte de la PGU es de $193.000. Cualquier informaci\u00f3n que necesiten, en el IPS ChileAtiende, y en\u00a0<\/span><span lang=\"ES\"><a href=\"http:\/\/www.chileatiende.cl\/\" target=\"_blank\" rel=\"noopener noreferrer\">www.chileatiende.cl<\/a><\/span><span lang=\"ES\">\u00ab.<\/span><\/p>\n<p class=\"v1MsoNormal\" style=\"text-align: justify;\"><span lang=\"ES\">En el mismo tenor, el director regional del IPS, entreg\u00f3 m\u00e1s detalles, \u00abLa PGU, Pensi\u00f3n Garantizada Universal, ya est\u00e1 en r\u00e9gimen desde febrero para lo que era el Pilar Solidario, para las personas que recib\u00edan la Pensi\u00f3n B\u00e1sica Solidaria de vejez, que cambi\u00f3 a PGU. Lo que es importante y que se incorpora ahora, son todas las personas que tal como lo se\u00f1al\u00f3 el seremi, est\u00e1n en la ampliaci\u00f3n de la cobertura, es decir, que no pertenezcan al 10% m\u00e1s rico de la poblaci\u00f3n y que reciban una pensi\u00f3n o ingresos de hasta $1.048.000 aproximadamente. Estas personas pueden postular y pueden comenzar a recibir todas las personas que postularon entre febrero y ahora, y que no cumpl\u00edan los requisitos y ahora los cumplen, van a comenzar a recibir su pago en septiembre, con pago retroactivo desde el mes de agosto. Aquellas personas que vayan postulando ahora, van a recibir el pago desde la fecha de postulaci\u00f3n. Es requisito indispensable para postular, haber cumplido los 65 a\u00f1os, tanto hombres como mujeres\u00bb, coment\u00f3 Carlos Rodr\u00edguez.\u00a0\u00a0 \u00a0<\/span><\/p>\n<p class=\"v1MsoNormal\" style=\"text-align: justify;\"><span lang=\"ES\">La Pensi\u00f3n Garantizada Universal, PGU, se postula en el sitio web\u00a0<\/span><span lang=\"ES\"><a href=\"http:\/\/www.chileatiende.cl\/\" target=\"_blank\" rel=\"noopener noreferrer\">www.chileatiende.cl<\/a><\/span><span lang=\"ES\">\u00a0con la Clave \u00danica o presencialmente, en las oficinas de IPS ChileAtiende. Ante consultas, se puede llamar al tel\u00e9fono 101.<\/span><\/p>\n<p class=\"v1MsoNormal\" style=\"text-align: justify;\"><span lang=\"ES\">Cabe mencionar que la jefa de sucursal de Caja Los H\u00e9roes de Coyhaique, Andrea Beltr\u00e1n, mencion\u00f3 que los horarios de atenci\u00f3n son de lunes a viernes, de 9:00 a 18:00 horario continuado.<\/span><\/p>\n<\/div><\/section><\/div><div  style='height:50px' class='hr hr-invisible   avia-builder-el-6  el_after_av_one_full  el_before_av_social_share '><span class='hr-inner ' ><span class='hr-inner-style'><\/span><\/span><\/div><\/p>\n<div  class='av-social-sharing-box  avia-builder-el-7  el_after_av_hr  el_before_av_hr  '><div class='av-share-box'><h5 class='av-share-link-description av-no-toc '>Compartir esta noticia<\/h5><ul class='av-share-box-list noLightbox'><li class='av-share-link av-social-link-facebook' ><a target=\"_blank\" aria-label=\"Compartir en Facebook\" href='https:\/\/www.facebook.com\/sharer.php?u=https:\/\/radiorevelacionfm.cl\/?p=20127&#038;t=Se%20inici%C3%B3%20el%20pago%20del%20Bono%20Invierno%20ChileApoya%20y%20la%20ampliaci%C3%B3n%20de%20la%20cobertura%20de%20la%20Pensi%C3%B3n%20Garantizada%20Universal' aria-hidden='false' data-av_icon='\ue8f3' data-av_iconfont='entypo-fontello' title='' data-avia-related-tooltip='Compartir en Facebook' rel=\"noopener\"><span class='avia_hidden_link_text'>Compartir en Facebook<\/span><\/a><\/li><li class='av-share-link av-social-link-twitter' ><a target=\"_blank\" aria-label=\"Compartir en Twitter\" href='https:\/\/twitter.com\/share?text=Se%20inici%C3%B3%20el%20pago%20del%20Bono%20Invierno%20ChileApoya%20y%20la%20ampliaci%C3%B3n%20de%20la%20cobertura%20de%20la%20Pensi%C3%B3n%20Garantizada%20Universal&#038;url=https:\/\/radiorevelacionfm.cl\/?p=20127' aria-hidden='false' data-av_icon='\ue8f1' data-av_iconfont='entypo-fontello' title='' data-avia-related-tooltip='Compartir en Twitter' rel=\"noopener\"><span class='avia_hidden_link_text'>Compartir en Twitter<\/span><\/a><\/li><li class='av-share-link av-social-link-whatsapp' ><a target=\"_blank\" aria-label=\"Compartir en Whatsapp\" href='https:\/\/api.whatsapp.com\/send?text=https:\/\/radiorevelacionfm.cl\/?p=20127' aria-hidden='false' data-av_icon='\uf232' data-av_iconfont='entypo-fontello' title='' data-avia-related-tooltip='Compartir en Whatsapp' rel=\"noopener\"><span class='avia_hidden_link_text'>Compartir en Whatsapp<\/span><\/a><\/li><li class='av-share-link av-social-link-linkedin' ><a target=\"_blank\" aria-label=\"Compartir en LinkedIn\" href='https:\/\/linkedin.com\/shareArticle?mini=true&#038;title=Se%20inici%C3%B3%20el%20pago%20del%20Bono%20Invierno%20ChileApoya%20y%20la%20ampliaci%C3%B3n%20de%20la%20cobertura%20de%20la%20Pensi%C3%B3n%20Garantizada%20Universal&#038;url=https:\/\/radiorevelacionfm.cl\/?p=20127' aria-hidden='false' data-av_icon='\ue8fc' data-av_iconfont='entypo-fontello' title='' data-avia-related-tooltip='Compartir en LinkedIn' rel=\"noopener\"><span class='avia_hidden_link_text'>Compartir en LinkedIn<\/span><\/a><\/li><li class='av-share-link av-social-link-mail' ><a  aria-label=\"Compartir por correo\" href='mailto:?subject=Se%20inici%C3%B3%20el%20pago%20del%20Bono%20Invierno%20ChileApoya%20y%20la%20ampliaci%C3%B3n%20de%20la%20cobertura%20de%20la%20Pensi%C3%B3n%20Garantizada%20Universal&#038;body=https:\/\/radiorevelacionfm.cl\/?p=20127' aria-hidden='false' data-av_icon='\ue805' data-av_iconfont='entypo-fontello' title='' data-avia-related-tooltip='Compartir por correo'><span class='avia_hidden_link_text'>Compartir por correo<\/span><\/a><\/li><\/ul><\/div><\/div>\n<div  style='height:50px' class='hr hr-invisible   avia-builder-el-8  el_after_av_social_share  el_before_av_comments_list '><span class='hr-inner ' ><span class='hr-inner-style'><\/span><\/span><\/div>\n<div  class='av-buildercomment  av-blog-meta-html-info-disabled av-blog-meta-tag-disabled  '><\/div>\n","protected":false},"excerpt":{"rendered":"","protected":false},"author":1,"featured_media":20128,"comment_status":"open","ping_status":"open","sticky":false,"template":"","format":"standard","meta":{"footnotes":""},"categories":[38],"tags":[],"class_list":["post-20127","post","type-post","status-publish","format-standard","has-post-thumbnail","hentry","category-regional"],"jetpack_featured_media_url":"https:\/\/radiorevelacionfm.cl\/wp-content\/uploads\/2022\/08\/InicioPagoBonoInviernoChileApoya-5-ALTA_-1-1.jpg","_links":{"self":[{"href":"https:\/\/radiorevelacionfm.cl\/index.php?rest_route=\/wp\/v2\/posts\/20127","targetHints":{"allow":["GET"]}}],"collection":[{"href":"https:\/\/radiorevelacionfm.cl\/index.php?rest_route=\/wp\/v2\/posts"}],"about":[{"href":"https:\/\/radiorevelacionfm.cl\/index.php?rest_route=\/wp\/v2\/types\/post"}],"author":[{"embeddable":true,"href":"https:\/\/radiorevelacionfm.cl\/index.php?rest_route=\/wp\/v2\/users\/1"}],"replies":[{"embeddable":true,"href":"https:\/\/radiorevelacionfm.cl\/index.php?rest_route=%2Fwp%2Fv2%2Fcomments&post=20127"}],"version-history":[{"count":2,"href":"https:\/\/radiorevelacionfm.cl\/index.php?rest_route=\/wp\/v2\/posts\/20127\/revisions"}],"predecessor-version":[{"id":20130,"href":"https:\/\/radiorevelacionfm.cl\/index.php?rest_route=\/wp\/v2\/posts\/20127\/revisions\/20130"}],"wp:featuredmedia":[{"embeddable":true,"href":"https:\/\/radiorevelacionfm.cl\/index.php?rest_route=\/wp\/v2\/media\/20128"}],"wp:attachment":[{"href":"https:\/\/radiorevelacionfm.cl\/index.php?rest_route=%2Fwp%2Fv2%2Fmedia&parent=20127"}],"wp:term":[{"taxonomy":"category","embeddable":true,"href":"https:\/\/radiorevelacionfm.cl\/index.php?rest_route=%2Fwp%2Fv2%2Fcategories&post=20127"},{"taxonomy":"post_tag","embeddable":true,"href":"https:\/\/radiorevelacionfm.cl\/index.php?rest_route=%2Fwp%2Fv2%2Ftags&post=20127"}],"curies":[{"name":"wp","href":"https:\/\/api.w.org\/{rel}","templated":true}]}}