{"id":20124,"date":"2022-08-06T11:15:05","date_gmt":"2022-08-06T14:15:05","guid":{"rendered":"https:\/\/radiorevelacionfm.cl\/?p=20124"},"modified":"2022-08-06T11:15:05","modified_gmt":"2022-08-06T14:15:05","slug":"en-su-43-aniversario-servicio-de-salud-aysen-reconocio-a-funcionarios-por-anos-de-servicio","status":"publish","type":"post","link":"https:\/\/radiorevelacionfm.cl\/?p=20124","title":{"rendered":"En su 43 aniversario: Servicio de Salud Ays\u00e9n reconoci\u00f3 a funcionarios por a\u00f1os de servicio"},"content":{"rendered":"<div class=\"flex_column av_one_full  flex_column_div av-zero-column-padding first  avia-builder-el-0  el_before_av_one_full  avia-builder-el-first  \" style='border-radius:0px; '><div  class='avia-image-container  av-styling-    avia-builder-el-1  avia-builder-el-no-sibling  avia-align-center '  itemprop=\"image\" itemscope=\"itemscope\" itemtype=\"https:\/\/schema.org\/ImageObject\"  ><div class='avia-image-container-inner'><div class='avia-image-overlay-wrap'><img decoding=\"async\" class='wp-image-20125 avia-img-lazy-loading-not-20125 avia_image' src=\"https:\/\/radiorevelacionfm.cl\/wp-content\/uploads\/2022\/08\/aniversario-2-1-1-1.jpg\" alt='' title='aniversario 2-1 (1) (1)' height=\"600\" width=\"1102\"  itemprop=\"thumbnailUrl\" srcset=\"https:\/\/radiorevelacionfm.cl\/wp-content\/uploads\/2022\/08\/aniversario-2-1-1-1.jpg 1102w, https:\/\/radiorevelacionfm.cl\/wp-content\/uploads\/2022\/08\/aniversario-2-1-1-1-300x163.jpg 300w, https:\/\/radiorevelacionfm.cl\/wp-content\/uploads\/2022\/08\/aniversario-2-1-1-1-1030x561.jpg 1030w, https:\/\/radiorevelacionfm.cl\/wp-content\/uploads\/2022\/08\/aniversario-2-1-1-1-768x418.jpg 768w, https:\/\/radiorevelacionfm.cl\/wp-content\/uploads\/2022\/08\/aniversario-2-1-1-1-705x384.jpg 705w, https:\/\/radiorevelacionfm.cl\/wp-content\/uploads\/2022\/08\/aniversario-2-1-1-1-600x327.jpg 600w\" sizes=\"(max-width: 1102px) 100vw, 1102px\" \/><\/div><\/div><\/div><\/div><div class=\"flex_column av_one_full  flex_column_div av-zero-column-padding first  avia-builder-el-2  el_after_av_one_full  el_before_av_one_full  column-top-margin\" style='border-radius:0px; '><section class=\"av_textblock_section \"  itemscope=\"itemscope\" itemtype=\"https:\/\/schema.org\/BlogPosting\" itemprop=\"blogPost\" ><div class='avia_textblock  '   itemprop=\"text\" ><p style=\"text-align: center;\"><span style=\"font-size: 18pt;\"><b><span lang=\"ES\">En su 43 aniversario: Servicio de Salud Ays\u00e9n reconoci\u00f3 a funcionarios por a\u00f1os de servicio<\/span><\/b><\/span><\/p>\n<div id=\"gtx-trans\" style=\"position: absolute; left: -50px; top: 4.31534px;\">\n<div class=\"gtx-trans-icon\"><\/div>\n<\/div>\n<\/div><\/section><\/div><div class=\"flex_column av_one_full  flex_column_div av-zero-column-padding first  avia-builder-el-4  el_after_av_one_full  el_before_av_hr  column-top-margin\" style='border-radius:0px; '><section class=\"av_textblock_section \"  itemscope=\"itemscope\" itemtype=\"https:\/\/schema.org\/BlogPosting\" itemprop=\"blogPost\" ><div class='avia_textblock  '   itemprop=\"text\" ><p style=\"font-weight: 400; text-align: justify;\">En el evento protocolar, el primero que realiza el SSA desde el inicio de la pandemia, Gabriel Burgos, director del Servicio de Salud Ays\u00e9n, estuvo acompa\u00f1ado por representantes de la Seremi de Salud Ays\u00e9n, directivos y gremios.<\/p>\n<p style=\"font-weight: 400; text-align: justify;\">En la ceremonia, se relev\u00f3 e hizo historia, recordando que los servicios de salud en nuestro pa\u00eds existen luego que se dict\u00f3 el Decreto Ley 2.763 el 3 de agosto de 1979, que reestructur\u00f3 al Ministerio de Salud y cre\u00f3 el Sistema Nacional de Salud y establece los organismos dependientes, entre ellos el ISP, Fonasa y Central de Abastecimiento (Cenabast) estableciendo la nueva forma en c\u00f3mo ir enfrentando las pol\u00edticas sanitarias del pa\u00eds.<\/p>\n<p style=\"font-weight: 400; text-align: justify;\">En la ocasi\u00f3n, el director del Servicio de Salud Ays\u00e9n, Gabriel Burgos Salas, se\u00f1al\u00f3 que para la Red Asistencial estos dos \u00faltimos a\u00f1os han sido complejos, en el que se dieron momentos de flaqueza, con funcionarios que lograron sacar lo mejor de ellos, desde la llamada primera l\u00ednea, destacando sobre todo su compromiso, \u201ces dif\u00edcil entregar salud en esta regi\u00f3n. Ustedes, como servidores p\u00fablicos, son representantes de los funcionarios, y hacen una muy bonita labor, que es llevar salud a cada uno de los lugares de esta regi\u00f3n, llevarla por tanto tiempo. El Servicio de Salud se ha convertido en su segunda casa, donde compartimos en el d\u00eda a d\u00eda y avanzar. Es un a\u00f1o m\u00e1s vida, pero tambi\u00e9n es el momento de replantearse, de ver c\u00f3mo mejorar, de cuidar a quienes nos cuidan, que son ustedes\u201d, se\u00f1al\u00f3 la autoridad.<\/p>\n<p style=\"font-weight: 400; text-align: justify;\">Por su parte, Paola Pe\u00f1a representante de la Seremi de la Ays\u00e9n, se\u00f1al\u00f3 en su alocuci\u00f3n el trabajo de los funcionarios de la Red Asistencial que han sabido atender y dar continuidad de atenci\u00f3n a todos los usuarios de la Regi\u00f3n a pesar de las adecuaciones propias que se han tenido que tomar como resultado de la pandemia \u201c<\/p>\n<p style=\"font-weight: 400; text-align: justify;\">Felicinda Vel\u00e1squez, funcionaria homenajeada al cumplir 35 a\u00f1os de servicio, y que hoy es jefa del Subdepartamento de Planificaci\u00f3n y Desarrollo Asistencial del Servicio de Salud Ays\u00e9n, realiz\u00f3 un discurso en el que hizo un balance desde su llegada a la Red Asistencial \u201cla mayor\u00eda de los que estamos ac\u00e1 tenemos una trayectoria ligada a la salud p\u00fablica de nuestra regi\u00f3n. Recuerdo aquellos tiempos en que el Hospital es la mitad de lo que es hoy d\u00eda y albergaba a las rondas m\u00e9dicas de APS. Vimos la transformaci\u00f3n de los hospitales, de los consultorios, del crecimiento de las plantas f\u00edsicas de los establecimientos, del aumento de personal y de especialistas, y de c\u00f3mo ha mejorado la capacidad y resolutividad de nuestra salud en la regi\u00f3n, pero tambi\u00e9n ha aumentado la responsabilidad y exigencias laborales en el que cada d\u00eda debemos asumir m\u00e1s desaf\u00edos\u201d.<\/p>\n<p style=\"font-weight: 400; text-align: justify;\">Para finalizar, adem\u00e1s destac\u00f3 el alto compromiso de los funcionarios en este arduo trabajo territorial que es entregar prestaciones de salud a los usuarios \u201chemos dejado parte de nuestras vidas, hemos hecho sacrificios para dar continuidad en la atenci\u00f3n, pero tambi\u00e9n el Servicio nos ha permitido concretar sue\u00f1os, cumplir metas y canalizar nuestra vocaci\u00f3n de servicio de trabajar por el pr\u00f3jimo. Nos ha permitido florecer donde fuimos plantados\u201d.<\/p>\n<p style=\"font-weight: 400; text-align: justify;\">En la ceremonia del 43 aniversario, el SSA entreg\u00f3 reconocimiento a los funcionarios Felicinda Vel\u00e1squez, por su destacada trayectoria en la Red Asistencial y por haber impulsado los cambios que han dado forma, lugar y asistencialidad a la comunidad aysenina, desde la creaci\u00f3n de los servicios de salud en el pa\u00eds.<\/p>\n<\/div><\/section><\/div><div  style='height:50px' class='hr hr-invisible   avia-builder-el-6  el_after_av_one_full  el_before_av_social_share '><span class='hr-inner ' ><span class='hr-inner-style'><\/span><\/span><\/div><\/p>\n<div  class='av-social-sharing-box  avia-builder-el-7  el_after_av_hr  el_before_av_hr  '><div class='av-share-box'><h5 class='av-share-link-description av-no-toc '>Compartir esta noticia<\/h5><ul class='av-share-box-list noLightbox'><li class='av-share-link av-social-link-facebook' ><a target=\"_blank\" aria-label=\"Compartir en Facebook\" href='https:\/\/www.facebook.com\/sharer.php?u=https:\/\/radiorevelacionfm.cl\/?p=20124&#038;t=En%20su%2043%20aniversario%3A%20Servicio%20de%20Salud%20Ays%C3%A9n%20reconoci%C3%B3%20a%20funcionarios%20por%20a%C3%B1os%20de%20servicio' aria-hidden='false' data-av_icon='\ue8f3' data-av_iconfont='entypo-fontello' title='' data-avia-related-tooltip='Compartir en Facebook' rel=\"noopener\"><span class='avia_hidden_link_text'>Compartir en Facebook<\/span><\/a><\/li><li class='av-share-link av-social-link-twitter' ><a target=\"_blank\" aria-label=\"Compartir en Twitter\" href='https:\/\/twitter.com\/share?text=En%20su%2043%20aniversario%3A%20Servicio%20de%20Salud%20Ays%C3%A9n%20reconoci%C3%B3%20a%20funcionarios%20por%20a%C3%B1os%20de%20servicio&#038;url=https:\/\/radiorevelacionfm.cl\/?p=20124' aria-hidden='false' data-av_icon='\ue8f1' data-av_iconfont='entypo-fontello' title='' data-avia-related-tooltip='Compartir en Twitter' rel=\"noopener\"><span class='avia_hidden_link_text'>Compartir en Twitter<\/span><\/a><\/li><li class='av-share-link av-social-link-whatsapp' ><a target=\"_blank\" aria-label=\"Compartir en Whatsapp\" href='https:\/\/api.whatsapp.com\/send?text=https:\/\/radiorevelacionfm.cl\/?p=20124' aria-hidden='false' data-av_icon='\uf232' data-av_iconfont='entypo-fontello' title='' data-avia-related-tooltip='Compartir en Whatsapp' rel=\"noopener\"><span class='avia_hidden_link_text'>Compartir en Whatsapp<\/span><\/a><\/li><li class='av-share-link av-social-link-linkedin' ><a target=\"_blank\" aria-label=\"Compartir en LinkedIn\" href='https:\/\/linkedin.com\/shareArticle?mini=true&#038;title=En%20su%2043%20aniversario%3A%20Servicio%20de%20Salud%20Ays%C3%A9n%20reconoci%C3%B3%20a%20funcionarios%20por%20a%C3%B1os%20de%20servicio&#038;url=https:\/\/radiorevelacionfm.cl\/?p=20124' aria-hidden='false' data-av_icon='\ue8fc' data-av_iconfont='entypo-fontello' title='' data-avia-related-tooltip='Compartir en LinkedIn' rel=\"noopener\"><span class='avia_hidden_link_text'>Compartir en LinkedIn<\/span><\/a><\/li><li class='av-share-link av-social-link-mail' ><a  aria-label=\"Compartir por correo\" href='mailto:?subject=En%20su%2043%20aniversario%3A%20Servicio%20de%20Salud%20Ays%C3%A9n%20reconoci%C3%B3%20a%20funcionarios%20por%20a%C3%B1os%20de%20servicio&#038;body=https:\/\/radiorevelacionfm.cl\/?p=20124' aria-hidden='false' data-av_icon='\ue805' data-av_iconfont='entypo-fontello' title='' data-avia-related-tooltip='Compartir por correo'><span class='avia_hidden_link_text'>Compartir por correo<\/span><\/a><\/li><\/ul><\/div><\/div>\n<div  style='height:50px' class='hr hr-invisible   avia-builder-el-8  el_after_av_social_share  el_before_av_comments_list '><span class='hr-inner ' ><span class='hr-inner-style'><\/span><\/span><\/div>\n<div  class='av-buildercomment  av-blog-meta-html-info-disabled av-blog-meta-tag-disabled  '><\/div>\n","protected":false},"excerpt":{"rendered":"","protected":false},"author":1,"featured_media":20125,"comment_status":"open","ping_status":"open","sticky":false,"template":"","format":"standard","meta":{"footnotes":""},"categories":[46],"tags":[],"class_list":["post-20124","post","type-post","status-publish","format-standard","has-post-thumbnail","hentry","category-salud"],"jetpack_featured_media_url":"https:\/\/radiorevelacionfm.cl\/wp-content\/uploads\/2022\/08\/aniversario-2-1-1-1.jpg","_links":{"self":[{"href":"https:\/\/radiorevelacionfm.cl\/index.php?rest_route=\/wp\/v2\/posts\/20124","targetHints":{"allow":["GET"]}}],"collection":[{"href":"https:\/\/radiorevelacionfm.cl\/index.php?rest_route=\/wp\/v2\/posts"}],"about":[{"href":"https:\/\/radiorevelacionfm.cl\/index.php?rest_route=\/wp\/v2\/types\/post"}],"author":[{"embeddable":true,"href":"https:\/\/radiorevelacionfm.cl\/index.php?rest_route=\/wp\/v2\/users\/1"}],"replies":[{"embeddable":true,"href":"https:\/\/radiorevelacionfm.cl\/index.php?rest_route=%2Fwp%2Fv2%2Fcomments&post=20124"}],"version-history":[{"count":2,"href":"https:\/\/radiorevelacionfm.cl\/index.php?rest_route=\/wp\/v2\/posts\/20124\/revisions"}],"predecessor-version":[{"id":20155,"href":"https:\/\/radiorevelacionfm.cl\/index.php?rest_route=\/wp\/v2\/posts\/20124\/revisions\/20155"}],"wp:featuredmedia":[{"embeddable":true,"href":"https:\/\/radiorevelacionfm.cl\/index.php?rest_route=\/wp\/v2\/media\/20125"}],"wp:attachment":[{"href":"https:\/\/radiorevelacionfm.cl\/index.php?rest_route=%2Fwp%2Fv2%2Fmedia&parent=20124"}],"wp:term":[{"taxonomy":"category","embeddable":true,"href":"https:\/\/radiorevelacionfm.cl\/index.php?rest_route=%2Fwp%2Fv2%2Fcategories&post=20124"},{"taxonomy":"post_tag","embeddable":true,"href":"https:\/\/radiorevelacionfm.cl\/index.php?rest_route=%2Fwp%2Fv2%2Ftags&post=20124"}],"curies":[{"name":"wp","href":"https:\/\/api.w.org\/{rel}","templated":true}]}}