{"id":2012,"date":"2021-01-22T12:05:52","date_gmt":"2021-01-22T15:05:52","guid":{"rendered":"https:\/\/radiorevelacionfm.cl\/?p=2012"},"modified":"2021-01-22T12:05:52","modified_gmt":"2021-01-22T15:05:52","slug":"fundacion-integra-invita-a-postular-via-online-a-jardines-infantiles-en-la-region-de-aysen","status":"publish","type":"post","link":"https:\/\/radiorevelacionfm.cl\/?p=2012","title":{"rendered":"Fundaci\u00f3n Integra invita a postular v\u00eda online a jardines infantiles en la regi\u00f3n de Ays\u00e9n"},"content":{"rendered":"<div class=\"flex_column av_one_full  flex_column_div av-zero-column-padding first  avia-builder-el-0  el_before_av_one_full  avia-builder-el-first  \" style='border-radius:0px; '><div  class='avia-image-container  av-styling-    avia-builder-el-1  avia-builder-el-no-sibling  avia-align-center '  itemprop=\"image\" itemscope=\"itemscope\" itemtype=\"https:\/\/schema.org\/ImageObject\"  ><div class='avia-image-container-inner'><div class='avia-image-overlay-wrap'><img decoding=\"async\" class='wp-image-0 avia-img-lazy-loading-not-0 avia_image' src=\"https:\/\/radiorevelacionfm.cl\/wp-content\/uploads\/2021\/01\/rayito-scaled.jpg\" alt='' title=''   itemprop=\"thumbnailUrl\"  \/><\/div><\/div><\/div><\/div><div class=\"flex_column av_one_full  flex_column_div av-zero-column-padding first  avia-builder-el-2  el_after_av_one_full  el_before_av_one_full  column-top-margin\" style='border-radius:0px; '><section class=\"av_textblock_section \"  itemscope=\"itemscope\" itemtype=\"https:\/\/schema.org\/BlogPosting\" itemprop=\"blogPost\" ><div class='avia_textblock  '   itemprop=\"text\" ><p style=\"text-align: center;\"><span style=\"font-size: 18pt;\"><strong>Fundaci\u00f3n Integra invita a postular v\u00eda online a jardines infantiles en la regi\u00f3n de Ays\u00e9n<\/strong><\/span><\/p>\n<div id=\"gtx-trans\" style=\"position: absolute; left: -50px; top: 4.31534px;\">\n<div class=\"gtx-trans-icon\"><\/div>\n<\/div>\n<\/div><\/section><\/div><div class=\"flex_column av_one_full  flex_column_div av-zero-column-padding first  avia-builder-el-4  el_after_av_one_full  el_before_av_hr  column-top-margin\" style='border-radius:0px; '><section class=\"av_textblock_section \"  itemscope=\"itemscope\" itemtype=\"https:\/\/schema.org\/BlogPosting\" itemprop=\"blogPost\" ><div class='avia_textblock  '   itemprop=\"text\" ><p style=\"font-weight: 400; text-align: justify;\"><em>Desde el 18 de enero y hasta el 19 de febrero se encuentra abierta la plataforma digital para postular alguno de los establecimientos educacionales de la instituci\u00f3n en la regi\u00f3n de Ays\u00e9n.<\/em><\/p>\n<p style=\"font-weight: 400; text-align: justify;\">Debido a la pandemia del Covid19, Fundaci\u00f3n Integra decidi\u00f3 que el proceso de postulaci\u00f3n 2021 sea v\u00eda online. De esta manera, se busca privilegiar la seguridad y protecci\u00f3n de los equipos educativos y de las familias, especialmente en las comunas y localidades que se encuentran en cuarentena o fase de transici\u00f3n.<\/p>\n<p style=\"font-weight: 400; text-align: justify;\">Es as\u00ed que entre el 18 de enero y el 19 de febrero estar\u00e1 abierta la plataforma online\u00a0<a href=\"http:\/\/3.%20postulacion%20on%20line.docx\/\" data-saferedirecturl=\"https:\/\/www.google.com\/url?q=http:\/\/3.%2520Postulacion%2520On%2520line.docx&amp;source=gmail&amp;ust=1611413844932000&amp;usg=AFQjCNHLsx_gdK0l0ZZuPjv2A9XjJPL3ww\">postula.integra.cl<\/a>, en la cual las familias podr\u00e1n ingresar para inscribir a sus hijas o hijos en el o los establecimientos que sean de su inter\u00e9s. Esto, adem\u00e1s de ser una forma de facilitar el proceso a las familias y evitarles una actividad presencial, es tambi\u00e9n un avance en la modernizaci\u00f3n de este proceso y permitir que m\u00e1s ni\u00f1as y ni\u00f1os puedan acceder a una educaci\u00f3n inicial.<\/p>\n<p style=\"font-weight: 400; text-align: justify;\">La jefa territorial de calidad Educativa, Ver\u00f3nica C\u00e1rcamo Galaz invit\u00f3\u00a0a las familias de la regi\u00f3n de Ays\u00e9n a \u201cser parte de nuestros proyectos educativos, de las comunidades educativas de los jardines infantiles de Fundaci\u00f3n Integra en la regi\u00f3n de Ays\u00e9n. B\u00e1sicamente queremos contar con la participaci\u00f3n de ustedes (apoderados) como los primeros formadores de la educaci\u00f3n de sus hijos e hijas\u201d.<\/p>\n<p style=\"font-weight: 400; text-align: justify;\">\u00bfC\u00f3mo funciona la postulaci\u00f3n online?<\/p>\n<p style=\"font-weight: 400; text-align: justify;\">Para postular, el apoderado\/a debe completar un formulario en l\u00ednea que considera el RUN del ni\u00f1o o ni\u00f1a como dato prioritario. En el caso de las familias migrantes, que a\u00fan no cuenten con registro chileno, podr\u00e1n postular con el IPA (Identificador Provisorio del Apoderado) e IPE (Identificador Provisorio del Estudiante)<\/p>\n<p style=\"font-weight: 400; text-align: justify;\">Asimismo, la plataforma de postulaci\u00f3n online permitir\u00e1 que las familias puedan inscribirse en todos los establecimientos que estimen conveniente, considerando la cercan\u00eda al hogar o lugar de trabajo, proyecto educativo, si cuenta con Reconocimiento Oficial o extensi\u00f3n horaria (atenci\u00f3n de 16:30 a 19:30 horas), entre otras variables. Las familias, tambi\u00e9n, podr\u00e1n ordenar los jardines infantiles y salas cuna seg\u00fan su preferencia para as\u00ed tener m\u00e1s opciones de obtener una vacante.<\/p>\n<p style=\"font-weight: 400; text-align: justify;\">Ver\u00f3nica C\u00e1rcamo Galaz invit\u00f3 a las familias interesadas a postular a alguno de los Jardines Infantiles de Fundaci\u00f3n Integra a \u201cpostular a la plataforma\u00a0<a href=\"http:\/\/postula.integra.cl\/\" data-saferedirecturl=\"https:\/\/www.google.com\/url?q=http:\/\/postula.integra.cl&amp;source=gmail&amp;ust=1611413844932000&amp;usg=AFQjCNEiVlfowhqPT6dAd_bg80kQwTTKew\">postula.integra.cl<\/a>\u00a0y puedan ingresar e inscribir a sus hijas e hijos para este proceso\u201d. A la vez destac\u00f3 que \u201cesta plataforma ayuda y facilita el proceso a las familias ya que busca desarrollar el proceso en plena normalidad y a trav\u00e9s de un celular o un computador\u201d.<\/p>\n<p style=\"font-weight: 400; text-align: justify;\">Resultados de postulaci\u00f3n<\/p>\n<p style=\"font-weight: 400; text-align: justify;\">Los resultados de la postulaci\u00f3n, as\u00ed como los ni\u00f1os y ni\u00f1as seleccionados estar\u00e1n disponibles a finales de febrero en\u00a0<a href=\"http:\/\/integra.cl\/\" data-saferedirecturl=\"https:\/\/www.google.com\/url?q=http:\/\/integra.cl&amp;source=gmail&amp;ust=1611413844932000&amp;usg=AFQjCNH1D2JlH_EIFbNJZGoLRS_zVwdlvg\">integra.cl<\/a>, para que las familias realicen la matr\u00edcula presencialmente durante marzo en los jardines infantiles y salas cuna respectivos, siempre que las condiciones sanitarias lo permitan.<\/p>\n<p style=\"font-weight: 400; text-align: justify;\">Integra pertenece a la Red de Fundaciones de la Presidencia de la Rep\u00fablica. Cuenta con 30 a\u00f1os de experiencia y es la red m\u00e1s grande de salas cuna y jardines infantiles del pa\u00eds con administraci\u00f3n directa y presente en la regi\u00f3n de Ays\u00e9n con 20 establecimientos educacionales.<\/p>\n<\/div><\/section><\/div><div  style='height:50px' class='hr hr-invisible   avia-builder-el-6  el_after_av_one_full  el_before_av_social_share '><span class='hr-inner ' ><span class='hr-inner-style'><\/span><\/span><\/div><\/p>\n<div  class='av-social-sharing-box  avia-builder-el-7  el_after_av_hr  el_before_av_hr  '><div class='av-share-box'><h5 class='av-share-link-description av-no-toc '>Compartir esta noticia<\/h5><ul class='av-share-box-list noLightbox'><li class='av-share-link av-social-link-facebook' ><a target=\"_blank\" aria-label=\"Compartir en Facebook\" href='https:\/\/www.facebook.com\/sharer.php?u=https:\/\/radiorevelacionfm.cl\/?p=2012&#038;t=Fundaci%C3%B3n%20Integra%20invita%20a%20postular%20v%C3%ADa%20online%20a%20jardines%20infantiles%20en%20la%20regi%C3%B3n%20de%20Ays%C3%A9n' aria-hidden='false' data-av_icon='\ue8f3' data-av_iconfont='entypo-fontello' title='' data-avia-related-tooltip='Compartir en Facebook' rel=\"noopener\"><span class='avia_hidden_link_text'>Compartir en Facebook<\/span><\/a><\/li><li class='av-share-link av-social-link-twitter' ><a target=\"_blank\" aria-label=\"Compartir en Twitter\" href='https:\/\/twitter.com\/share?text=Fundaci%C3%B3n%20Integra%20invita%20a%20postular%20v%C3%ADa%20online%20a%20jardines%20infantiles%20en%20la%20regi%C3%B3n%20de%20Ays%C3%A9n&#038;url=https:\/\/radiorevelacionfm.cl\/?p=2012' aria-hidden='false' data-av_icon='\ue8f1' data-av_iconfont='entypo-fontello' title='' data-avia-related-tooltip='Compartir en Twitter' rel=\"noopener\"><span class='avia_hidden_link_text'>Compartir en Twitter<\/span><\/a><\/li><li class='av-share-link av-social-link-whatsapp' ><a target=\"_blank\" aria-label=\"Compartir en Whatsapp\" href='https:\/\/api.whatsapp.com\/send?text=https:\/\/radiorevelacionfm.cl\/?p=2012' aria-hidden='false' data-av_icon='\uf232' data-av_iconfont='entypo-fontello' title='' data-avia-related-tooltip='Compartir en Whatsapp' rel=\"noopener\"><span class='avia_hidden_link_text'>Compartir en Whatsapp<\/span><\/a><\/li><li class='av-share-link av-social-link-linkedin' ><a target=\"_blank\" aria-label=\"Compartir en LinkedIn\" href='https:\/\/linkedin.com\/shareArticle?mini=true&#038;title=Fundaci%C3%B3n%20Integra%20invita%20a%20postular%20v%C3%ADa%20online%20a%20jardines%20infantiles%20en%20la%20regi%C3%B3n%20de%20Ays%C3%A9n&#038;url=https:\/\/radiorevelacionfm.cl\/?p=2012' aria-hidden='false' data-av_icon='\ue8fc' data-av_iconfont='entypo-fontello' title='' data-avia-related-tooltip='Compartir en LinkedIn' rel=\"noopener\"><span class='avia_hidden_link_text'>Compartir en LinkedIn<\/span><\/a><\/li><li class='av-share-link av-social-link-mail' ><a  aria-label=\"Compartir por correo\" href='mailto:?subject=Fundaci%C3%B3n%20Integra%20invita%20a%20postular%20v%C3%ADa%20online%20a%20jardines%20infantiles%20en%20la%20regi%C3%B3n%20de%20Ays%C3%A9n&#038;body=https:\/\/radiorevelacionfm.cl\/?p=2012' aria-hidden='false' data-av_icon='\ue805' data-av_iconfont='entypo-fontello' title='' data-avia-related-tooltip='Compartir por correo'><span class='avia_hidden_link_text'>Compartir por correo<\/span><\/a><\/li><\/ul><\/div><\/div>\n<div  style='height:50px' class='hr hr-invisible   avia-builder-el-8  el_after_av_social_share  el_before_av_comments_list '><span class='hr-inner ' ><span class='hr-inner-style'><\/span><\/span><\/div>\n<div  class='av-buildercomment  av-blog-meta-html-info-disabled av-blog-meta-tag-disabled  '><\/div>\n","protected":false},"excerpt":{"rendered":"","protected":false},"author":1,"featured_media":0,"comment_status":"open","ping_status":"open","sticky":false,"template":"","format":"standard","meta":{"footnotes":""},"categories":[49],"tags":[],"class_list":["post-2012","post","type-post","status-publish","format-standard","hentry","category-educacion"],"jetpack_featured_media_url":"","_links":{"self":[{"href":"https:\/\/radiorevelacionfm.cl\/index.php?rest_route=\/wp\/v2\/posts\/2012","targetHints":{"allow":["GET"]}}],"collection":[{"href":"https:\/\/radiorevelacionfm.cl\/index.php?rest_route=\/wp\/v2\/posts"}],"about":[{"href":"https:\/\/radiorevelacionfm.cl\/index.php?rest_route=\/wp\/v2\/types\/post"}],"author":[{"embeddable":true,"href":"https:\/\/radiorevelacionfm.cl\/index.php?rest_route=\/wp\/v2\/users\/1"}],"replies":[{"embeddable":true,"href":"https:\/\/radiorevelacionfm.cl\/index.php?rest_route=%2Fwp%2Fv2%2Fcomments&post=2012"}],"version-history":[{"count":1,"href":"https:\/\/radiorevelacionfm.cl\/index.php?rest_route=\/wp\/v2\/posts\/2012\/revisions"}],"predecessor-version":[{"id":2014,"href":"https:\/\/radiorevelacionfm.cl\/index.php?rest_route=\/wp\/v2\/posts\/2012\/revisions\/2014"}],"wp:attachment":[{"href":"https:\/\/radiorevelacionfm.cl\/index.php?rest_route=%2Fwp%2Fv2%2Fmedia&parent=2012"}],"wp:term":[{"taxonomy":"category","embeddable":true,"href":"https:\/\/radiorevelacionfm.cl\/index.php?rest_route=%2Fwp%2Fv2%2Fcategories&post=2012"},{"taxonomy":"post_tag","embeddable":true,"href":"https:\/\/radiorevelacionfm.cl\/index.php?rest_route=%2Fwp%2Fv2%2Ftags&post=2012"}],"curies":[{"name":"wp","href":"https:\/\/api.w.org\/{rel}","templated":true}]}}