{"id":20114,"date":"2022-08-05T15:57:23","date_gmt":"2022-08-05T18:57:23","guid":{"rendered":"https:\/\/radiorevelacionfm.cl\/?p=20114"},"modified":"2022-08-05T15:57:23","modified_gmt":"2022-08-05T18:57:23","slug":"seremi-de-gobierno-releva-plan-de-inversion-chile-apoya-a-tu-comuna","status":"publish","type":"post","link":"https:\/\/radiorevelacionfm.cl\/?p=20114","title":{"rendered":"Seremi de Gobierno releva plan de inversi\u00f3n \u00abChile Apoya a tu comuna\u00bb"},"content":{"rendered":"<div class=\"flex_column av_one_full  flex_column_div av-zero-column-padding first  avia-builder-el-0  el_before_av_one_full  avia-builder-el-first  \" style='border-radius:0px; '><div  class='avia-image-container  av-styling-    avia-builder-el-1  avia-builder-el-no-sibling  avia-align-center '  itemprop=\"image\" itemscope=\"itemscope\" itemtype=\"https:\/\/schema.org\/ImageObject\"  ><div class='avia-image-container-inner'><div class='avia-image-overlay-wrap'><img decoding=\"async\" class='wp-image-20115 avia-img-lazy-loading-not-20115 avia_image' src=\"https:\/\/radiorevelacionfm.cl\/wp-content\/uploads\/2022\/08\/Seremi-de-Gobierno-2-1-1.jpeg\" alt='' title='Seremi de Gobierno 2 (1) (1)' height=\"600\" width=\"898\"  itemprop=\"thumbnailUrl\" srcset=\"https:\/\/radiorevelacionfm.cl\/wp-content\/uploads\/2022\/08\/Seremi-de-Gobierno-2-1-1.jpeg 898w, https:\/\/radiorevelacionfm.cl\/wp-content\/uploads\/2022\/08\/Seremi-de-Gobierno-2-1-1-300x200.jpeg 300w, https:\/\/radiorevelacionfm.cl\/wp-content\/uploads\/2022\/08\/Seremi-de-Gobierno-2-1-1-768x513.jpeg 768w, https:\/\/radiorevelacionfm.cl\/wp-content\/uploads\/2022\/08\/Seremi-de-Gobierno-2-1-1-705x471.jpeg 705w, https:\/\/radiorevelacionfm.cl\/wp-content\/uploads\/2022\/08\/Seremi-de-Gobierno-2-1-1-600x401.jpeg 600w\" sizes=\"(max-width: 898px) 100vw, 898px\" \/><\/div><\/div><\/div><\/div><div class=\"flex_column av_one_full  flex_column_div av-zero-column-padding first  avia-builder-el-2  el_after_av_one_full  el_before_av_one_full  column-top-margin\" style='border-radius:0px; '><section class=\"av_textblock_section \"  itemscope=\"itemscope\" itemtype=\"https:\/\/schema.org\/BlogPosting\" itemprop=\"blogPost\" ><div class='avia_textblock  '   itemprop=\"text\" ><p style=\"text-align: center;\"><strong><span style=\"font-size: 18pt;\">Seremi de Gobierno releva plan de inversi\u00f3n \u00abChile Apoya a tu comuna\u00bb<\/span><\/strong><\/p>\n<div id=\"gtx-trans\" style=\"position: absolute; left: -50px; top: 4.31534px;\">\n<div class=\"gtx-trans-icon\"><\/div>\n<\/div>\n<\/div><\/section><\/div><div class=\"flex_column av_one_full  flex_column_div av-zero-column-padding first  avia-builder-el-4  el_after_av_one_full  el_before_av_hr  column-top-margin\" style='border-radius:0px; '><section class=\"av_textblock_section \"  itemscope=\"itemscope\" itemtype=\"https:\/\/schema.org\/BlogPosting\" itemprop=\"blogPost\" ><div class='avia_textblock  '   itemprop=\"text\" ><p class=\"v1MsoNormal\" style=\"text-align: justify;\">El Presidente de la Rep\u00fablica, Gabriel Boric, anunci\u00f3 este jueves el plan \u00abChile Apoya tu comuna\u00bb, que beneficiar\u00e1 unos 627 proyectos, de 226 comunas de todas las regiones del pa\u00eds con recursos que llegan a cerca de 65 mil millones de pesos. Al respecto, la Seremi de Gobierno Tatiana Pl\u00e1 \u00c1lvarez valor\u00f3 la iniciativa se\u00f1alando que as\u00ed se podr\u00e1n solucionar problemas estructurales, de seguridad p\u00fablica y a la vez generar nueva mano de obra.<\/p>\n<p class=\"v1MsoNormal\" style=\"text-align: justify;\">\u00abUno de los compromisos primordiales de nuestro gobierno es trabajar por mejorar la calidad de vida de todos los habitantes de nuestro pa\u00eds, es por eso que se anunci\u00f3 esta medida, que permitir\u00e1 el financiamiento de distintas medidas concretas dirigidas a\u00a0 beneficios para la ciudadan\u00eda, como el derecho al agua, m\u00e1s seguridad, mejoramiento de espacios p\u00fablicos, m\u00e1s dignidad, entre otros\u00bb, explic\u00f3 la vocera.<\/p>\n<p class=\"v1MsoNormal\" style=\"text-align: justify;\">\u00abLos proyectos financiados corresponden principalmente a luminarias, agua potable, arreglo de veredas y calles, infraestructura deportiva, mejoramiento de espacios p\u00fablicos, obras de alcantarillado y aguas servidas. En definitiva, se trata de obras que buscan mejorar la calidad de los habitantes del territorio y reactivar la econom\u00eda local a trav\u00e9s de la generaci\u00f3n de mano de obra\u00bb, a\u00f1adi\u00f3.<\/p>\n<p class=\"v1MsoNormal\" style=\"text-align: justify;\">La vocera agreg\u00f3 que a nivel nacional, las regiones m\u00e1s beneficiadas fueron la Araucan\u00eda, y Metropolitana, con 11.760 millones y 10.997 respectivamente, Valpara\u00edso y Biob\u00edo, precisando que el 64% de la inversi\u00f3n se realiz\u00f3 en comunas rurales y mixtas, y s\u00f3lo un 36% en comunas urbanas. En el caso de la regi\u00f3n de Ays\u00e9n, el monto destinado es de $495.691.886 a trav\u00e9s de los programas Plan de Mejoramiento Urbano ($442.925.153) Plan de Mejoramiento de Barrios ($52.766.733), ambos de Subdere.<\/p>\n<p class=\"v1MsoNormal\" style=\"text-align: justify;\">\u00abEste plan tiene cuatro objetivos espec\u00edficos: Aumentar la seguridad, hacer frente al alza creciente del costo de la vida, apoyar a quienes han salido del mercado laboral e impulsar la generaci\u00f3n de empleo y las ayudas para los sectores que han quedado rezagados en la econom\u00eda\u00bb, a\u00f1adi\u00f3 la Seremi.<\/p>\n<p class=\"v1MsoNormal\" style=\"text-align: justify;\">\u00abComo Gobierno estamos en terreno, junto a las comunidades de base y a las autoridades locales, escuchando sus principales necesidades y anhelos, y trabajando para mejorar las condiciones de vida de las familias de Chile\u00bb, concluy\u00f3.<\/p>\n<div style=\"text-align: justify;\"><\/div>\n<\/div><\/section><\/div><div  style='height:50px' class='hr hr-invisible   avia-builder-el-6  el_after_av_one_full  el_before_av_social_share '><span class='hr-inner ' ><span class='hr-inner-style'><\/span><\/span><\/div><\/p>\n<div  class='av-social-sharing-box  avia-builder-el-7  el_after_av_hr  el_before_av_hr  '><div class='av-share-box'><h5 class='av-share-link-description av-no-toc '>Compartir esta noticia<\/h5><ul class='av-share-box-list noLightbox'><li class='av-share-link av-social-link-facebook' ><a target=\"_blank\" aria-label=\"Compartir en Facebook\" href='https:\/\/www.facebook.com\/sharer.php?u=https:\/\/radiorevelacionfm.cl\/?p=20114&#038;t=Seremi%20de%20Gobierno%20releva%20plan%20de%20inversi%C3%B3n%20%C2%ABChile%20Apoya%20a%20tu%20comuna%C2%BB' aria-hidden='false' data-av_icon='\ue8f3' data-av_iconfont='entypo-fontello' title='' data-avia-related-tooltip='Compartir en Facebook' rel=\"noopener\"><span class='avia_hidden_link_text'>Compartir en Facebook<\/span><\/a><\/li><li class='av-share-link av-social-link-twitter' ><a target=\"_blank\" aria-label=\"Compartir en Twitter\" href='https:\/\/twitter.com\/share?text=Seremi%20de%20Gobierno%20releva%20plan%20de%20inversi%C3%B3n%20%C2%ABChile%20Apoya%20a%20tu%20comuna%C2%BB&#038;url=https:\/\/radiorevelacionfm.cl\/?p=20114' aria-hidden='false' data-av_icon='\ue8f1' data-av_iconfont='entypo-fontello' title='' data-avia-related-tooltip='Compartir en Twitter' rel=\"noopener\"><span class='avia_hidden_link_text'>Compartir en Twitter<\/span><\/a><\/li><li class='av-share-link av-social-link-whatsapp' ><a target=\"_blank\" aria-label=\"Compartir en Whatsapp\" href='https:\/\/api.whatsapp.com\/send?text=https:\/\/radiorevelacionfm.cl\/?p=20114' aria-hidden='false' data-av_icon='\uf232' data-av_iconfont='entypo-fontello' title='' data-avia-related-tooltip='Compartir en Whatsapp' rel=\"noopener\"><span class='avia_hidden_link_text'>Compartir en Whatsapp<\/span><\/a><\/li><li class='av-share-link av-social-link-linkedin' ><a target=\"_blank\" aria-label=\"Compartir en LinkedIn\" href='https:\/\/linkedin.com\/shareArticle?mini=true&#038;title=Seremi%20de%20Gobierno%20releva%20plan%20de%20inversi%C3%B3n%20%C2%ABChile%20Apoya%20a%20tu%20comuna%C2%BB&#038;url=https:\/\/radiorevelacionfm.cl\/?p=20114' aria-hidden='false' data-av_icon='\ue8fc' data-av_iconfont='entypo-fontello' title='' data-avia-related-tooltip='Compartir en LinkedIn' rel=\"noopener\"><span class='avia_hidden_link_text'>Compartir en LinkedIn<\/span><\/a><\/li><li class='av-share-link av-social-link-mail' ><a  aria-label=\"Compartir por correo\" href='mailto:?subject=Seremi%20de%20Gobierno%20releva%20plan%20de%20inversi%C3%B3n%20%C2%ABChile%20Apoya%20a%20tu%20comuna%C2%BB&#038;body=https:\/\/radiorevelacionfm.cl\/?p=20114' aria-hidden='false' data-av_icon='\ue805' data-av_iconfont='entypo-fontello' title='' data-avia-related-tooltip='Compartir por correo'><span class='avia_hidden_link_text'>Compartir por correo<\/span><\/a><\/li><\/ul><\/div><\/div>\n<div  style='height:50px' class='hr hr-invisible   avia-builder-el-8  el_after_av_social_share  el_before_av_comments_list '><span class='hr-inner ' ><span class='hr-inner-style'><\/span><\/span><\/div>\n<div  class='av-buildercomment  av-blog-meta-html-info-disabled av-blog-meta-tag-disabled  '><\/div>\n","protected":false},"excerpt":{"rendered":"","protected":false},"author":1,"featured_media":20115,"comment_status":"open","ping_status":"open","sticky":false,"template":"","format":"standard","meta":{"footnotes":""},"categories":[38],"tags":[],"class_list":["post-20114","post","type-post","status-publish","format-standard","has-post-thumbnail","hentry","category-regional"],"jetpack_featured_media_url":"https:\/\/radiorevelacionfm.cl\/wp-content\/uploads\/2022\/08\/Seremi-de-Gobierno-2-1-1.jpeg","_links":{"self":[{"href":"https:\/\/radiorevelacionfm.cl\/index.php?rest_route=\/wp\/v2\/posts\/20114","targetHints":{"allow":["GET"]}}],"collection":[{"href":"https:\/\/radiorevelacionfm.cl\/index.php?rest_route=\/wp\/v2\/posts"}],"about":[{"href":"https:\/\/radiorevelacionfm.cl\/index.php?rest_route=\/wp\/v2\/types\/post"}],"author":[{"embeddable":true,"href":"https:\/\/radiorevelacionfm.cl\/index.php?rest_route=\/wp\/v2\/users\/1"}],"replies":[{"embeddable":true,"href":"https:\/\/radiorevelacionfm.cl\/index.php?rest_route=%2Fwp%2Fv2%2Fcomments&post=20114"}],"version-history":[{"count":2,"href":"https:\/\/radiorevelacionfm.cl\/index.php?rest_route=\/wp\/v2\/posts\/20114\/revisions"}],"predecessor-version":[{"id":20117,"href":"https:\/\/radiorevelacionfm.cl\/index.php?rest_route=\/wp\/v2\/posts\/20114\/revisions\/20117"}],"wp:featuredmedia":[{"embeddable":true,"href":"https:\/\/radiorevelacionfm.cl\/index.php?rest_route=\/wp\/v2\/media\/20115"}],"wp:attachment":[{"href":"https:\/\/radiorevelacionfm.cl\/index.php?rest_route=%2Fwp%2Fv2%2Fmedia&parent=20114"}],"wp:term":[{"taxonomy":"category","embeddable":true,"href":"https:\/\/radiorevelacionfm.cl\/index.php?rest_route=%2Fwp%2Fv2%2Fcategories&post=20114"},{"taxonomy":"post_tag","embeddable":true,"href":"https:\/\/radiorevelacionfm.cl\/index.php?rest_route=%2Fwp%2Fv2%2Ftags&post=20114"}],"curies":[{"name":"wp","href":"https:\/\/api.w.org\/{rel}","templated":true}]}}