{"id":20110,"date":"2022-08-05T16:03:24","date_gmt":"2022-08-05T19:03:24","guid":{"rendered":"https:\/\/radiorevelacionfm.cl\/?p=20110"},"modified":"2022-08-05T17:21:49","modified_gmt":"2022-08-05T20:21:49","slug":"inauguran-call-center-que-busca-disminuir-filas-matinales-en-los-consultorios-de-coyhaique","status":"publish","type":"post","link":"https:\/\/radiorevelacionfm.cl\/?p=20110","title":{"rendered":"Inauguran Call Center que busca disminuir filas matinales en los consultorios de Coyhaique"},"content":{"rendered":"<div class=\"flex_column av_one_full  flex_column_div av-zero-column-padding first  avia-builder-el-0  el_before_av_one_full  avia-builder-el-first  \" style='border-radius:0px; '><div  class='avia-image-container  av-styling-    avia-builder-el-1  avia-builder-el-no-sibling  avia-align-center '  itemprop=\"image\" itemscope=\"itemscope\" itemtype=\"https:\/\/schema.org\/ImageObject\"  ><div class='avia-image-container-inner'><div class='avia-image-overlay-wrap'><img decoding=\"async\" class='wp-image-20111 avia-img-lazy-loading-not-20111 avia_image' src=\"https:\/\/radiorevelacionfm.cl\/wp-content\/uploads\/2022\/08\/inauguraciOn-call-center-1-1-1_optimized-1_optimized.jpg\" alt='' title='inauguraci\u00d3n-call-center-(1)-(1)-(1)_optimized-(1)_optimized' height=\"600\" width=\"900\"  itemprop=\"thumbnailUrl\" srcset=\"https:\/\/radiorevelacionfm.cl\/wp-content\/uploads\/2022\/08\/inauguraciOn-call-center-1-1-1_optimized-1_optimized.jpg 900w, https:\/\/radiorevelacionfm.cl\/wp-content\/uploads\/2022\/08\/inauguraciOn-call-center-1-1-1_optimized-1_optimized-300x200.jpg 300w, https:\/\/radiorevelacionfm.cl\/wp-content\/uploads\/2022\/08\/inauguraciOn-call-center-1-1-1_optimized-1_optimized-768x512.jpg 768w, https:\/\/radiorevelacionfm.cl\/wp-content\/uploads\/2022\/08\/inauguraciOn-call-center-1-1-1_optimized-1_optimized-705x470.jpg 705w, https:\/\/radiorevelacionfm.cl\/wp-content\/uploads\/2022\/08\/inauguraciOn-call-center-1-1-1_optimized-1_optimized-600x400.jpg 600w\" sizes=\"(max-width: 900px) 100vw, 900px\" \/><\/div><\/div><\/div><\/div><div class=\"flex_column av_one_full  flex_column_div av-zero-column-padding first  avia-builder-el-2  el_after_av_one_full  el_before_av_one_full  column-top-margin\" style='border-radius:0px; '><section class=\"av_textblock_section \"  itemscope=\"itemscope\" itemtype=\"https:\/\/schema.org\/BlogPosting\" itemprop=\"blogPost\" ><div class='avia_textblock  '   itemprop=\"text\" ><p style=\"text-align: center;\"><span style=\"font-size: 18pt;\"><b>Inauguran Call Center que busca disminuir filas matinales en los consultorios de Coyhaique<\/b><\/span><\/p>\n<div id=\"gtx-trans\" style=\"position: absolute; left: -50px; top: 4.31534px;\">\n<div class=\"gtx-trans-icon\"><\/div>\n<\/div>\n<\/div><\/section><\/div><div class=\"flex_column av_one_full  flex_column_div av-zero-column-padding first  avia-builder-el-4  el_after_av_one_full  el_before_av_hr  column-top-margin\" style='border-radius:0px; '><section class=\"av_textblock_section \"  itemscope=\"itemscope\" itemtype=\"https:\/\/schema.org\/BlogPosting\" itemprop=\"blogPost\" ><div class='avia_textblock  '   itemprop=\"text\" ><p style=\"font-weight: 400; text-align: justify;\">Cuatro agentes y un supervisor es el recurso humano con el que cuenta la nueva l\u00ednea 800 670 500, una estrategia del Servicio de Salud Ays\u00e9n (SSA), que busca disminuir las filas matinales en los consultorios V\u00edctor Domingo Silva y Alejandro Guti\u00e9rrez de Coyhaique.<\/p>\n<p style=\"font-weight: 400; text-align: justify;\">Tras intensas tratativas y un trabajo coordinado con la sociedad civil y el intra sector, se logr\u00f3 poner a disposici\u00f3n de la comunidad la l\u00ednea 800 de car\u00e1cter gratuito y que busca brindar una atenci\u00f3n en l\u00ednea para agendar horas m\u00e9dicas de morbilidad. Todo esto con el fin de avanzar en el acceso y oportunidad a la salud, de quienes se atienden en los dos CESFAM de Coyhaique. \u201cSiempre ha estado instalada la problem\u00e1tica del acceso a la atenci\u00f3n y las largas filas afuera de los consultorios, sumado al fr\u00edo de la regi\u00f3n, sobre todo en los periodos de invierno. Por lo tanto, esta es una medida que nos permite avanzar hacia la construcci\u00f3n de una salud mucho m\u00e1s digna y expedita, m\u00e1s equitativa y que va en l\u00ednea con lo que nuestro gobierno nos mandata\u201d, se\u00f1al\u00f3 Carmen Gloria Monsalve, Seremi de Salud Ays\u00e9n.<\/p>\n<p style=\"font-weight: 400; text-align: justify;\">Mientras Gabriel Burgos, director del Servicio de Salud Ays\u00e9n (SSA), agreg\u00f3 que \u201clos equipos t\u00e9cnicos se volcaron para poder dar una soluci\u00f3n, desde el lugar, el contrato, las personas que estar\u00e1n apoyando y los m\u00e9dicos para implementar un refuerzo con las horas m\u00e9dicas, para que las personas llamen y puedan tener su atenci\u00f3n de salud en estos consultorios. Ha sido un trabajo muy importante que culmina y da comienzo a este otro trabajo para que las personas puedan llamar al Call Center para poder tener la consulta de morbilidad que buscan en las ma\u00f1anas\u201d.<\/p>\n<p style=\"font-weight: 400; text-align: justify;\">La participaci\u00f3n e inclusi\u00f3n de la sociedad civil, en los asuntos p\u00fablicos, es un elemento fundamental para fortalecer la gobernanza y de esta manera incidir en el acercamiento de las organizaciones a las entidades p\u00fablicas, enriqueciendo de esta manera la democracia. \u201cLa gente en el tiempo de invierno sufr\u00eda mucho con el tema del fr\u00edo, las colas y esto es algo buen\u00edsimo, para los sectores rurales como donde vivi\u00f3 de llamar y tener las horas, no tener que hacer infinitas colas y tener que venirse sumamente temprano, esto va a descongestionar al hospital y los consultorios, porque la gente llegaba a las seis de la ma\u00f1ana. Esto ha sido genial que se haya logrado y se est\u00e9 ejecutando, porque realmente era una necesidad\u201d, precis\u00f3 Jennie V\u00e1squez, presidenta del COSOC del SSA.<\/p>\n<p style=\"font-weight: 400; text-align: justify;\">Detr\u00e1s de soluciones como estas, adem\u00e1s de haber un compromiso t\u00e9cnico y humano, existe la voluntad pol\u00edtica expresada por este Gobierno para acercar las prestaciones de salud a la comunidad.<\/p>\n<p style=\"font-weight: 400; text-align: justify;\">Lorena Guerrero, Directora de Atenci\u00f3n Primaria dijo que \u201cesperamos que con esta estrategia que se inicia podamos ir disminuyendo las filas en los consultorios y dar las gracias que pudimos concretar esta primera acci\u00f3n de telefon\u00eda virtual para que las personas puedan agendar sus horas a trav\u00e9s de este n\u00famero que estar\u00e1 disponible para la comunidad y decirles que hagan buen uso de esta estrategia\u201d, remat\u00f3.<\/p>\n<\/div><\/section><\/div><div  style='height:50px' class='hr hr-invisible   avia-builder-el-6  el_after_av_one_full  el_before_av_social_share '><span class='hr-inner ' ><span class='hr-inner-style'><\/span><\/span><\/div><\/p>\n<div  class='av-social-sharing-box  avia-builder-el-7  el_after_av_hr  el_before_av_hr  '><div class='av-share-box'><h5 class='av-share-link-description av-no-toc '>Compartir esta noticia<\/h5><ul class='av-share-box-list noLightbox'><li class='av-share-link av-social-link-facebook' ><a target=\"_blank\" aria-label=\"Compartir en Facebook\" href='https:\/\/www.facebook.com\/sharer.php?u=https:\/\/radiorevelacionfm.cl\/?p=20110&#038;t=Inauguran%20Call%20Center%20que%20busca%20disminuir%20filas%20matinales%20en%20los%20consultorios%20de%20Coyhaique' aria-hidden='false' data-av_icon='\ue8f3' data-av_iconfont='entypo-fontello' title='' data-avia-related-tooltip='Compartir en Facebook' rel=\"noopener\"><span class='avia_hidden_link_text'>Compartir en Facebook<\/span><\/a><\/li><li class='av-share-link av-social-link-twitter' ><a target=\"_blank\" aria-label=\"Compartir en Twitter\" href='https:\/\/twitter.com\/share?text=Inauguran%20Call%20Center%20que%20busca%20disminuir%20filas%20matinales%20en%20los%20consultorios%20de%20Coyhaique&#038;url=https:\/\/radiorevelacionfm.cl\/?p=20110' aria-hidden='false' data-av_icon='\ue8f1' data-av_iconfont='entypo-fontello' title='' data-avia-related-tooltip='Compartir en Twitter' rel=\"noopener\"><span class='avia_hidden_link_text'>Compartir en Twitter<\/span><\/a><\/li><li class='av-share-link av-social-link-whatsapp' ><a target=\"_blank\" aria-label=\"Compartir en Whatsapp\" href='https:\/\/api.whatsapp.com\/send?text=https:\/\/radiorevelacionfm.cl\/?p=20110' aria-hidden='false' data-av_icon='\uf232' data-av_iconfont='entypo-fontello' title='' data-avia-related-tooltip='Compartir en Whatsapp' rel=\"noopener\"><span class='avia_hidden_link_text'>Compartir en Whatsapp<\/span><\/a><\/li><li class='av-share-link av-social-link-linkedin' ><a target=\"_blank\" aria-label=\"Compartir en LinkedIn\" href='https:\/\/linkedin.com\/shareArticle?mini=true&#038;title=Inauguran%20Call%20Center%20que%20busca%20disminuir%20filas%20matinales%20en%20los%20consultorios%20de%20Coyhaique&#038;url=https:\/\/radiorevelacionfm.cl\/?p=20110' aria-hidden='false' data-av_icon='\ue8fc' data-av_iconfont='entypo-fontello' title='' data-avia-related-tooltip='Compartir en LinkedIn' rel=\"noopener\"><span class='avia_hidden_link_text'>Compartir en LinkedIn<\/span><\/a><\/li><li class='av-share-link av-social-link-mail' ><a  aria-label=\"Compartir por correo\" href='mailto:?subject=Inauguran%20Call%20Center%20que%20busca%20disminuir%20filas%20matinales%20en%20los%20consultorios%20de%20Coyhaique&#038;body=https:\/\/radiorevelacionfm.cl\/?p=20110' aria-hidden='false' data-av_icon='\ue805' data-av_iconfont='entypo-fontello' title='' data-avia-related-tooltip='Compartir por correo'><span class='avia_hidden_link_text'>Compartir por correo<\/span><\/a><\/li><\/ul><\/div><\/div>\n<div  style='height:50px' class='hr hr-invisible   avia-builder-el-8  el_after_av_social_share  el_before_av_comments_list '><span class='hr-inner ' ><span class='hr-inner-style'><\/span><\/span><\/div>\n<div  class='av-buildercomment  av-blog-meta-html-info-disabled av-blog-meta-tag-disabled  '><\/div>\n","protected":false},"excerpt":{"rendered":"","protected":false},"author":1,"featured_media":20111,"comment_status":"open","ping_status":"open","sticky":false,"template":"","format":"standard","meta":{"footnotes":""},"categories":[46],"tags":[],"class_list":["post-20110","post","type-post","status-publish","format-standard","has-post-thumbnail","hentry","category-salud"],"jetpack_featured_media_url":"https:\/\/radiorevelacionfm.cl\/wp-content\/uploads\/2022\/08\/inauguraciOn-call-center-1-1-1_optimized-1_optimized.jpg","_links":{"self":[{"href":"https:\/\/radiorevelacionfm.cl\/index.php?rest_route=\/wp\/v2\/posts\/20110","targetHints":{"allow":["GET"]}}],"collection":[{"href":"https:\/\/radiorevelacionfm.cl\/index.php?rest_route=\/wp\/v2\/posts"}],"about":[{"href":"https:\/\/radiorevelacionfm.cl\/index.php?rest_route=\/wp\/v2\/types\/post"}],"author":[{"embeddable":true,"href":"https:\/\/radiorevelacionfm.cl\/index.php?rest_route=\/wp\/v2\/users\/1"}],"replies":[{"embeddable":true,"href":"https:\/\/radiorevelacionfm.cl\/index.php?rest_route=%2Fwp%2Fv2%2Fcomments&post=20110"}],"version-history":[{"count":2,"href":"https:\/\/radiorevelacionfm.cl\/index.php?rest_route=\/wp\/v2\/posts\/20110\/revisions"}],"predecessor-version":[{"id":20118,"href":"https:\/\/radiorevelacionfm.cl\/index.php?rest_route=\/wp\/v2\/posts\/20110\/revisions\/20118"}],"wp:featuredmedia":[{"embeddable":true,"href":"https:\/\/radiorevelacionfm.cl\/index.php?rest_route=\/wp\/v2\/media\/20111"}],"wp:attachment":[{"href":"https:\/\/radiorevelacionfm.cl\/index.php?rest_route=%2Fwp%2Fv2%2Fmedia&parent=20110"}],"wp:term":[{"taxonomy":"category","embeddable":true,"href":"https:\/\/radiorevelacionfm.cl\/index.php?rest_route=%2Fwp%2Fv2%2Fcategories&post=20110"},{"taxonomy":"post_tag","embeddable":true,"href":"https:\/\/radiorevelacionfm.cl\/index.php?rest_route=%2Fwp%2Fv2%2Ftags&post=20110"}],"curies":[{"name":"wp","href":"https:\/\/api.w.org\/{rel}","templated":true}]}}