{"id":20106,"date":"2022-08-05T15:24:45","date_gmt":"2022-08-05T18:24:45","guid":{"rendered":"https:\/\/radiorevelacionfm.cl\/?p=20106"},"modified":"2022-08-05T15:24:45","modified_gmt":"2022-08-05T18:24:45","slug":"junaeb-establece-acuerdo-con-federaciones-de-manipuladoras-de-alimentos","status":"publish","type":"post","link":"https:\/\/radiorevelacionfm.cl\/?p=20106","title":{"rendered":"Junaeb establece acuerdo con Federaciones de manipuladoras de alimentos"},"content":{"rendered":"<div class=\"flex_column av_one_full  flex_column_div av-zero-column-padding first  avia-builder-el-0  el_before_av_one_full  avia-builder-el-first  \" style='border-radius:0px; '><div  class='avia-image-container  av-styling-    avia-builder-el-1  avia-builder-el-no-sibling  avia-align-center '  itemprop=\"image\" itemscope=\"itemscope\" itemtype=\"https:\/\/schema.org\/ImageObject\"  ><div class='avia-image-container-inner'><div class='avia-image-overlay-wrap'><img decoding=\"async\" class='wp-image-20107 avia-img-lazy-loading-not-20107 avia_image' src=\"https:\/\/radiorevelacionfm.cl\/wp-content\/uploads\/2022\/08\/Manipuladoras-de-Alimentos-1.jpg\" alt='' title='Manipuladoras de Alimentos (1)' height=\"600\" width=\"900\"  itemprop=\"thumbnailUrl\" srcset=\"https:\/\/radiorevelacionfm.cl\/wp-content\/uploads\/2022\/08\/Manipuladoras-de-Alimentos-1.jpg 900w, https:\/\/radiorevelacionfm.cl\/wp-content\/uploads\/2022\/08\/Manipuladoras-de-Alimentos-1-300x200.jpg 300w, https:\/\/radiorevelacionfm.cl\/wp-content\/uploads\/2022\/08\/Manipuladoras-de-Alimentos-1-768x512.jpg 768w, https:\/\/radiorevelacionfm.cl\/wp-content\/uploads\/2022\/08\/Manipuladoras-de-Alimentos-1-705x470.jpg 705w, https:\/\/radiorevelacionfm.cl\/wp-content\/uploads\/2022\/08\/Manipuladoras-de-Alimentos-1-600x400.jpg 600w\" sizes=\"(max-width: 900px) 100vw, 900px\" \/><\/div><\/div><\/div><\/div><div class=\"flex_column av_one_full  flex_column_div av-zero-column-padding first  avia-builder-el-2  el_after_av_one_full  el_before_av_one_full  column-top-margin\" style='border-radius:0px; '><section class=\"av_textblock_section \"  itemscope=\"itemscope\" itemtype=\"https:\/\/schema.org\/BlogPosting\" itemprop=\"blogPost\" ><div class='avia_textblock  '   itemprop=\"text\" ><p style=\"text-align: center;\"><span style=\"font-size: 18pt;\"><b>Junaeb establece acuerdo con Federaciones de manipuladoras de alimentos<\/b><\/span><\/p>\n<div id=\"gtx-trans\" style=\"position: absolute; left: -50px; top: 4.31534px;\">\n<div class=\"gtx-trans-icon\"><\/div>\n<\/div>\n<\/div><\/section><\/div><div class=\"flex_column av_one_full  flex_column_div av-zero-column-padding first  avia-builder-el-4  el_after_av_one_full  el_before_av_hr  column-top-margin\" style='border-radius:0px; '><section class=\"av_textblock_section \"  itemscope=\"itemscope\" itemtype=\"https:\/\/schema.org\/BlogPosting\" itemprop=\"blogPost\" ><div class='avia_textblock  '   itemprop=\"text\" ><p class=\"m_-8844669743541429786paragraph\" style=\"text-align: justify;\">En dependencias de la Direcci\u00f3n Nacional de Junaeb se realiz\u00f3 una nueva reuni\u00f3n de trabajo de la mesa tripartita donde participaron federaciones y asociaciones de manipuladoras de alimentos, representantes de la Direcci\u00f3n de Junaeb y de empresas proveedoras de Programa de Alimentaci\u00f3n Escolar, de los tres contratos de concesi\u00f3n vigentes; instancia que comenz\u00f3 a operar durante el mes de abril del presente a\u00f1o, una vez que asumieron las nuevas autoridades de gobierno y que tiene como objetivo generar espacios de di\u00e1logo y trabajo conjunto, a fin de mantener una comunicaci\u00f3n permanente en miras al fortalecimiento del Programa de Alimentaci\u00f3n Escolar.<u><\/u><u><\/u><\/p>\n<p class=\"m_-8844669743541429786paragraph\" style=\"text-align: justify;\"><u><\/u>La reuni\u00f3n tuvo como prioridad revisar tem\u00e1ticas de relevancia, tanto para las trabajadoras como para Junaeb y establecer ciertos acuerdos que permitir\u00e1n avanzar en la mejora de las condiciones de trabajo de las m\u00e1s de 36 mil manipuladoras de todo el pa\u00eds.<u><\/u><u><\/u><\/p>\n<p class=\"m_-8844669743541429786paragraph\" style=\"text-align: justify;\"><u><\/u>Entre los principales acuerdos que quedaron establecidos destaca <span class=\"m_-8844669743541429786normaltextrun\">instaurar una mesa de trabajo para buscar la mejor forma de evaluar las enfermedades musculoesquel\u00e9ticas de origen laboral de las Manipuladoras, lo que se har\u00e1 con las instituciones de salud y seguridad social pertinentes; la creaci\u00f3n de una\u00a0<\/span>mesa de trabajo permanente con JUNJI, INTEGRA y la Subsecretar\u00eda de Educaci\u00f3n Parvularia, para revisar las materias de alimentaci\u00f3n parvularia y regularizar la alimentaci\u00f3n al personal de los jardines infantiles; idear cambios profundos en los procesos de evaluaci\u00f3n del Est\u00e1ndar PAE, (herramienta de control de inocuidad y calidad del proceso de\u00a0 conservaci\u00f3n, traslado y elaboraci\u00f3n de los productos alimenticios); y regulaci\u00f3n de la carga laboral por cada manipuladora, en los respectivos establecimientos a partir del mes de agosto.<u><\/u><u><\/u><\/p>\n<p class=\"m_-8844669743541429786paragraph\" style=\"text-align: justify;\"><u><\/u>Respecto a las movilizaciones llevadas a cabo por parte de otros gremios de manipuladoras, se trata de una situaci\u00f3n particular, con un consorcio espec\u00edfico, referidas principalmente a sus condiciones laborales. Hacemos un llamado a las partes a encontrar una pronta soluci\u00f3n al conflicto. Desde <span class=\"m_-8844669743541429786normaltextrun\"><span lang=\"ES\">Junaeb estamos llanos a colaborar sin perjuicio de que, seguiremos supervisando que se entreguen las raciones establecidas por contrato, y en caso de visibilizar incumplimiento aplicar\u00e1 las multas correspondientes.<\/span><\/span><u><\/u><u><\/u><\/p>\n<p class=\"m_-8844669743541429786paragraph\" style=\"text-align: justify;\"><u><\/u>Como Junaeb valoramos la disposici\u00f3n de todos los participantes de la mesa tripartita porque, facilitaron la conversaci\u00f3n, lo que permiti\u00f3 llegar a importantes acuerdos que no s\u00f3lo beneficiar\u00e1n a las trabajadoras, tambi\u00e9n dar\u00e1n estabilidad al programa, y por sobre todo garantiza la continuidad del servicio a los estudiantes. Nuestro trabajo desde hoy consiste en empezar a avanzar en los puntos que hemos comprometido y hacerlos aplicables a todos los contratos.<\/p>\n<\/div><\/section><\/div><div  style='height:50px' class='hr hr-invisible   avia-builder-el-6  el_after_av_one_full  el_before_av_social_share '><span class='hr-inner ' ><span class='hr-inner-style'><\/span><\/span><\/div><\/p>\n<div  class='av-social-sharing-box  avia-builder-el-7  el_after_av_hr  el_before_av_hr  '><div class='av-share-box'><h5 class='av-share-link-description av-no-toc '>Compartir esta noticia<\/h5><ul class='av-share-box-list noLightbox'><li class='av-share-link av-social-link-facebook' ><a target=\"_blank\" aria-label=\"Compartir en Facebook\" href='https:\/\/www.facebook.com\/sharer.php?u=https:\/\/radiorevelacionfm.cl\/?p=20106&#038;t=Junaeb%20establece%20acuerdo%20con%20Federaciones%20de%20manipuladoras%20de%20alimentos' aria-hidden='false' data-av_icon='\ue8f3' data-av_iconfont='entypo-fontello' title='' data-avia-related-tooltip='Compartir en Facebook' rel=\"noopener\"><span class='avia_hidden_link_text'>Compartir en Facebook<\/span><\/a><\/li><li class='av-share-link av-social-link-twitter' ><a target=\"_blank\" aria-label=\"Compartir en Twitter\" href='https:\/\/twitter.com\/share?text=Junaeb%20establece%20acuerdo%20con%20Federaciones%20de%20manipuladoras%20de%20alimentos&#038;url=https:\/\/radiorevelacionfm.cl\/?p=20106' aria-hidden='false' data-av_icon='\ue8f1' data-av_iconfont='entypo-fontello' title='' data-avia-related-tooltip='Compartir en Twitter' rel=\"noopener\"><span class='avia_hidden_link_text'>Compartir en Twitter<\/span><\/a><\/li><li class='av-share-link av-social-link-whatsapp' ><a target=\"_blank\" aria-label=\"Compartir en Whatsapp\" href='https:\/\/api.whatsapp.com\/send?text=https:\/\/radiorevelacionfm.cl\/?p=20106' aria-hidden='false' data-av_icon='\uf232' data-av_iconfont='entypo-fontello' title='' data-avia-related-tooltip='Compartir en Whatsapp' rel=\"noopener\"><span class='avia_hidden_link_text'>Compartir en Whatsapp<\/span><\/a><\/li><li class='av-share-link av-social-link-linkedin' ><a target=\"_blank\" aria-label=\"Compartir en LinkedIn\" href='https:\/\/linkedin.com\/shareArticle?mini=true&#038;title=Junaeb%20establece%20acuerdo%20con%20Federaciones%20de%20manipuladoras%20de%20alimentos&#038;url=https:\/\/radiorevelacionfm.cl\/?p=20106' aria-hidden='false' data-av_icon='\ue8fc' data-av_iconfont='entypo-fontello' title='' data-avia-related-tooltip='Compartir en LinkedIn' rel=\"noopener\"><span class='avia_hidden_link_text'>Compartir en LinkedIn<\/span><\/a><\/li><li class='av-share-link av-social-link-mail' ><a  aria-label=\"Compartir por correo\" href='mailto:?subject=Junaeb%20establece%20acuerdo%20con%20Federaciones%20de%20manipuladoras%20de%20alimentos&#038;body=https:\/\/radiorevelacionfm.cl\/?p=20106' aria-hidden='false' data-av_icon='\ue805' data-av_iconfont='entypo-fontello' title='' data-avia-related-tooltip='Compartir por correo'><span class='avia_hidden_link_text'>Compartir por correo<\/span><\/a><\/li><\/ul><\/div><\/div>\n<div  style='height:50px' class='hr hr-invisible   avia-builder-el-8  el_after_av_social_share  el_before_av_comments_list '><span class='hr-inner ' ><span class='hr-inner-style'><\/span><\/span><\/div>\n<div  class='av-buildercomment  av-blog-meta-html-info-disabled av-blog-meta-tag-disabled  '><\/div>\n","protected":false},"excerpt":{"rendered":"","protected":false},"author":1,"featured_media":20107,"comment_status":"open","ping_status":"open","sticky":false,"template":"","format":"standard","meta":{"footnotes":""},"categories":[61],"tags":[],"class_list":["post-20106","post","type-post","status-publish","format-standard","has-post-thumbnail","hentry","category-nacional"],"jetpack_featured_media_url":"https:\/\/radiorevelacionfm.cl\/wp-content\/uploads\/2022\/08\/Manipuladoras-de-Alimentos-1.jpg","_links":{"self":[{"href":"https:\/\/radiorevelacionfm.cl\/index.php?rest_route=\/wp\/v2\/posts\/20106","targetHints":{"allow":["GET"]}}],"collection":[{"href":"https:\/\/radiorevelacionfm.cl\/index.php?rest_route=\/wp\/v2\/posts"}],"about":[{"href":"https:\/\/radiorevelacionfm.cl\/index.php?rest_route=\/wp\/v2\/types\/post"}],"author":[{"embeddable":true,"href":"https:\/\/radiorevelacionfm.cl\/index.php?rest_route=\/wp\/v2\/users\/1"}],"replies":[{"embeddable":true,"href":"https:\/\/radiorevelacionfm.cl\/index.php?rest_route=%2Fwp%2Fv2%2Fcomments&post=20106"}],"version-history":[{"count":2,"href":"https:\/\/radiorevelacionfm.cl\/index.php?rest_route=\/wp\/v2\/posts\/20106\/revisions"}],"predecessor-version":[{"id":20109,"href":"https:\/\/radiorevelacionfm.cl\/index.php?rest_route=\/wp\/v2\/posts\/20106\/revisions\/20109"}],"wp:featuredmedia":[{"embeddable":true,"href":"https:\/\/radiorevelacionfm.cl\/index.php?rest_route=\/wp\/v2\/media\/20107"}],"wp:attachment":[{"href":"https:\/\/radiorevelacionfm.cl\/index.php?rest_route=%2Fwp%2Fv2%2Fmedia&parent=20106"}],"wp:term":[{"taxonomy":"category","embeddable":true,"href":"https:\/\/radiorevelacionfm.cl\/index.php?rest_route=%2Fwp%2Fv2%2Fcategories&post=20106"},{"taxonomy":"post_tag","embeddable":true,"href":"https:\/\/radiorevelacionfm.cl\/index.php?rest_route=%2Fwp%2Fv2%2Ftags&post=20106"}],"curies":[{"name":"wp","href":"https:\/\/api.w.org\/{rel}","templated":true}]}}