{"id":20088,"date":"2022-08-05T11:20:35","date_gmt":"2022-08-05T14:20:35","guid":{"rendered":"https:\/\/radiorevelacionfm.cl\/?p=20088"},"modified":"2022-08-05T11:20:35","modified_gmt":"2022-08-05T14:20:35","slug":"presentaran-recurso-de-reposicion-junto-a-pescadores-artesanales-por-modificacion-de-cuota-de-extraccion-de-erizos","status":"publish","type":"post","link":"https:\/\/radiorevelacionfm.cl\/?p=20088","title":{"rendered":"Presentar\u00e1n recurso de reposici\u00f3n junto a pescadores artesanales por modificaci\u00f3n de cuota de extracci\u00f3n de erizos"},"content":{"rendered":"<div class=\"flex_column av_one_full  flex_column_div av-zero-column-padding first  avia-builder-el-0  el_before_av_one_full  avia-builder-el-first  \" style='border-radius:0px; '><div  class='avia-image-container  av-styling-    avia-builder-el-1  avia-builder-el-no-sibling  avia-align-center '  itemprop=\"image\" itemscope=\"itemscope\" itemtype=\"https:\/\/schema.org\/ImageObject\"  ><div class='avia-image-container-inner'><div class='avia-image-overlay-wrap'><img decoding=\"async\" class='wp-image-20089 avia-img-lazy-loading-not-20089 avia_image' src=\"https:\/\/radiorevelacionfm.cl\/wp-content\/uploads\/2022\/08\/20220804_224852-1.jpg\" alt='' title='20220804_224852 (1)' height=\"604\" width=\"1075\"  itemprop=\"thumbnailUrl\" srcset=\"https:\/\/radiorevelacionfm.cl\/wp-content\/uploads\/2022\/08\/20220804_224852-1.jpg 1075w, https:\/\/radiorevelacionfm.cl\/wp-content\/uploads\/2022\/08\/20220804_224852-1-300x169.jpg 300w, https:\/\/radiorevelacionfm.cl\/wp-content\/uploads\/2022\/08\/20220804_224852-1-1030x579.jpg 1030w, https:\/\/radiorevelacionfm.cl\/wp-content\/uploads\/2022\/08\/20220804_224852-1-768x432.jpg 768w, https:\/\/radiorevelacionfm.cl\/wp-content\/uploads\/2022\/08\/20220804_224852-1-705x396.jpg 705w, https:\/\/radiorevelacionfm.cl\/wp-content\/uploads\/2022\/08\/20220804_224852-1-600x337.jpg 600w\" sizes=\"(max-width: 1075px) 100vw, 1075px\" \/><\/div><\/div><\/div><\/div><div class=\"flex_column av_one_full  flex_column_div av-zero-column-padding first  avia-builder-el-2  el_after_av_one_full  el_before_av_one_full  column-top-margin\" style='border-radius:0px; '><section class=\"av_textblock_section \"  itemscope=\"itemscope\" itemtype=\"https:\/\/schema.org\/BlogPosting\" itemprop=\"blogPost\" ><div class='avia_textblock  '   itemprop=\"text\" ><p style=\"text-align: center;\"><strong><span style=\"font-size: 18pt;\">Presentar\u00e1n recurso de reposici\u00f3n junto a pescadores artesanales por modificaci\u00f3n de cuota de extracci\u00f3n de erizos<\/span><\/strong><\/p>\n<div id=\"gtx-trans\" style=\"position: absolute; left: -50px; top: 4.31534px;\">\n<div class=\"gtx-trans-icon\"><\/div>\n<\/div>\n<\/div><\/section><\/div><div class=\"flex_column av_one_full  flex_column_div av-zero-column-padding first  avia-builder-el-4  el_after_av_one_full  el_before_av_hr  column-top-margin\" style='border-radius:0px; '><section class=\"av_textblock_section \"  itemscope=\"itemscope\" itemtype=\"https:\/\/schema.org\/BlogPosting\" itemprop=\"blogPost\" ><div class='avia_textblock  '   itemprop=\"text\" ><p class=\"v1gmail-p3\" style=\"text-align: justify;\">Durante la jornada de esta tarde, la Gobernadora Regional de Ays\u00e9n, Andrea Mac\u00edas Palma, se reuni\u00f3 en las dependencias de la administraci\u00f3n regional con el alcalde de la Municipalidad de Guaitecas, Marcos Silva Miranda, desde donde sostuvieron una conversaci\u00f3n telem\u00e1tica con pescadores artesanales de la Regi\u00f3n de Ays\u00e9n para abordar la baja en la cuota de extracci\u00f3n del erizo, despu\u00e9s de que se conociera la modificaci\u00f3n de la \u00abResoluci\u00f3n Exenta N\u00ba 675\u00bb, del pasado 2 de agosto, firmada por el subsecretario de Pesca y Acuicultura, Julio Salas Guti\u00e9rrez.<\/p>\n<p class=\"v1gmail-p3\" style=\"text-align: justify;\">Durante la reuni\u00f3n se acord\u00f3 que el lunes ser\u00e1 presentado un recurso de reposici\u00f3n en conjunto con los pescadores artesanales para impugnar la resoluci\u00f3n, tr\u00e1mite que tiene un plazo de cinco d\u00edas para poder efectuarse desde que se realiza la notificaci\u00f3n.<\/p>\n<p class=\"v1gmail-p3\" style=\"text-align: justify;\">\u00abNosotros estamos interponiendo\u00a0 una impugnaci\u00f3n de esta resoluci\u00f3n, toda vez que creemos que hay argumentos jur\u00eddicos como para poder se\u00f1alar que no es factible la aplicaci\u00f3n y, por lo tanto, solicitamos que se retrotraiga el proceso. De igual manera, tuvimos la oportunidad de tener una conversaci\u00f3n, mucho m\u00e1s profunda, que tiene que ver finalmente con el desarrollo sustentable de nuestra regi\u00f3n, de nuestras pesquer\u00edas y c\u00f3mo, desde el Gobierno Regional, siempre en un espacio de di\u00e1logo y colaborativo, podemos trabajar en conjunto para avanzar en el fortalecimiento de la pesca artesanal, en el desarrollo de la misma\u00bb, dijo la Gobernadora Regional, Andrea Mac\u00edas.<\/p>\n<p class=\"v1gmail-p3\" style=\"text-align: justify;\">De acuerdo al documento de la resoluci\u00f3n, la cuota de extracci\u00f3n para los pescadores de la Regi\u00f3n de Ays\u00e9n, cambiar\u00eda de 6.320 a 6.020 toneladas, trescientas menos, sin embargo, la de la Regi\u00f3n de Los Lagos aumentar\u00eda desde 8.604,53 a 8.904,53 toneladas.<\/p>\n<p class=\"v1gmail-p3\" style=\"text-align: justify;\">\u00abCon el equipo jur\u00eddico y con la participaci\u00f3n de los dirigentes de Melinka, se est\u00e1 agilizando ese tr\u00e1mite. Hay otros tr\u00e1mites que se deben agilizar paralelamente, que tiene que ver con la impugnaci\u00f3n del acuerdo de Zonas Contiguas, pero tambi\u00e9n un tema que preocupa y que lo plantearon los dirigentes, que justo en estos momento ha habido un desembarco de cien toneladas. Llama la atenci\u00f3n que est\u00e9 paralizada la actividad y de igual forma el desembarque de cien toneladas, no sabemos de d\u00f3nde viene, porque Sernapesca, evidentemente, no entrega la informaci\u00f3n de buenas a primeras, sino que, hay que enviar un correo, en fin&#8230;\u00bb, inform\u00f3 el alcalde de Municipalidad de Guaitecas, Marcos Silva Miranda, tras concluir la reuni\u00f3n.<\/p>\n<p class=\"v1gmail-p3\" style=\"text-align: justify;\">Hace unos d\u00edas los pescadores artesanales de la Regi\u00f3n de Los Lagos iniciaron movilizaciones para obtener mayor extracci\u00f3n, tras las protestas, llegaron a un acuerdo con la Subsecretar\u00eda de Pesca y Acuicultura que deriv\u00f3 en la modificaci\u00f3n de la Resoluci\u00f3n Exenta N\u00ba 675 que, seg\u00fan indica \u00abestableci\u00f3 la distribuci\u00f3n de cuota del recurso erizo en las regiones de Los Lagos y de Ays\u00e9n del General Carlos Ib\u00e1\u00f1ez del Campo\u00bb, donde ning\u00fan representante de ella estuvo presente en el proceso de ese acuerdo.<\/p>\n<\/div><\/section><\/div><div  style='height:50px' class='hr hr-invisible   avia-builder-el-6  el_after_av_one_full  el_before_av_social_share '><span class='hr-inner ' ><span class='hr-inner-style'><\/span><\/span><\/div><\/p>\n<div  class='av-social-sharing-box  avia-builder-el-7  el_after_av_hr  el_before_av_hr  '><div class='av-share-box'><h5 class='av-share-link-description av-no-toc '>Compartir esta noticia<\/h5><ul class='av-share-box-list noLightbox'><li class='av-share-link av-social-link-facebook' ><a target=\"_blank\" aria-label=\"Compartir en Facebook\" href='https:\/\/www.facebook.com\/sharer.php?u=https:\/\/radiorevelacionfm.cl\/?p=20088&#038;t=Presentar%C3%A1n%20recurso%20de%20reposici%C3%B3n%20junto%20a%20pescadores%20artesanales%20por%20modificaci%C3%B3n%20de%20cuota%20de%20extracci%C3%B3n%20de%20erizos' aria-hidden='false' data-av_icon='\ue8f3' data-av_iconfont='entypo-fontello' title='' data-avia-related-tooltip='Compartir en Facebook' rel=\"noopener\"><span class='avia_hidden_link_text'>Compartir en Facebook<\/span><\/a><\/li><li class='av-share-link av-social-link-twitter' ><a target=\"_blank\" aria-label=\"Compartir en Twitter\" href='https:\/\/twitter.com\/share?text=Presentar%C3%A1n%20recurso%20de%20reposici%C3%B3n%20junto%20a%20pescadores%20artesanales%20por%20modificaci%C3%B3n%20de%20cuota%20de%20extracci%C3%B3n%20de%20erizos&#038;url=https:\/\/radiorevelacionfm.cl\/?p=20088' aria-hidden='false' data-av_icon='\ue8f1' data-av_iconfont='entypo-fontello' title='' data-avia-related-tooltip='Compartir en Twitter' rel=\"noopener\"><span class='avia_hidden_link_text'>Compartir en Twitter<\/span><\/a><\/li><li class='av-share-link av-social-link-whatsapp' ><a target=\"_blank\" aria-label=\"Compartir en Whatsapp\" href='https:\/\/api.whatsapp.com\/send?text=https:\/\/radiorevelacionfm.cl\/?p=20088' aria-hidden='false' data-av_icon='\uf232' data-av_iconfont='entypo-fontello' title='' data-avia-related-tooltip='Compartir en Whatsapp' rel=\"noopener\"><span class='avia_hidden_link_text'>Compartir en Whatsapp<\/span><\/a><\/li><li class='av-share-link av-social-link-linkedin' ><a target=\"_blank\" aria-label=\"Compartir en LinkedIn\" href='https:\/\/linkedin.com\/shareArticle?mini=true&#038;title=Presentar%C3%A1n%20recurso%20de%20reposici%C3%B3n%20junto%20a%20pescadores%20artesanales%20por%20modificaci%C3%B3n%20de%20cuota%20de%20extracci%C3%B3n%20de%20erizos&#038;url=https:\/\/radiorevelacionfm.cl\/?p=20088' aria-hidden='false' data-av_icon='\ue8fc' data-av_iconfont='entypo-fontello' title='' data-avia-related-tooltip='Compartir en LinkedIn' rel=\"noopener\"><span class='avia_hidden_link_text'>Compartir en LinkedIn<\/span><\/a><\/li><li class='av-share-link av-social-link-mail' ><a  aria-label=\"Compartir por correo\" href='mailto:?subject=Presentar%C3%A1n%20recurso%20de%20reposici%C3%B3n%20junto%20a%20pescadores%20artesanales%20por%20modificaci%C3%B3n%20de%20cuota%20de%20extracci%C3%B3n%20de%20erizos&#038;body=https:\/\/radiorevelacionfm.cl\/?p=20088' aria-hidden='false' data-av_icon='\ue805' data-av_iconfont='entypo-fontello' title='' data-avia-related-tooltip='Compartir por correo'><span class='avia_hidden_link_text'>Compartir por correo<\/span><\/a><\/li><\/ul><\/div><\/div>\n<div  style='height:50px' class='hr hr-invisible   avia-builder-el-8  el_after_av_social_share  el_before_av_comments_list '><span class='hr-inner ' ><span class='hr-inner-style'><\/span><\/span><\/div>\n<div  class='av-buildercomment  av-blog-meta-html-info-disabled av-blog-meta-tag-disabled  '><\/div>\n","protected":false},"excerpt":{"rendered":"","protected":false},"author":1,"featured_media":20089,"comment_status":"open","ping_status":"open","sticky":false,"template":"","format":"standard","meta":{"footnotes":""},"categories":[60],"tags":[],"class_list":["post-20088","post","type-post","status-publish","format-standard","has-post-thumbnail","hentry","category-pesca"],"jetpack_featured_media_url":"https:\/\/radiorevelacionfm.cl\/wp-content\/uploads\/2022\/08\/20220804_224852-1.jpg","_links":{"self":[{"href":"https:\/\/radiorevelacionfm.cl\/index.php?rest_route=\/wp\/v2\/posts\/20088","targetHints":{"allow":["GET"]}}],"collection":[{"href":"https:\/\/radiorevelacionfm.cl\/index.php?rest_route=\/wp\/v2\/posts"}],"about":[{"href":"https:\/\/radiorevelacionfm.cl\/index.php?rest_route=\/wp\/v2\/types\/post"}],"author":[{"embeddable":true,"href":"https:\/\/radiorevelacionfm.cl\/index.php?rest_route=\/wp\/v2\/users\/1"}],"replies":[{"embeddable":true,"href":"https:\/\/radiorevelacionfm.cl\/index.php?rest_route=%2Fwp%2Fv2%2Fcomments&post=20088"}],"version-history":[{"count":2,"href":"https:\/\/radiorevelacionfm.cl\/index.php?rest_route=\/wp\/v2\/posts\/20088\/revisions"}],"predecessor-version":[{"id":20094,"href":"https:\/\/radiorevelacionfm.cl\/index.php?rest_route=\/wp\/v2\/posts\/20088\/revisions\/20094"}],"wp:featuredmedia":[{"embeddable":true,"href":"https:\/\/radiorevelacionfm.cl\/index.php?rest_route=\/wp\/v2\/media\/20089"}],"wp:attachment":[{"href":"https:\/\/radiorevelacionfm.cl\/index.php?rest_route=%2Fwp%2Fv2%2Fmedia&parent=20088"}],"wp:term":[{"taxonomy":"category","embeddable":true,"href":"https:\/\/radiorevelacionfm.cl\/index.php?rest_route=%2Fwp%2Fv2%2Fcategories&post=20088"},{"taxonomy":"post_tag","embeddable":true,"href":"https:\/\/radiorevelacionfm.cl\/index.php?rest_route=%2Fwp%2Fv2%2Ftags&post=20088"}],"curies":[{"name":"wp","href":"https:\/\/api.w.org\/{rel}","templated":true}]}}