{"id":2007,"date":"2021-01-22T09:42:29","date_gmt":"2021-01-22T12:42:29","guid":{"rendered":"https:\/\/radiorevelacionfm.cl\/?p=2007"},"modified":"2021-01-22T09:42:29","modified_gmt":"2021-01-22T12:42:29","slug":"diputado-calisto-valoro-aprobacion-de-proyecto-que-permite-retiro-de-fondos-previsionales-a-personas-con-enfermedades-terminales","status":"publish","type":"post","link":"https:\/\/radiorevelacionfm.cl\/?p=2007","title":{"rendered":"Diputado Calisto valor\u00f3 aprobaci\u00f3n de proyecto que permite retiro de fondos previsionales a personas con enfermedades terminales"},"content":{"rendered":"<div class=\"flex_column av_one_full  flex_column_div av-zero-column-padding first  avia-builder-el-0  el_before_av_one_full  avia-builder-el-first  \" style='border-radius:0px; '><div  class='avia-image-container  av-styling-    avia-builder-el-1  avia-builder-el-no-sibling  avia-align-center '  itemprop=\"image\" itemscope=\"itemscope\" itemtype=\"https:\/\/schema.org\/ImageObject\"  ><div class='avia-image-container-inner'><div class='avia-image-overlay-wrap'><img decoding=\"async\" class='wp-image-0 avia-img-lazy-loading-not-0 avia_image' src=\"https:\/\/radiorevelacionfm.cl\/wp-content\/uploads\/2021\/01\/CALISTO.2.jpg\" alt='' title=''   itemprop=\"thumbnailUrl\"  \/><\/div><\/div><\/div><\/div><div class=\"flex_column av_one_full  flex_column_div av-zero-column-padding first  avia-builder-el-2  el_after_av_one_full  el_before_av_one_full  column-top-margin\" style='border-radius:0px; '><section class=\"av_textblock_section \"  itemscope=\"itemscope\" itemtype=\"https:\/\/schema.org\/BlogPosting\" itemprop=\"blogPost\" ><div class='avia_textblock  '   itemprop=\"text\" ><p style=\"text-align: center;\"><span style=\"font-size: 18pt;\"><strong>Diputado Calisto valor\u00f3 aprobaci\u00f3n de proyecto que permite retiro de fondos previsionales a personas con enfermedades terminales<\/strong><\/span><\/p>\n<div id=\"gtx-trans\" style=\"position: absolute; left: -50px; top: 4.31534px;\">\n<div class=\"gtx-trans-icon\"><\/div>\n<\/div>\n<\/div><\/section><\/div><div class=\"flex_column av_one_full  flex_column_div av-zero-column-padding first  avia-builder-el-4  el_after_av_one_full  el_before_av_hr  column-top-margin\" style='border-radius:0px; '><section class=\"av_textblock_section \"  itemscope=\"itemscope\" itemtype=\"https:\/\/schema.org\/BlogPosting\" itemprop=\"blogPost\" ><div class='avia_textblock  '   itemprop=\"text\" ><p style=\"text-align: justify;\"><em>La iniciativa qued\u00f3 lista para ser ley y comenzar\u00e1 a regir desde marzo para las personas que tienen c\u00e1ncer. <\/em><\/p>\n<p style=\"text-align: justify;\">Como una gran noticia y un hecho de justicia calific\u00f3 el diputado Miguel \u00c1ngel Calisto la aprobaci\u00f3n en la C\u00e1mara del proyecto que permite el retiro de los fondos previsionales a aquellos afiliados activos o pensionados de una AFP que se encuentren con una enfermedad terminal, iniciativa que qued\u00f3 lista para transformarse en ley.<\/p>\n<p style=\"text-align: justify;\">El proyecto permitir\u00e1 a los afiliados activos o pensionados de una AFP que presenten una enfermedad terminal, el retiro de sus fondos como excedente de libre disposici\u00f3n, manteniendo los recursos necesarios para financiar: una renta temporal por 12 meses igual a la Pensi\u00f3n B\u00e1sica Solidaria (PBS), una cuota mortuoria de 15 UF (436 mil pesos) salvo aquellos del PBS y las pensiones de sobrevivencia en el caso que el afiliado tenga beneficiarios de \u00e9sta.<\/p>\n<p style=\"text-align: justify;\">Seg\u00fan el diputado Calisto, \u201cestamos muy contentos por la aprobaci\u00f3n de este proyecto. Es muy importante, muy sentido, porque muchas familias as\u00ed lo requieren. Es fundamental y de toda justicia que una persona que est\u00e1 con una enfermedad terminal tenga el derecho de poder retirar los fondos previsionales, para poder pagar sus gastos m\u00e9dicos o para poder hacer lo que requiera. Hay mucha gente que necesita pagar asistencia cuando son enfermedades dolorosas e invalidantes, la que no se considera por parte del Estado\u201d.<\/p>\n<p style=\"text-align: justify;\">\u201cEste proyecto fue aprobado en su tercer tr\u00e1mite, por lo que qued\u00f3 listo para ser promulgado por el Presidente de la Rep\u00fablica. Ahora corresponde que, luego de ser promulgado, luego de un mes comenzar\u00eda a operar para los pacientes con enfermedades, como la gente que tiene c\u00e1ncer y est\u00e1 con cuidados paliativos\u201d.<\/p>\n<p style=\"text-align: justify;\">La norma podr\u00e1 estar vigente a partir de marzo para quienes est\u00e9n afectados con alguna de las enfermedades contempladas en el proyecto, en su mayor\u00eda c\u00e1ncer, y el resto una vez que se conforme el equipo destinado para determinar los casos en la superintendencia, lo que podr\u00eda durar aproximadamente seis meses.<\/p>\n<\/div><\/section><\/div><div  style='height:50px' class='hr hr-invisible   avia-builder-el-6  el_after_av_one_full  el_before_av_social_share '><span class='hr-inner ' ><span class='hr-inner-style'><\/span><\/span><\/div><\/p>\n<div  class='av-social-sharing-box  avia-builder-el-7  el_after_av_hr  el_before_av_hr  '><div class='av-share-box'><h5 class='av-share-link-description av-no-toc '>Compartir esta noticia<\/h5><ul class='av-share-box-list noLightbox'><li class='av-share-link av-social-link-facebook' ><a target=\"_blank\" aria-label=\"Compartir en Facebook\" href='https:\/\/www.facebook.com\/sharer.php?u=https:\/\/radiorevelacionfm.cl\/?p=2007&#038;t=Diputado%20Calisto%20valor%C3%B3%20aprobaci%C3%B3n%20de%20proyecto%20que%20permite%20retiro%20de%20fondos%20previsionales%20a%20personas%20con%20enfermedades%20terminales' aria-hidden='false' data-av_icon='\ue8f3' data-av_iconfont='entypo-fontello' title='' data-avia-related-tooltip='Compartir en Facebook' rel=\"noopener\"><span class='avia_hidden_link_text'>Compartir en Facebook<\/span><\/a><\/li><li class='av-share-link av-social-link-twitter' ><a target=\"_blank\" aria-label=\"Compartir en Twitter\" href='https:\/\/twitter.com\/share?text=Diputado%20Calisto%20valor%C3%B3%20aprobaci%C3%B3n%20de%20proyecto%20que%20permite%20retiro%20de%20fondos%20previsionales%20a%20personas%20con%20enfermedades%20terminales&#038;url=https:\/\/radiorevelacionfm.cl\/?p=2007' aria-hidden='false' data-av_icon='\ue8f1' data-av_iconfont='entypo-fontello' title='' data-avia-related-tooltip='Compartir en Twitter' rel=\"noopener\"><span class='avia_hidden_link_text'>Compartir en Twitter<\/span><\/a><\/li><li class='av-share-link av-social-link-whatsapp' ><a target=\"_blank\" aria-label=\"Compartir en Whatsapp\" href='https:\/\/api.whatsapp.com\/send?text=https:\/\/radiorevelacionfm.cl\/?p=2007' aria-hidden='false' data-av_icon='\uf232' data-av_iconfont='entypo-fontello' title='' data-avia-related-tooltip='Compartir en Whatsapp' rel=\"noopener\"><span class='avia_hidden_link_text'>Compartir en Whatsapp<\/span><\/a><\/li><li class='av-share-link av-social-link-linkedin' ><a target=\"_blank\" aria-label=\"Compartir en LinkedIn\" href='https:\/\/linkedin.com\/shareArticle?mini=true&#038;title=Diputado%20Calisto%20valor%C3%B3%20aprobaci%C3%B3n%20de%20proyecto%20que%20permite%20retiro%20de%20fondos%20previsionales%20a%20personas%20con%20enfermedades%20terminales&#038;url=https:\/\/radiorevelacionfm.cl\/?p=2007' aria-hidden='false' data-av_icon='\ue8fc' data-av_iconfont='entypo-fontello' title='' data-avia-related-tooltip='Compartir en LinkedIn' rel=\"noopener\"><span class='avia_hidden_link_text'>Compartir en LinkedIn<\/span><\/a><\/li><li class='av-share-link av-social-link-mail' ><a  aria-label=\"Compartir por correo\" href='mailto:?subject=Diputado%20Calisto%20valor%C3%B3%20aprobaci%C3%B3n%20de%20proyecto%20que%20permite%20retiro%20de%20fondos%20previsionales%20a%20personas%20con%20enfermedades%20terminales&#038;body=https:\/\/radiorevelacionfm.cl\/?p=2007' aria-hidden='false' data-av_icon='\ue805' data-av_iconfont='entypo-fontello' title='' data-avia-related-tooltip='Compartir por correo'><span class='avia_hidden_link_text'>Compartir por correo<\/span><\/a><\/li><\/ul><\/div><\/div>\n<div  style='height:50px' class='hr hr-invisible   avia-builder-el-8  el_after_av_social_share  el_before_av_comments_list '><span class='hr-inner ' ><span class='hr-inner-style'><\/span><\/span><\/div>\n<div  class='av-buildercomment  av-blog-meta-html-info-disabled av-blog-meta-tag-disabled  '><\/div>\n","protected":false},"excerpt":{"rendered":"","protected":false},"author":1,"featured_media":0,"comment_status":"open","ping_status":"open","sticky":false,"template":"","format":"standard","meta":{"footnotes":""},"categories":[35],"tags":[],"class_list":["post-2007","post","type-post","status-publish","format-standard","hentry","category-politica"],"jetpack_featured_media_url":"","_links":{"self":[{"href":"https:\/\/radiorevelacionfm.cl\/index.php?rest_route=\/wp\/v2\/posts\/2007","targetHints":{"allow":["GET"]}}],"collection":[{"href":"https:\/\/radiorevelacionfm.cl\/index.php?rest_route=\/wp\/v2\/posts"}],"about":[{"href":"https:\/\/radiorevelacionfm.cl\/index.php?rest_route=\/wp\/v2\/types\/post"}],"author":[{"embeddable":true,"href":"https:\/\/radiorevelacionfm.cl\/index.php?rest_route=\/wp\/v2\/users\/1"}],"replies":[{"embeddable":true,"href":"https:\/\/radiorevelacionfm.cl\/index.php?rest_route=%2Fwp%2Fv2%2Fcomments&post=2007"}],"version-history":[{"count":1,"href":"https:\/\/radiorevelacionfm.cl\/index.php?rest_route=\/wp\/v2\/posts\/2007\/revisions"}],"predecessor-version":[{"id":2009,"href":"https:\/\/radiorevelacionfm.cl\/index.php?rest_route=\/wp\/v2\/posts\/2007\/revisions\/2009"}],"wp:attachment":[{"href":"https:\/\/radiorevelacionfm.cl\/index.php?rest_route=%2Fwp%2Fv2%2Fmedia&parent=2007"}],"wp:term":[{"taxonomy":"category","embeddable":true,"href":"https:\/\/radiorevelacionfm.cl\/index.php?rest_route=%2Fwp%2Fv2%2Fcategories&post=2007"},{"taxonomy":"post_tag","embeddable":true,"href":"https:\/\/radiorevelacionfm.cl\/index.php?rest_route=%2Fwp%2Fv2%2Ftags&post=2007"}],"curies":[{"name":"wp","href":"https:\/\/api.w.org\/{rel}","templated":true}]}}