{"id":20018,"date":"2022-08-03T19:19:11","date_gmt":"2022-08-03T22:19:11","guid":{"rendered":"https:\/\/radiorevelacionfm.cl\/?p=20018"},"modified":"2022-08-03T19:19:11","modified_gmt":"2022-08-03T22:19:11","slug":"salud-refuerza-test-de-antigeno-para-covid-19-en-establecimientos-educacionales","status":"publish","type":"post","link":"https:\/\/radiorevelacionfm.cl\/?p=20018","title":{"rendered":"Salud refuerza test de ant\u00edgeno para COVID-19 en establecimientos educacionales"},"content":{"rendered":"<div class=\"flex_column av_one_full  flex_column_div av-zero-column-padding first  avia-builder-el-0  el_before_av_one_full  avia-builder-el-first  \" style='border-radius:0px; '><div  class='avia-image-container  av-styling-    avia-builder-el-1  avia-builder-el-no-sibling  avia-align-center '  itemprop=\"image\" itemscope=\"itemscope\" itemtype=\"https:\/\/schema.org\/ImageObject\"  ><div class='avia-image-container-inner'><div class='avia-image-overlay-wrap'><img decoding=\"async\" class='wp-image-20019 avia-img-lazy-loading-not-20019 avia_image' src=\"https:\/\/radiorevelacionfm.cl\/wp-content\/uploads\/2022\/08\/bac-escolar-1-1.jpeg\" alt='' title='bac escolar (1) (1)' height=\"600\" width=\"800\"  itemprop=\"thumbnailUrl\" srcset=\"https:\/\/radiorevelacionfm.cl\/wp-content\/uploads\/2022\/08\/bac-escolar-1-1.jpeg 800w, https:\/\/radiorevelacionfm.cl\/wp-content\/uploads\/2022\/08\/bac-escolar-1-1-300x225.jpeg 300w, https:\/\/radiorevelacionfm.cl\/wp-content\/uploads\/2022\/08\/bac-escolar-1-1-768x576.jpeg 768w, https:\/\/radiorevelacionfm.cl\/wp-content\/uploads\/2022\/08\/bac-escolar-1-1-705x529.jpeg 705w, https:\/\/radiorevelacionfm.cl\/wp-content\/uploads\/2022\/08\/bac-escolar-1-1-600x450.jpeg 600w\" sizes=\"(max-width: 800px) 100vw, 800px\" \/><\/div><\/div><\/div><\/div><div class=\"flex_column av_one_full  flex_column_div av-zero-column-padding first  avia-builder-el-2  el_after_av_one_full  el_before_av_one_full  column-top-margin\" style='border-radius:0px; '><section class=\"av_textblock_section \"  itemscope=\"itemscope\" itemtype=\"https:\/\/schema.org\/BlogPosting\" itemprop=\"blogPost\" ><div class='avia_textblock  '   itemprop=\"text\" ><p style=\"text-align: center;\"><span style=\"font-size: 18pt;\"><strong>Salud refuerza test de ant\u00edgeno para COVID-19 en establecimientos educacionales<\/strong><\/span><\/p>\n<div id=\"gtx-trans\" style=\"position: absolute; left: -50px; top: 4.31534px;\">\n<div class=\"gtx-trans-icon\"><\/div>\n<\/div>\n<\/div><\/section><\/div><div class=\"flex_column av_one_full  flex_column_div av-zero-column-padding first  avia-builder-el-4  el_after_av_one_full  el_before_av_hr  column-top-margin\" style='border-radius:0px; '><section class=\"av_textblock_section \"  itemscope=\"itemscope\" itemtype=\"https:\/\/schema.org\/BlogPosting\" itemprop=\"blogPost\" ><div class='avia_textblock  '   itemprop=\"text\" ><p style=\"text-align: justify;\">Con el inicio del segundo per\u00edodo de clases correspondiente a este a\u00f1o, los equipos de trazabilidad para COVID-19 de la Seremi de Salud, retomaron los procesos de B\u00fasqueda Activa de Casos (BAC) que pudieran resultar positivos para esta enfermedad, con el prop\u00f3sito de aislarlos oportunamente y as\u00ed evitar el aumento de casos que afecten el normal desarrollo de las clases al interior de los establecimientos educacionales.<\/p>\n<p style=\"text-align: justify;\">Proceso de BAC escolar que en esta ocasi\u00f3n se desarroll\u00f3 en la Escuela Especial del Club de Leones, donde su directora Maribel Prat, valor\u00f3 la puesta en marcha de esta iniciativa.\u00a0 \u201cEs muy importante la toma de estos ex\u00e1menes, principalmente porque entrega seguridad a las familias que el retorno a las escuelas es seguro. Nosotros como escuela siempre invitamos a los pap\u00e1s a enviar a los ni\u00f1os a la escuela porque este es un espacio seguro, donde se privilegia y potencia la vacunaci\u00f3n escolar, esperamos que este BAC sea un anticipo a una vacunaci\u00f3n con mayor \u00e9nfasis y evitar los rezagos que se esta dando en la poblaci\u00f3n de menor edad\u201d.<\/p>\n<p style=\"text-align: justify;\">Frente a esta B\u00fasqueda Activa a nivel escolar, la Seremi de Salud, Carmen Monsalve, recalc\u00f3 que este tipo de acciones se mantendr\u00e1n dentro de las pr\u00f3ximas semanas, donde es necesario que los padres autoricen la toma de estos ex\u00e1menes para el cuidado de toda la comunidad escolar. \u201cComo esta es una actividad preventiva que se va a extender durante toda esta semana, y que continuar\u00e1 hasta que sea necesario resguardar el retorno seguro a clases, le pedimos a los padres y apoderados que conf\u00eden en este procedimiento y que puedan acceder a la autorizaci\u00f3n para que de esta manera los ni\u00f1os y ni\u00f1as puedan acceder al testeo oportuno, evitar la presencia de brotes en los establecimientos, y de esta manera resguardar la asistencia a clases\u201d.<\/p>\n<p style=\"text-align: justify;\">De igual modo, la Seremi de Educaci\u00f3n, Isabel Garrido, junto con recalcar la importancia del retorno seguro a clases, hizo un llamado a la comunidad a confiar en el trabajo que desarrolla el Ministerio de Salud frente a la pandemia por COVID-19 a trav\u00e9s de los test de ant\u00edgeno. \u201cHago una invitaci\u00f3n a las familias, a los padres y apoderados, a que conf\u00eden en el proceso, que conf\u00eden en el Ministerio de Salud, que es un procedimiento seguro, confiable y muy acreditado que nos permite resguardar la seguridad de los ni\u00f1os y ni\u00f1as en el retorno a clases. La asistencia escolar es insustituible, por lo que medidas como esta contribuyen a un retorno seguro a clases\u201d.<\/p>\n<p style=\"text-align: justify;\">Este viernes 05, la BAC escolar se desarrollar\u00e1 en la escuela V\u00edctor Domingo Silva y el Colegio Mater Dei, donde tanto alumnos como funcionarios y docentes de estos establecimientos, podr\u00e1n acceder a los test de ant\u00edgeno para la detecci\u00f3n oportuna de casos por COVID-19, donde los resultados se podr\u00e1n conocer en 20 minutos.<\/p>\n<p style=\"text-align: justify;\"><strong>Medidas Preventivas<\/strong><\/p>\n<p style=\"text-align: justify;\">El uso correcto de la mascarilla en todos los lugares cerrados es una capa de protecci\u00f3n fundamental y deben usarla todas las personas desde los 6 a\u00f1os de edad. Eso quiere decir que ni\u00f1as y ni\u00f1os tienen que usarla en salas de clases, y nuestra recomendaci\u00f3n es que utilicen mascarillas quir\u00fargicas, que lleven mascarillas de recambio por si se humedecen o transcurren m\u00e1s de tres horas. Ni\u00f1os, ni\u00f1as y adultos deben usar su mascarilla dentro de las salas y espacios cerrados en todo momento, as\u00ed como tambi\u00e9n en patios y espacios abiertos donde no puedan mantener una distancia segura, de m\u00e1s de un metro.<\/p>\n<p style=\"text-align: justify;\">Para las y los adultos a cargo de salas de clase, es sumamente importante priorizar la ventilaci\u00f3n constante, con una corriente de aire cruzada. En caso de que esto no sea posible, se debe abrir puertas o ventanas cada 30 minutos, y mantener abierto durante, al menos, 10 minutos cada vez, para garantizar una ventilaci\u00f3n efectiva. Tambi\u00e9n hacemos el llamado a, dentro de lo posible, priorizar actividades al aire libre, para proporcionar m\u00e1s instancias seguras.<\/p>\n<p style=\"text-align: justify;\">Reforzar el lavado de manos frecuente, evitar el contacto f\u00edsico, tratar de no compartir utensilios y, muy importante, mantener su vacunaci\u00f3n al d\u00eda.<\/p>\n<\/div><\/section><\/div><div  style='height:50px' class='hr hr-invisible   avia-builder-el-6  el_after_av_one_full  el_before_av_social_share '><span class='hr-inner ' ><span class='hr-inner-style'><\/span><\/span><\/div><\/p>\n<div  class='av-social-sharing-box  avia-builder-el-7  el_after_av_hr  el_before_av_hr  '><div class='av-share-box'><h5 class='av-share-link-description av-no-toc '>Compartir esta noticia<\/h5><ul class='av-share-box-list noLightbox'><li class='av-share-link av-social-link-facebook' ><a target=\"_blank\" aria-label=\"Compartir en Facebook\" href='https:\/\/www.facebook.com\/sharer.php?u=https:\/\/radiorevelacionfm.cl\/?p=20018&#038;t=Salud%20refuerza%20test%20de%20ant%C3%ADgeno%20para%20COVID-19%20en%20establecimientos%20educacionales' aria-hidden='false' data-av_icon='\ue8f3' data-av_iconfont='entypo-fontello' title='' data-avia-related-tooltip='Compartir en Facebook' rel=\"noopener\"><span class='avia_hidden_link_text'>Compartir en Facebook<\/span><\/a><\/li><li class='av-share-link av-social-link-twitter' ><a target=\"_blank\" aria-label=\"Compartir en Twitter\" href='https:\/\/twitter.com\/share?text=Salud%20refuerza%20test%20de%20ant%C3%ADgeno%20para%20COVID-19%20en%20establecimientos%20educacionales&#038;url=https:\/\/radiorevelacionfm.cl\/?p=20018' aria-hidden='false' data-av_icon='\ue8f1' data-av_iconfont='entypo-fontello' title='' data-avia-related-tooltip='Compartir en Twitter' rel=\"noopener\"><span class='avia_hidden_link_text'>Compartir en Twitter<\/span><\/a><\/li><li class='av-share-link av-social-link-whatsapp' ><a target=\"_blank\" aria-label=\"Compartir en Whatsapp\" href='https:\/\/api.whatsapp.com\/send?text=https:\/\/radiorevelacionfm.cl\/?p=20018' aria-hidden='false' data-av_icon='\uf232' data-av_iconfont='entypo-fontello' title='' data-avia-related-tooltip='Compartir en Whatsapp' rel=\"noopener\"><span class='avia_hidden_link_text'>Compartir en Whatsapp<\/span><\/a><\/li><li class='av-share-link av-social-link-linkedin' ><a target=\"_blank\" aria-label=\"Compartir en LinkedIn\" href='https:\/\/linkedin.com\/shareArticle?mini=true&#038;title=Salud%20refuerza%20test%20de%20ant%C3%ADgeno%20para%20COVID-19%20en%20establecimientos%20educacionales&#038;url=https:\/\/radiorevelacionfm.cl\/?p=20018' aria-hidden='false' data-av_icon='\ue8fc' data-av_iconfont='entypo-fontello' title='' data-avia-related-tooltip='Compartir en LinkedIn' rel=\"noopener\"><span class='avia_hidden_link_text'>Compartir en LinkedIn<\/span><\/a><\/li><li class='av-share-link av-social-link-mail' ><a  aria-label=\"Compartir por correo\" href='mailto:?subject=Salud%20refuerza%20test%20de%20ant%C3%ADgeno%20para%20COVID-19%20en%20establecimientos%20educacionales&#038;body=https:\/\/radiorevelacionfm.cl\/?p=20018' aria-hidden='false' data-av_icon='\ue805' data-av_iconfont='entypo-fontello' title='' data-avia-related-tooltip='Compartir por correo'><span class='avia_hidden_link_text'>Compartir por correo<\/span><\/a><\/li><\/ul><\/div><\/div>\n<div  style='height:50px' class='hr hr-invisible   avia-builder-el-8  el_after_av_social_share  el_before_av_comments_list '><span class='hr-inner ' ><span class='hr-inner-style'><\/span><\/span><\/div>\n<div  class='av-buildercomment  av-blog-meta-html-info-disabled av-blog-meta-tag-disabled  '><\/div>\n","protected":false},"excerpt":{"rendered":"","protected":false},"author":1,"featured_media":20019,"comment_status":"open","ping_status":"open","sticky":false,"template":"","format":"standard","meta":{"footnotes":""},"categories":[46],"tags":[],"class_list":["post-20018","post","type-post","status-publish","format-standard","has-post-thumbnail","hentry","category-salud"],"jetpack_featured_media_url":"https:\/\/radiorevelacionfm.cl\/wp-content\/uploads\/2022\/08\/bac-escolar-1-1.jpeg","_links":{"self":[{"href":"https:\/\/radiorevelacionfm.cl\/index.php?rest_route=\/wp\/v2\/posts\/20018","targetHints":{"allow":["GET"]}}],"collection":[{"href":"https:\/\/radiorevelacionfm.cl\/index.php?rest_route=\/wp\/v2\/posts"}],"about":[{"href":"https:\/\/radiorevelacionfm.cl\/index.php?rest_route=\/wp\/v2\/types\/post"}],"author":[{"embeddable":true,"href":"https:\/\/radiorevelacionfm.cl\/index.php?rest_route=\/wp\/v2\/users\/1"}],"replies":[{"embeddable":true,"href":"https:\/\/radiorevelacionfm.cl\/index.php?rest_route=%2Fwp%2Fv2%2Fcomments&post=20018"}],"version-history":[{"count":2,"href":"https:\/\/radiorevelacionfm.cl\/index.php?rest_route=\/wp\/v2\/posts\/20018\/revisions"}],"predecessor-version":[{"id":20021,"href":"https:\/\/radiorevelacionfm.cl\/index.php?rest_route=\/wp\/v2\/posts\/20018\/revisions\/20021"}],"wp:featuredmedia":[{"embeddable":true,"href":"https:\/\/radiorevelacionfm.cl\/index.php?rest_route=\/wp\/v2\/media\/20019"}],"wp:attachment":[{"href":"https:\/\/radiorevelacionfm.cl\/index.php?rest_route=%2Fwp%2Fv2%2Fmedia&parent=20018"}],"wp:term":[{"taxonomy":"category","embeddable":true,"href":"https:\/\/radiorevelacionfm.cl\/index.php?rest_route=%2Fwp%2Fv2%2Fcategories&post=20018"},{"taxonomy":"post_tag","embeddable":true,"href":"https:\/\/radiorevelacionfm.cl\/index.php?rest_route=%2Fwp%2Fv2%2Ftags&post=20018"}],"curies":[{"name":"wp","href":"https:\/\/api.w.org\/{rel}","templated":true}]}}