{"id":20013,"date":"2022-08-03T18:09:02","date_gmt":"2022-08-03T21:09:02","guid":{"rendered":"https:\/\/radiorevelacionfm.cl\/?p=20013"},"modified":"2022-08-03T18:09:02","modified_gmt":"2022-08-03T21:09:02","slug":"formalizan-a-imputado-por-el-delito-de-abuso-sexual-contra-victima-de-siete-anos","status":"publish","type":"post","link":"https:\/\/radiorevelacionfm.cl\/?p=20013","title":{"rendered":"Formalizan a imputado por el delito de abuso sexual contra v\u00edctima de siete a\u00f1os"},"content":{"rendered":"<div class=\"flex_column av_one_full  flex_column_div av-zero-column-padding first  avia-builder-el-0  el_before_av_one_full  avia-builder-el-first  \" style='border-radius:0px; '><div  class='avia-image-container  av-styling-    avia-builder-el-1  avia-builder-el-no-sibling  avia-align-center '  itemprop=\"image\" itemscope=\"itemscope\" itemtype=\"https:\/\/schema.org\/ImageObject\"  ><div class='avia-image-container-inner'><div class='avia-image-overlay-wrap'><img decoding=\"async\" class='wp-image-6838 avia-img-lazy-loading-not-6838 avia_image' src=\"https:\/\/radiorevelacionfm.cl\/wp-content\/uploads\/2021\/07\/pdi-imagen-2_optimized.jpg\" alt='' title='pdi-imagen-(2)_optimized' height=\"600\" width=\"903\"  itemprop=\"thumbnailUrl\" srcset=\"https:\/\/radiorevelacionfm.cl\/wp-content\/uploads\/2021\/07\/pdi-imagen-2_optimized.jpg 903w, https:\/\/radiorevelacionfm.cl\/wp-content\/uploads\/2021\/07\/pdi-imagen-2_optimized-300x199.jpg 300w, https:\/\/radiorevelacionfm.cl\/wp-content\/uploads\/2021\/07\/pdi-imagen-2_optimized-768x510.jpg 768w, https:\/\/radiorevelacionfm.cl\/wp-content\/uploads\/2021\/07\/pdi-imagen-2_optimized-705x468.jpg 705w, https:\/\/radiorevelacionfm.cl\/wp-content\/uploads\/2021\/07\/pdi-imagen-2_optimized-600x399.jpg 600w\" sizes=\"(max-width: 903px) 100vw, 903px\" \/><\/div><\/div><\/div><\/div><div class=\"flex_column av_one_full  flex_column_div av-zero-column-padding first  avia-builder-el-2  el_after_av_one_full  el_before_av_one_full  column-top-margin\" style='border-radius:0px; '><section class=\"av_textblock_section \"  itemscope=\"itemscope\" itemtype=\"https:\/\/schema.org\/BlogPosting\" itemprop=\"blogPost\" ><div class='avia_textblock  '   itemprop=\"text\" ><p style=\"text-align: center;\"><span style=\"font-size: 18pt;\"><strong>Formalizan a imputado por el delito de abuso sexual contra v\u00edctima de siete a\u00f1os<\/strong><\/span><\/p>\n<div id=\"gtx-trans\" style=\"position: absolute; left: -50px; top: 4.31534px;\">\n<div class=\"gtx-trans-icon\"><\/div>\n<\/div>\n<\/div><\/section><\/div><div class=\"flex_column av_one_full  flex_column_div av-zero-column-padding first  avia-builder-el-4  el_after_av_one_full  el_before_av_hr  column-top-margin\" style='border-radius:0px; '><section class=\"av_textblock_section \"  itemscope=\"itemscope\" itemtype=\"https:\/\/schema.org\/BlogPosting\" itemprop=\"blogPost\" ><div class='avia_textblock  '   itemprop=\"text\" ><p style=\"text-align: justify;\">En un trabajo mancomunado entre la Fiscal\u00eda Local de Coyhaique y la Polic\u00eda de Investigaciones de Chile, este martes se desarroll\u00f3 la audiencia de formalizaci\u00f3n de un imputado de 44 a\u00f1os por el delito de abuso sexual de menor de 14 a\u00f1os, hecho que afect\u00f3 a una v\u00edctima de siete a\u00f1os en la ciudad de Coyhaique.<\/p>\n<p style=\"text-align: justify;\">La investigaci\u00f3n de esta causa es dirigida por el fiscal Luis Contreras, quien se\u00f1al\u00f3 que este martes \u201cse llev\u00f3 a cabo una audiencia de formalizaci\u00f3n respecto de un detenido el d\u00eda domingo 31 de julio de este a\u00f1o, quien pas\u00f3 a control de detenci\u00f3n, la que se ampli\u00f3 hasta el d\u00eda de hoy -martes- para efectos de su formalizaci\u00f3n\u201d.<\/p>\n<p style=\"text-align: justify;\">El fiscal explic\u00f3 que \u201cse trata de una persona de sexo masculino de 44 a\u00f1os de edad, quien contaba con antecedentes penales por ser el autor de un delito de abuso sexual. Esta persona fue formalizada por el delito de abuso sexual respecto de una v\u00edctima de siete a\u00f1os de edad, hecho ocurrido en un domicilio del sector alto de esta ciudad\u201d.<\/p>\n<p style=\"text-align: justify;\">Sobre la formalizaci\u00f3n, el fiscal Luis Contreras indic\u00f3 que \u201cel Tribunal acogi\u00f3 la petici\u00f3n del Ministerio P\u00fablico para dejarlo en prisi\u00f3n preventiva y se fij\u00f3 un plazo de investigaci\u00f3n de 75 d\u00edas, durante ese lapso se completar\u00e1n las diligencias de investigaci\u00f3n\u201d. En este caso, \u201cla Polic\u00eda de Investigaciones desarroll\u00f3 las primeras diligencias de esta causa por medio de la Brigada Investigadora de Delitos Sexuales\u201d.<\/p>\n<p style=\"text-align: justify;\">Al respecto, la subprefecta Isabel Hern\u00e1ndez, jefa de la Brigada Investigadora de Delitos Sexuales (BRISEX) Coyhaique, precis\u00f3 que \u201cnuestro personal concurri\u00f3 a un sitio de suceso en el sector alto de la comuna, por instrucci\u00f3n verbal del fiscal Luis Contreras. All\u00ed, se constat\u00f3 la efectividad de la denuncia, tomando contacto con los intervinientes, y se trabaj\u00f3 con el Laboratorio de Criminal\u00edstica, levantando evidencia y realizando diversas diligencias tendientes a esclarecer los hechos\u201d.<\/p>\n<p style=\"text-align: justify;\">As\u00ed, \u201cgracias a los antecedentes obtenidos en el desarrollo de las primeras diligencias realizadas por detectives de esta brigada especializada, la audiencia de formalizaci\u00f3n arroj\u00f3 resultados positivos, con un plazo de investigaci\u00f3n de 75 d\u00edas durante los cuales el imputado deber\u00e1 permanecer en prisi\u00f3n preventiva y, a su vez, el organismo persecutor deber\u00e1 investigar todo aquello que demuestre la ocurrencia del delito y la participaci\u00f3n del presunto autor, cuyas diligencias ser\u00e1n desarrolladas por esta brigada especializada\u201d, apunt\u00f3 la jefa de la BRISEX Coyhaique.<\/p>\n<p style=\"text-align: justify;\">El fiscal Luis Contreras agreg\u00f3 que \u201ccon todos estos antecedentes, m\u00e1s las entrevistas videograbadas de la v\u00edctima y de una testigo que se desarrollaron por personal entrevistador de la Ley 21.057 de la Fiscal\u00eda de Coyhaique, sirvieron de base para que el Tribunal pudiera decretar la prisi\u00f3n preventiva de esta persona\u201d.<\/p>\n<p style=\"text-align: justify;\">Finalmente, la subprefecta Isabel Hern\u00e1ndez resalt\u00f3 que \u201cla denuncia temprana, para este y cualquier otro tipo de delito, siempre va a ser favorable para la v\u00edctima. Acogerla, escucharla, tomar conocimiento del hecho que devela y trabajar por el esclarecimiento de ese delito, siempre va a arrojar buenos resultados para hacer justicia\u201d.<\/p>\n<\/div><\/section><\/div><div  style='height:50px' class='hr hr-invisible   avia-builder-el-6  el_after_av_one_full  el_before_av_social_share '><span class='hr-inner ' ><span class='hr-inner-style'><\/span><\/span><\/div><\/p>\n<div  class='av-social-sharing-box  avia-builder-el-7  el_after_av_hr  el_before_av_hr  '><div class='av-share-box'><h5 class='av-share-link-description av-no-toc '>Compartir esta noticia<\/h5><ul class='av-share-box-list noLightbox'><li class='av-share-link av-social-link-facebook' ><a target=\"_blank\" aria-label=\"Compartir en Facebook\" href='https:\/\/www.facebook.com\/sharer.php?u=https:\/\/radiorevelacionfm.cl\/?p=20013&#038;t=Formalizan%20a%20imputado%20por%20el%20delito%20de%20abuso%20sexual%20contra%20v%C3%ADctima%20de%20siete%20a%C3%B1os' aria-hidden='false' data-av_icon='\ue8f3' data-av_iconfont='entypo-fontello' title='' data-avia-related-tooltip='Compartir en Facebook' rel=\"noopener\"><span class='avia_hidden_link_text'>Compartir en Facebook<\/span><\/a><\/li><li class='av-share-link av-social-link-twitter' ><a target=\"_blank\" aria-label=\"Compartir en Twitter\" href='https:\/\/twitter.com\/share?text=Formalizan%20a%20imputado%20por%20el%20delito%20de%20abuso%20sexual%20contra%20v%C3%ADctima%20de%20siete%20a%C3%B1os&#038;url=https:\/\/radiorevelacionfm.cl\/?p=20013' aria-hidden='false' data-av_icon='\ue8f1' data-av_iconfont='entypo-fontello' title='' data-avia-related-tooltip='Compartir en Twitter' rel=\"noopener\"><span class='avia_hidden_link_text'>Compartir en Twitter<\/span><\/a><\/li><li class='av-share-link av-social-link-whatsapp' ><a target=\"_blank\" aria-label=\"Compartir en Whatsapp\" href='https:\/\/api.whatsapp.com\/send?text=https:\/\/radiorevelacionfm.cl\/?p=20013' aria-hidden='false' data-av_icon='\uf232' data-av_iconfont='entypo-fontello' title='' data-avia-related-tooltip='Compartir en Whatsapp' rel=\"noopener\"><span class='avia_hidden_link_text'>Compartir en Whatsapp<\/span><\/a><\/li><li class='av-share-link av-social-link-linkedin' ><a target=\"_blank\" aria-label=\"Compartir en LinkedIn\" href='https:\/\/linkedin.com\/shareArticle?mini=true&#038;title=Formalizan%20a%20imputado%20por%20el%20delito%20de%20abuso%20sexual%20contra%20v%C3%ADctima%20de%20siete%20a%C3%B1os&#038;url=https:\/\/radiorevelacionfm.cl\/?p=20013' aria-hidden='false' data-av_icon='\ue8fc' data-av_iconfont='entypo-fontello' title='' data-avia-related-tooltip='Compartir en LinkedIn' rel=\"noopener\"><span class='avia_hidden_link_text'>Compartir en LinkedIn<\/span><\/a><\/li><li class='av-share-link av-social-link-mail' ><a  aria-label=\"Compartir por correo\" href='mailto:?subject=Formalizan%20a%20imputado%20por%20el%20delito%20de%20abuso%20sexual%20contra%20v%C3%ADctima%20de%20siete%20a%C3%B1os&#038;body=https:\/\/radiorevelacionfm.cl\/?p=20013' aria-hidden='false' data-av_icon='\ue805' data-av_iconfont='entypo-fontello' title='' data-avia-related-tooltip='Compartir por correo'><span class='avia_hidden_link_text'>Compartir por correo<\/span><\/a><\/li><\/ul><\/div><\/div>\n<div  style='height:50px' class='hr hr-invisible   avia-builder-el-8  el_after_av_social_share  el_before_av_comments_list '><span class='hr-inner ' ><span class='hr-inner-style'><\/span><\/span><\/div>\n<div  class='av-buildercomment  av-blog-meta-html-info-disabled av-blog-meta-tag-disabled  '><\/div>\n","protected":false},"excerpt":{"rendered":"","protected":false},"author":1,"featured_media":6838,"comment_status":"open","ping_status":"open","sticky":false,"template":"","format":"standard","meta":{"footnotes":""},"categories":[36],"tags":[],"class_list":["post-20013","post","type-post","status-publish","format-standard","has-post-thumbnail","hentry","category-policial"],"jetpack_featured_media_url":"https:\/\/radiorevelacionfm.cl\/wp-content\/uploads\/2021\/07\/pdi-imagen-2_optimized.jpg","_links":{"self":[{"href":"https:\/\/radiorevelacionfm.cl\/index.php?rest_route=\/wp\/v2\/posts\/20013","targetHints":{"allow":["GET"]}}],"collection":[{"href":"https:\/\/radiorevelacionfm.cl\/index.php?rest_route=\/wp\/v2\/posts"}],"about":[{"href":"https:\/\/radiorevelacionfm.cl\/index.php?rest_route=\/wp\/v2\/types\/post"}],"author":[{"embeddable":true,"href":"https:\/\/radiorevelacionfm.cl\/index.php?rest_route=\/wp\/v2\/users\/1"}],"replies":[{"embeddable":true,"href":"https:\/\/radiorevelacionfm.cl\/index.php?rest_route=%2Fwp%2Fv2%2Fcomments&post=20013"}],"version-history":[{"count":2,"href":"https:\/\/radiorevelacionfm.cl\/index.php?rest_route=\/wp\/v2\/posts\/20013\/revisions"}],"predecessor-version":[{"id":20031,"href":"https:\/\/radiorevelacionfm.cl\/index.php?rest_route=\/wp\/v2\/posts\/20013\/revisions\/20031"}],"wp:featuredmedia":[{"embeddable":true,"href":"https:\/\/radiorevelacionfm.cl\/index.php?rest_route=\/wp\/v2\/media\/6838"}],"wp:attachment":[{"href":"https:\/\/radiorevelacionfm.cl\/index.php?rest_route=%2Fwp%2Fv2%2Fmedia&parent=20013"}],"wp:term":[{"taxonomy":"category","embeddable":true,"href":"https:\/\/radiorevelacionfm.cl\/index.php?rest_route=%2Fwp%2Fv2%2Fcategories&post=20013"},{"taxonomy":"post_tag","embeddable":true,"href":"https:\/\/radiorevelacionfm.cl\/index.php?rest_route=%2Fwp%2Fv2%2Ftags&post=20013"}],"curies":[{"name":"wp","href":"https:\/\/api.w.org\/{rel}","templated":true}]}}