{"id":20008,"date":"2022-08-03T17:22:02","date_gmt":"2022-08-03T20:22:02","guid":{"rendered":"https:\/\/radiorevelacionfm.cl\/?p=20008"},"modified":"2022-08-03T17:22:02","modified_gmt":"2022-08-03T20:22:02","slug":"tribunal-dicta-veredicto-condenatorio-contra-autor-de-homicidio-de-jinete-de-chile-chico","status":"publish","type":"post","link":"https:\/\/radiorevelacionfm.cl\/?p=20008","title":{"rendered":"Tribunal dicta veredicto condenatorio contra autor de homicidio de jinete de Chile Chico"},"content":{"rendered":"<div class=\"flex_column av_one_full  flex_column_div av-zero-column-padding first  avia-builder-el-0  el_before_av_one_full  avia-builder-el-first  \" style='border-radius:0px; '><div  class='avia-image-container  av-styling-    avia-builder-el-1  avia-builder-el-no-sibling  avia-align-center '  itemprop=\"image\" itemscope=\"itemscope\" itemtype=\"https:\/\/schema.org\/ImageObject\"  ><div class='avia-image-container-inner'><div class='avia-image-overlay-wrap'><img decoding=\"async\" class='wp-image-20009 avia-img-lazy-loading-not-20009 avia_image' src=\"https:\/\/radiorevelacionfm.cl\/wp-content\/uploads\/2022\/08\/Epifanio_2-1-1.jpg\" alt='' title='Epifanio_2 (1) (1)' height=\"600\" width=\"817\"  itemprop=\"thumbnailUrl\" srcset=\"https:\/\/radiorevelacionfm.cl\/wp-content\/uploads\/2022\/08\/Epifanio_2-1-1.jpg 817w, https:\/\/radiorevelacionfm.cl\/wp-content\/uploads\/2022\/08\/Epifanio_2-1-1-300x220.jpg 300w, https:\/\/radiorevelacionfm.cl\/wp-content\/uploads\/2022\/08\/Epifanio_2-1-1-768x564.jpg 768w, https:\/\/radiorevelacionfm.cl\/wp-content\/uploads\/2022\/08\/Epifanio_2-1-1-705x518.jpg 705w, https:\/\/radiorevelacionfm.cl\/wp-content\/uploads\/2022\/08\/Epifanio_2-1-1-600x441.jpg 600w\" sizes=\"(max-width: 817px) 100vw, 817px\" \/><\/div><\/div><\/div><\/div><div class=\"flex_column av_one_full  flex_column_div av-zero-column-padding first  avia-builder-el-2  el_after_av_one_full  el_before_av_one_full  column-top-margin\" style='border-radius:0px; '><section class=\"av_textblock_section \"  itemscope=\"itemscope\" itemtype=\"https:\/\/schema.org\/BlogPosting\" itemprop=\"blogPost\" ><div class='avia_textblock  '   itemprop=\"text\" ><p style=\"text-align: center;\"><strong><span style=\"font-size: 18pt;\">Tribunal dicta veredicto condenatorio contra autor de homicidio de jinete de Chile Chico<\/span><\/strong><\/p>\n<div id=\"gtx-trans\" style=\"position: absolute; left: -50px; top: 4.31534px;\">\n<div class=\"gtx-trans-icon\"><\/div>\n<\/div>\n<\/div><\/section><\/div><div class=\"flex_column av_one_full  flex_column_div av-zero-column-padding first  avia-builder-el-4  el_after_av_one_full  el_before_av_hr  column-top-margin\" style='border-radius:0px; '><section class=\"av_textblock_section \"  itemscope=\"itemscope\" itemtype=\"https:\/\/schema.org\/BlogPosting\" itemprop=\"blogPost\" ><div class='avia_textblock  '   itemprop=\"text\" ><p class=\"v1MsoNormal\" style=\"text-align: justify;\">El Tribunal de Juicio Oral en lo Penal de Coyhaique dict\u00f3 veredicto condenatorio en contra de V\u00edctor Fabi\u00e1n Medina Pradenas, en calidad de autor del delito consumado de homicidio simple. Il\u00edcito perpetrado en diciembre del a\u00f1o pasado, en la comuna de Chile Chico.<\/p>\n<p class=\"v1MsoNormal\" style=\"text-align: justify;\">En resoluci\u00f3n un\u00e1nime (causa rol 41-2022), el tribunal \u2013integrado por los magistrados Pablo Freire Gavil\u00e1n (presidente), Patricio Z\u00fa\u00f1iga Valenzuela y M\u00f3nica Coloma Pulgar (redactora)\u2013 tras la deliberaci\u00f3n de rigor, dio por acreditado tanto la ocurrencia del delito como la participaci\u00f3n culpable de Medina Pradenas en los hechos.<\/p>\n<p class=\"v1MsoNormal\" style=\"text-align: justify;\">El tribunal arrib\u00f3 a la convicci\u00f3n, m\u00e1s all\u00e1 de toda duda razonable, que dio por acreditado que: \u00abel d\u00eda 26 de diciembre de 2021, en horas de la madrugada, el acusado concurri\u00f3 al domicilio en que se encontraba la v\u00edctima Cristi\u00e1n Alexi Epifanio Pozas, en calle Aiken N\u00ba4 de la ciudad de Chile Chico, y encontr\u00e1ndose este sentado, el imputado con un cuchillo que hab\u00eda tomado de su domicilio, le dio una estocada en la zona abdominal, para luego retirarse del lugar. Producto de aquello, la v\u00edctima result\u00f3 con herida penetrante abdominal tor\u00e1cica de 18 cm. generando lesiones que en definitiva le causaron la muerte minutos m\u00e1s tarde\u00bb.<\/p>\n<p class=\"v1MsoNormal\" style=\"text-align: justify;\">\u00abEllo se pudo establecer a partir de la prueba testimonial, consistente en las declaraciones de las personas que se encontraban presentes en el lugar al momento en que ocurre el hecho, lo que adem\u00e1s se corrobora con la declaraci\u00f3n del acusado que reconoce su participaci\u00f3n. Adem\u00e1s de la pericia de autopsia se puede establecer la causa de la muerte, provocada por la herida penetrante con el cuchillo utilizado por el imputado, el cual entrega a funcionarios policiales y fue exhibido en audiencia, refiriendo el perito m\u00e9dico que sus dimensiones son compatibles con la herida que presentaba el cuerpo de la v\u00edctima\u00bb, consigna el acta de deliberaci\u00f3n.<\/p>\n<p class=\"v1MsoNormal\" style=\"text-align: justify;\">La audiencia de comunicaci\u00f3n de la sentencia \u2013que ser\u00e1 redactada por la magistrada Coloma Pulgar\u2013 qued\u00f3 programada para las 15:30 horas del pr\u00f3ximo viernes 12 de agosto.<\/p>\n<\/div><\/section><\/div><div  style='height:50px' class='hr hr-invisible   avia-builder-el-6  el_after_av_one_full  el_before_av_social_share '><span class='hr-inner ' ><span class='hr-inner-style'><\/span><\/span><\/div><\/p>\n<div  class='av-social-sharing-box  avia-builder-el-7  el_after_av_hr  el_before_av_hr  '><div class='av-share-box'><h5 class='av-share-link-description av-no-toc '>Compartir esta noticia<\/h5><ul class='av-share-box-list noLightbox'><li class='av-share-link av-social-link-facebook' ><a target=\"_blank\" aria-label=\"Compartir en Facebook\" href='https:\/\/www.facebook.com\/sharer.php?u=https:\/\/radiorevelacionfm.cl\/?p=20008&#038;t=Tribunal%20dicta%20veredicto%20condenatorio%20contra%20autor%20de%20homicidio%20de%20jinete%20de%20Chile%20Chico' aria-hidden='false' data-av_icon='\ue8f3' data-av_iconfont='entypo-fontello' title='' data-avia-related-tooltip='Compartir en Facebook' rel=\"noopener\"><span class='avia_hidden_link_text'>Compartir en Facebook<\/span><\/a><\/li><li class='av-share-link av-social-link-twitter' ><a target=\"_blank\" aria-label=\"Compartir en Twitter\" href='https:\/\/twitter.com\/share?text=Tribunal%20dicta%20veredicto%20condenatorio%20contra%20autor%20de%20homicidio%20de%20jinete%20de%20Chile%20Chico&#038;url=https:\/\/radiorevelacionfm.cl\/?p=20008' aria-hidden='false' data-av_icon='\ue8f1' data-av_iconfont='entypo-fontello' title='' data-avia-related-tooltip='Compartir en Twitter' rel=\"noopener\"><span class='avia_hidden_link_text'>Compartir en Twitter<\/span><\/a><\/li><li class='av-share-link av-social-link-whatsapp' ><a target=\"_blank\" aria-label=\"Compartir en Whatsapp\" href='https:\/\/api.whatsapp.com\/send?text=https:\/\/radiorevelacionfm.cl\/?p=20008' aria-hidden='false' data-av_icon='\uf232' data-av_iconfont='entypo-fontello' title='' data-avia-related-tooltip='Compartir en Whatsapp' rel=\"noopener\"><span class='avia_hidden_link_text'>Compartir en Whatsapp<\/span><\/a><\/li><li class='av-share-link av-social-link-linkedin' ><a target=\"_blank\" aria-label=\"Compartir en LinkedIn\" href='https:\/\/linkedin.com\/shareArticle?mini=true&#038;title=Tribunal%20dicta%20veredicto%20condenatorio%20contra%20autor%20de%20homicidio%20de%20jinete%20de%20Chile%20Chico&#038;url=https:\/\/radiorevelacionfm.cl\/?p=20008' aria-hidden='false' data-av_icon='\ue8fc' data-av_iconfont='entypo-fontello' title='' data-avia-related-tooltip='Compartir en LinkedIn' rel=\"noopener\"><span class='avia_hidden_link_text'>Compartir en LinkedIn<\/span><\/a><\/li><li class='av-share-link av-social-link-mail' ><a  aria-label=\"Compartir por correo\" href='mailto:?subject=Tribunal%20dicta%20veredicto%20condenatorio%20contra%20autor%20de%20homicidio%20de%20jinete%20de%20Chile%20Chico&#038;body=https:\/\/radiorevelacionfm.cl\/?p=20008' aria-hidden='false' data-av_icon='\ue805' data-av_iconfont='entypo-fontello' title='' data-avia-related-tooltip='Compartir por correo'><span class='avia_hidden_link_text'>Compartir por correo<\/span><\/a><\/li><\/ul><\/div><\/div>\n<div  style='height:50px' class='hr hr-invisible   avia-builder-el-8  el_after_av_social_share  el_before_av_comments_list '><span class='hr-inner ' ><span class='hr-inner-style'><\/span><\/span><\/div>\n<div  class='av-buildercomment  av-blog-meta-html-info-disabled av-blog-meta-tag-disabled  '><\/div>\n","protected":false},"excerpt":{"rendered":"","protected":false},"author":1,"featured_media":20009,"comment_status":"open","ping_status":"open","sticky":false,"template":"","format":"standard","meta":{"footnotes":""},"categories":[55],"tags":[],"class_list":["post-20008","post","type-post","status-publish","format-standard","has-post-thumbnail","hentry","category-justicia"],"jetpack_featured_media_url":"https:\/\/radiorevelacionfm.cl\/wp-content\/uploads\/2022\/08\/Epifanio_2-1-1.jpg","_links":{"self":[{"href":"https:\/\/radiorevelacionfm.cl\/index.php?rest_route=\/wp\/v2\/posts\/20008","targetHints":{"allow":["GET"]}}],"collection":[{"href":"https:\/\/radiorevelacionfm.cl\/index.php?rest_route=\/wp\/v2\/posts"}],"about":[{"href":"https:\/\/radiorevelacionfm.cl\/index.php?rest_route=\/wp\/v2\/types\/post"}],"author":[{"embeddable":true,"href":"https:\/\/radiorevelacionfm.cl\/index.php?rest_route=\/wp\/v2\/users\/1"}],"replies":[{"embeddable":true,"href":"https:\/\/radiorevelacionfm.cl\/index.php?rest_route=%2Fwp%2Fv2%2Fcomments&post=20008"}],"version-history":[{"count":2,"href":"https:\/\/radiorevelacionfm.cl\/index.php?rest_route=\/wp\/v2\/posts\/20008\/revisions"}],"predecessor-version":[{"id":20011,"href":"https:\/\/radiorevelacionfm.cl\/index.php?rest_route=\/wp\/v2\/posts\/20008\/revisions\/20011"}],"wp:featuredmedia":[{"embeddable":true,"href":"https:\/\/radiorevelacionfm.cl\/index.php?rest_route=\/wp\/v2\/media\/20009"}],"wp:attachment":[{"href":"https:\/\/radiorevelacionfm.cl\/index.php?rest_route=%2Fwp%2Fv2%2Fmedia&parent=20008"}],"wp:term":[{"taxonomy":"category","embeddable":true,"href":"https:\/\/radiorevelacionfm.cl\/index.php?rest_route=%2Fwp%2Fv2%2Fcategories&post=20008"},{"taxonomy":"post_tag","embeddable":true,"href":"https:\/\/radiorevelacionfm.cl\/index.php?rest_route=%2Fwp%2Fv2%2Ftags&post=20008"}],"curies":[{"name":"wp","href":"https:\/\/api.w.org\/{rel}","templated":true}]}}