{"id":20001,"date":"2022-08-03T16:34:25","date_gmt":"2022-08-03T19:34:25","guid":{"rendered":"https:\/\/radiorevelacionfm.cl\/?p=20001"},"modified":"2022-08-03T16:34:25","modified_gmt":"2022-08-03T19:34:25","slug":"gobernadora-de-aysen-exige-que-se-retracte-resolucion-que-entrega-300-toneladas-de-erizos-a-la-region-de-los-lagos","status":"publish","type":"post","link":"https:\/\/radiorevelacionfm.cl\/?p=20001","title":{"rendered":"Gobernadora de Ays\u00e9n exige que se retracte resoluci\u00f3n que entrega 300 toneladas de erizos a la Regi\u00f3n de Los Lagos"},"content":{"rendered":"<div class=\"flex_column av_one_full  flex_column_div av-zero-column-padding first  avia-builder-el-0  el_before_av_one_full  avia-builder-el-first  \" style='border-radius:0px; '><div  class='avia-image-container  av-styling-    avia-builder-el-1  avia-builder-el-no-sibling  avia-align-center '  itemprop=\"image\" itemscope=\"itemscope\" itemtype=\"https:\/\/schema.org\/ImageObject\"  ><div class='avia-image-container-inner'><div class='avia-image-overlay-wrap'><img decoding=\"async\" class='wp-image-20002 avia-img-lazy-loading-not-20002 avia_image' src=\"https:\/\/radiorevelacionfm.cl\/wp-content\/uploads\/2022\/08\/erizos-1-1.jpg\" alt='' title='erizos (1) (1)' height=\"600\" width=\"886\"  itemprop=\"thumbnailUrl\" srcset=\"https:\/\/radiorevelacionfm.cl\/wp-content\/uploads\/2022\/08\/erizos-1-1.jpg 886w, https:\/\/radiorevelacionfm.cl\/wp-content\/uploads\/2022\/08\/erizos-1-1-300x203.jpg 300w, https:\/\/radiorevelacionfm.cl\/wp-content\/uploads\/2022\/08\/erizos-1-1-768x520.jpg 768w, https:\/\/radiorevelacionfm.cl\/wp-content\/uploads\/2022\/08\/erizos-1-1-705x477.jpg 705w, https:\/\/radiorevelacionfm.cl\/wp-content\/uploads\/2022\/08\/erizos-1-1-600x406.jpg 600w\" sizes=\"(max-width: 886px) 100vw, 886px\" \/><\/div><\/div><\/div><\/div><div class=\"flex_column av_one_full  flex_column_div av-zero-column-padding first  avia-builder-el-2  el_after_av_one_full  el_before_av_one_full  column-top-margin\" style='border-radius:0px; '><section class=\"av_textblock_section \"  itemscope=\"itemscope\" itemtype=\"https:\/\/schema.org\/BlogPosting\" itemprop=\"blogPost\" ><div class='avia_textblock  '   itemprop=\"text\" ><p style=\"text-align: center;\"><strong><span style=\"font-size: 18pt;\">Gobernadora de Ays\u00e9n exige que se retracte resoluci\u00f3n que entrega 300 toneladas de erizos a la Regi\u00f3n de Los Lagos<\/span><\/strong><\/p>\n<div id=\"gtx-trans\" style=\"position: absolute; left: -50px; top: 4.31534px;\">\n<div class=\"gtx-trans-icon\"><\/div>\n<\/div>\n<\/div><\/section><\/div><div class=\"flex_column av_one_full  flex_column_div av-zero-column-padding first  avia-builder-el-4  el_after_av_one_full  el_before_av_hr  column-top-margin\" style='border-radius:0px; '><section class=\"av_textblock_section \"  itemscope=\"itemscope\" itemtype=\"https:\/\/schema.org\/BlogPosting\" itemprop=\"blogPost\" ><div class='avia_textblock  '   itemprop=\"text\" ><p style=\"text-align: justify;\">La Gobernadora Regional de Ays\u00e9n, Andrea Mac\u00edas Palma, expres\u00f3 que los pescadores artesanales de la Regi\u00f3n de Ays\u00e9n han tenido un manejo respetuoso y\u00a0 sustentable del recurso erizo, y estuvo de acuerdo con ellos sobre que la disminuci\u00f3n de trescientas toneladas, como indica el documento de modificaci\u00f3n \u00abResoluci\u00f3n Exenta N\u00ba675 de 2022\u00bb, debe ser restituido. Esto, durante la reuni\u00f3n telem\u00e1tica donde participaron representantes de la Subsecretar\u00eda de Pesca y Acuicultura.<\/p>\n<p style=\"text-align: justify;\">Los pescadores artesanales de la Regi\u00f3n de Los Lagos hab\u00edan realizado movilizaciones los \u00faltimos d\u00edas exigiendo aumentar la cifra de la cuota de extracci\u00f3n del recurso erizo, expresando la intenci\u00f3n de sacar una parte desde la Regi\u00f3n de Ays\u00e9n, donde los pescadores artesanales han cumplido con las cantidades establecidas.<\/p>\n<p style=\"text-align: justify;\">Durante la noche de ayer, los pescadores artesanales de la D\u00e9cima Regi\u00f3n suspendieron las movilizaciones, luego que los integrantes de la mesa bent\u00f3nica de dicha zona y la Subsecretar\u00eda de Pesca y Acuicultura llegaran a un acuerdo.<\/p>\n<p style=\"text-align: justify;\">Seg\u00fan el documento de la modificaci\u00f3n de \u00abResoluci\u00f3n Exenta N\u00ba 675 de 2022\u00bb, con fecha 2 de agosto de este a\u00f1o, informa que un cambio de 6.320 a 6.020 toneladas para la Regi\u00f3n de Ays\u00e9n, mientras que a la Regi\u00f3n de Los Lagos 8.904,53, la cifra anterior era de 8.604,53 toneladas.<\/p>\n<p style=\"text-align: justify;\">\u00abLa Regi\u00f3n de Ays\u00e9n no puede ser la respuesta permanente a los conflictos de la D\u00e9cima Regi\u00f3n. Nosotros hemos procurado hacer un manejo sustentable de los recursos, por lo tanto, hoy haremos la defensa de nuestro territorio, de nuestros recursos\u00bb, dijo la Gobernadora Regional, Andrea Mac\u00edas Palma.<\/p>\n<p style=\"text-align: justify;\">Durante la junta sostenida, los pescadores artesanales de la Regi\u00f3n de Ays\u00e9n, mostraron estar de acuerdo hacia la informaci\u00f3n expresada por la Gobernadora.<\/p>\n<p style=\"text-align: justify;\">Para las cinco de la tarde qued\u00f3 fijada una reuni\u00f3n en la que participar\u00e1n pescadores artesanales, la Gobernadora Regional, Andrea Mac\u00edas Palma, para dialogar y escuchar la respuesta desde la Subsecretar\u00eda de Pesca y Acuicultura ante las inquietudes planteadas por los diferentes sectores.<\/p>\n<\/div><\/section><\/div><div  style='height:50px' class='hr hr-invisible   avia-builder-el-6  el_after_av_one_full  el_before_av_social_share '><span class='hr-inner ' ><span class='hr-inner-style'><\/span><\/span><\/div><\/p>\n<div  class='av-social-sharing-box  avia-builder-el-7  el_after_av_hr  el_before_av_hr  '><div class='av-share-box'><h5 class='av-share-link-description av-no-toc '>Compartir esta noticia<\/h5><ul class='av-share-box-list noLightbox'><li class='av-share-link av-social-link-facebook' ><a target=\"_blank\" aria-label=\"Compartir en Facebook\" href='https:\/\/www.facebook.com\/sharer.php?u=https:\/\/radiorevelacionfm.cl\/?p=20001&#038;t=Gobernadora%20de%20Ays%C3%A9n%20exige%20que%20se%20retracte%20resoluci%C3%B3n%20que%20entrega%20300%20toneladas%20de%20erizos%20a%20la%20Regi%C3%B3n%20de%20Los%20Lagos' aria-hidden='false' data-av_icon='\ue8f3' data-av_iconfont='entypo-fontello' title='' data-avia-related-tooltip='Compartir en Facebook' rel=\"noopener\"><span class='avia_hidden_link_text'>Compartir en Facebook<\/span><\/a><\/li><li class='av-share-link av-social-link-twitter' ><a target=\"_blank\" aria-label=\"Compartir en Twitter\" href='https:\/\/twitter.com\/share?text=Gobernadora%20de%20Ays%C3%A9n%20exige%20que%20se%20retracte%20resoluci%C3%B3n%20que%20entrega%20300%20toneladas%20de%20erizos%20a%20la%20Regi%C3%B3n%20de%20Los%20Lagos&#038;url=https:\/\/radiorevelacionfm.cl\/?p=20001' aria-hidden='false' data-av_icon='\ue8f1' data-av_iconfont='entypo-fontello' title='' data-avia-related-tooltip='Compartir en Twitter' rel=\"noopener\"><span class='avia_hidden_link_text'>Compartir en Twitter<\/span><\/a><\/li><li class='av-share-link av-social-link-whatsapp' ><a target=\"_blank\" aria-label=\"Compartir en Whatsapp\" href='https:\/\/api.whatsapp.com\/send?text=https:\/\/radiorevelacionfm.cl\/?p=20001' aria-hidden='false' data-av_icon='\uf232' data-av_iconfont='entypo-fontello' title='' data-avia-related-tooltip='Compartir en Whatsapp' rel=\"noopener\"><span class='avia_hidden_link_text'>Compartir en Whatsapp<\/span><\/a><\/li><li class='av-share-link av-social-link-linkedin' ><a target=\"_blank\" aria-label=\"Compartir en LinkedIn\" href='https:\/\/linkedin.com\/shareArticle?mini=true&#038;title=Gobernadora%20de%20Ays%C3%A9n%20exige%20que%20se%20retracte%20resoluci%C3%B3n%20que%20entrega%20300%20toneladas%20de%20erizos%20a%20la%20Regi%C3%B3n%20de%20Los%20Lagos&#038;url=https:\/\/radiorevelacionfm.cl\/?p=20001' aria-hidden='false' data-av_icon='\ue8fc' data-av_iconfont='entypo-fontello' title='' data-avia-related-tooltip='Compartir en LinkedIn' rel=\"noopener\"><span class='avia_hidden_link_text'>Compartir en LinkedIn<\/span><\/a><\/li><li class='av-share-link av-social-link-mail' ><a  aria-label=\"Compartir por correo\" href='mailto:?subject=Gobernadora%20de%20Ays%C3%A9n%20exige%20que%20se%20retracte%20resoluci%C3%B3n%20que%20entrega%20300%20toneladas%20de%20erizos%20a%20la%20Regi%C3%B3n%20de%20Los%20Lagos&#038;body=https:\/\/radiorevelacionfm.cl\/?p=20001' aria-hidden='false' data-av_icon='\ue805' data-av_iconfont='entypo-fontello' title='' data-avia-related-tooltip='Compartir por correo'><span class='avia_hidden_link_text'>Compartir por correo<\/span><\/a><\/li><\/ul><\/div><\/div>\n<div  style='height:50px' class='hr hr-invisible   avia-builder-el-8  el_after_av_social_share  el_before_av_comments_list '><span class='hr-inner ' ><span class='hr-inner-style'><\/span><\/span><\/div>\n<div  class='av-buildercomment  av-blog-meta-html-info-disabled av-blog-meta-tag-disabled  '><\/div>\n","protected":false},"excerpt":{"rendered":"","protected":false},"author":1,"featured_media":20002,"comment_status":"open","ping_status":"open","sticky":false,"template":"","format":"standard","meta":{"footnotes":""},"categories":[60],"tags":[],"class_list":["post-20001","post","type-post","status-publish","format-standard","has-post-thumbnail","hentry","category-pesca"],"jetpack_featured_media_url":"https:\/\/radiorevelacionfm.cl\/wp-content\/uploads\/2022\/08\/erizos-1-1.jpg","_links":{"self":[{"href":"https:\/\/radiorevelacionfm.cl\/index.php?rest_route=\/wp\/v2\/posts\/20001","targetHints":{"allow":["GET"]}}],"collection":[{"href":"https:\/\/radiorevelacionfm.cl\/index.php?rest_route=\/wp\/v2\/posts"}],"about":[{"href":"https:\/\/radiorevelacionfm.cl\/index.php?rest_route=\/wp\/v2\/types\/post"}],"author":[{"embeddable":true,"href":"https:\/\/radiorevelacionfm.cl\/index.php?rest_route=\/wp\/v2\/users\/1"}],"replies":[{"embeddable":true,"href":"https:\/\/radiorevelacionfm.cl\/index.php?rest_route=%2Fwp%2Fv2%2Fcomments&post=20001"}],"version-history":[{"count":2,"href":"https:\/\/radiorevelacionfm.cl\/index.php?rest_route=\/wp\/v2\/posts\/20001\/revisions"}],"predecessor-version":[{"id":20004,"href":"https:\/\/radiorevelacionfm.cl\/index.php?rest_route=\/wp\/v2\/posts\/20001\/revisions\/20004"}],"wp:featuredmedia":[{"embeddable":true,"href":"https:\/\/radiorevelacionfm.cl\/index.php?rest_route=\/wp\/v2\/media\/20002"}],"wp:attachment":[{"href":"https:\/\/radiorevelacionfm.cl\/index.php?rest_route=%2Fwp%2Fv2%2Fmedia&parent=20001"}],"wp:term":[{"taxonomy":"category","embeddable":true,"href":"https:\/\/radiorevelacionfm.cl\/index.php?rest_route=%2Fwp%2Fv2%2Fcategories&post=20001"},{"taxonomy":"post_tag","embeddable":true,"href":"https:\/\/radiorevelacionfm.cl\/index.php?rest_route=%2Fwp%2Fv2%2Ftags&post=20001"}],"curies":[{"name":"wp","href":"https:\/\/api.w.org\/{rel}","templated":true}]}}