{"id":19981,"date":"2022-08-03T15:39:58","date_gmt":"2022-08-03T18:39:58","guid":{"rendered":"https:\/\/radiorevelacionfm.cl\/?p=19981"},"modified":"2022-08-03T15:39:58","modified_gmt":"2022-08-03T18:39:58","slug":"ciclo-de-talleres-investigadores-abordaran-en-coyhaique-efectos-concretos-de-la-crisis-climatica-en-aysen","status":"publish","type":"post","link":"https:\/\/radiorevelacionfm.cl\/?p=19981","title":{"rendered":"Ciclo de Talleres: Investigadores abordar\u00e1n en Coyhaique efectos concretos de la crisis clim\u00e1tica en Ays\u00e9n"},"content":{"rendered":"<div class=\"flex_column av_one_full  flex_column_div av-zero-column-padding first  avia-builder-el-0  el_before_av_one_full  avia-builder-el-first  \" style='border-radius:0px; '><div  class='avia-image-container  av-styling-    avia-builder-el-1  avia-builder-el-no-sibling  avia-align-center '  itemprop=\"image\" itemscope=\"itemscope\" itemtype=\"https:\/\/schema.org\/ImageObject\"  ><div class='avia-image-container-inner'><div class='avia-image-overlay-wrap'><img decoding=\"async\" class='wp-image-19984 avia-img-lazy-loading-not-19984 avia_image' src=\"https:\/\/radiorevelacionfm.cl\/wp-content\/uploads\/2022\/08\/Mesa-de-trabajo-1-1-1.jpg\" alt='' title='Mesa de trabajo 1 (1) (1)' height=\"600\" width=\"480\"  itemprop=\"thumbnailUrl\" srcset=\"https:\/\/radiorevelacionfm.cl\/wp-content\/uploads\/2022\/08\/Mesa-de-trabajo-1-1-1.jpg 480w, https:\/\/radiorevelacionfm.cl\/wp-content\/uploads\/2022\/08\/Mesa-de-trabajo-1-1-1-240x300.jpg 240w\" sizes=\"(max-width: 480px) 100vw, 480px\" \/><\/div><\/div><\/div><\/div><div class=\"flex_column av_one_full  flex_column_div av-zero-column-padding first  avia-builder-el-2  el_after_av_one_full  el_before_av_one_full  column-top-margin\" style='border-radius:0px; '><section class=\"av_textblock_section \"  itemscope=\"itemscope\" itemtype=\"https:\/\/schema.org\/BlogPosting\" itemprop=\"blogPost\" ><div class='avia_textblock  '   itemprop=\"text\" ><p style=\"text-align: center;\"><span style=\"font-size: 18pt;\"><b><span lang=\"ES\">Ciclo de Talleres: I<\/span><\/b><b>nvestigadores abordar<\/b><b><span lang=\"X-NONE\">\u00e1n<span class=\"v1gmail-Apple-converted-space\">\u00a0<\/span><\/span><\/b><b>en Coyhaique<span class=\"v1gmail-Apple-converted-space\">\u00a0<\/span><\/b><b><span lang=\"ES\">efectos concretos<span class=\"v1gmail-Apple-converted-space\">\u00a0<\/span><\/span><\/b><b><span lang=\"X-NONE\">de la crisis clim\u00e1tica en Ays\u00e9n<\/span><\/b><\/span><\/p>\n<div id=\"gtx-trans\" style=\"position: absolute; left: -50px; top: 4.31534px;\">\n<div class=\"gtx-trans-icon\"><\/div>\n<\/div>\n<\/div><\/section><\/div><div class=\"flex_column av_one_full  flex_column_div av-zero-column-padding first  avia-builder-el-4  el_after_av_one_full  el_before_av_hr  column-top-margin\" style='border-radius:0px; '><section class=\"av_textblock_section \"  itemscope=\"itemscope\" itemtype=\"https:\/\/schema.org\/BlogPosting\" itemprop=\"blogPost\" ><div class='avia_textblock  '   itemprop=\"text\" ><p class=\"v1MsoNormal\" style=\"text-align: justify;\"><span lang=\"ES\">Con la ponencia de investigadores de cada una de las<span class=\"v1gmail-Apple-converted-space\">\u00a0<\/span><\/span><span lang=\"X-NONE\">\u00e1reas en discusi\u00f3n, desde el martes 9 al viernes 12 de agosto se realizar\u00e1 en Coyhaique una serie de talleres en el marco de la 7a Escuela de Invierno de la Universidad de Ays\u00e9n.\u00a0<span class=\"v1gmail-Apple-converted-space\">\u00a0<\/span><\/span><\/p>\n<p class=\"v1MsoNormal\" style=\"text-align: justify;\"><span lang=\"X-NONE\">Se trata del ciclo \u00abCrisis Clim\u00e1tica en Ays\u00e9n: Reflexiones socioambientales para la acci\u00f3n\u00bb, que organiza esa casa de estudios junto a<span class=\"v1gmail-Apple-converted-space\">\u00a0<\/span><\/span>la Fundaci\u00f3n<span class=\"v1gmail-Apple-converted-space\">\u00a0<\/span><span lang=\"X-NONE\">Chile Sustentable, la Agrupaci\u00f3n Ays\u00e9n Reserva de Vida y la Corporaci\u00f3n Privada para el Desarrollo de Ays\u00e9n (Codesa).\u00a0<span class=\"v1gmail-Apple-converted-space\">\u00a0<\/span><\/span><\/p>\n<p class=\"v1MsoNormal\" style=\"text-align: justify;\"><span lang=\"X-NONE\">El objetivo es generar un di\u00e1logo entre la academia y la ciudadan\u00eda en torno a los efectos del calentamiento global en Ays\u00e9n en distintos sectores.\u00a0<span class=\"v1gmail-Apple-converted-space\">\u00a0<\/span>Y en especial discutir c\u00f3mo aportamos en la regi\u00f3n a profundizar o disminuir el problema, as\u00ed como propuestas de adaptaci\u00f3n y resiliencia ante lo que se viene.<\/span><span lang=\"X-NONE\"><span class=\"v1gmail-Apple-converted-space\">\u00a0<\/span><\/span><span lang=\"X-NONE\">\u00abSe ha hecho ya un levantamiento de informaci\u00f3n base sobre lo que desde el Estado se ha pesquisado, as\u00ed como desde la academia. La idea es que en estos talleres los investigadores aborden aspectos espec\u00edficos, en un intercambio con los asistentes que nutra el diagn\u00f3stico y las propuestas con la mirada de los habitantes del propio territorio y las organizaciones\u00bb explic\u00f3 Sara Larra\u00edn, directora de Chile Sustentable.<\/span><\/p>\n<p class=\"v1MsoNormal\" style=\"text-align: justify;\"><span lang=\"X-NONE\">TURISMO, RURALIDAD, OC\u00c9ANOS Y CUENCAS<\/span><\/p>\n<p class=\"v1MsoNormal\" style=\"text-align: justify;\"><span lang=\"X-NONE\">Todos los talleres se desarrollar\u00e1n en el Campus Lillo 1 de la Universidad de Ays\u00e9n (Eusebio Lillo esquina Simpson), desde las 15:00 hrs.<\/span><\/p>\n<p class=\"v1MsoNormal\" style=\"text-align: justify;\"><span lang=\"X-NONE\">El<span class=\"v1gmail-Apple-converted-space\">\u00a0<\/span>martes 9<span class=\"v1gmail-Apple-converted-space\">\u00a0<\/span>partir\u00e1 con<span class=\"v1gmail-Apple-converted-space\">\u00a0<\/span>\u00abTurismo: Efectos, aportes, resiliencia y mitigaci\u00f3n del cambio clim\u00e1tico\u00bb, con la ponencia de la<span class=\"v1gmail-Apple-converted-space\">\u00a0<\/span>ge\u00f3loga<span class=\"v1gmail-Apple-converted-space\">\u00a0<\/span>Alexandra Salazar, profesional del Centro de Investigaci\u00f3n en Ecosistemas de la Patagonia (CIEP) con experiencia en coordinaci\u00f3n de proyectos de turismo cient\u00edfico en la regi\u00f3n de Ays\u00e9n y trabajo con actores locales en tem\u00e1ticas relacionadas al cambio clim\u00e1tico.\u00a0<span class=\"v1gmail-Apple-converted-space\">\u00a0<\/span>Adem\u00e1s, expondr\u00e1 el<span class=\"v1gmail-Apple-converted-space\">\u00a0<\/span>Dr. en Geograf\u00eda de la Universidad Grenoble Alpes Fabien Bourlon, investigador residente y responsable del \u00e1rea de Turismo Cient\u00edfico del Departamento de Turismo Sustentable del CIEP. Moderar\u00e1 el presidente de Codesa, Erwin Sandoval.<\/span><\/p>\n<p class=\"v1MsoNormal\" style=\"text-align: justify;\"><span lang=\"X-NONE\">Ese d\u00eda, adem\u00e1s, se lanzar\u00e1 el convenio de colaboraci\u00f3n suscrito entre estas organizaciones de la sociedad civil y la Universidad de Ays\u00e9n.<\/span><\/p>\n<p class=\"v1MsoNormal\" style=\"text-align: justify;\"><span lang=\"X-NONE\">El<span class=\"v1gmail-Apple-converted-space\">\u00a0<\/span>mi\u00e9rcoles 10<span class=\"v1gmail-Apple-converted-space\">\u00a0<\/span>se abordar\u00e1<span class=\"v1gmail-Apple-converted-space\">\u00a0<\/span>\u00abRuralidad: Efectos, aportes, resiliencia y mitigaci\u00f3n\u00bb, con la<span class=\"v1gmail-Apple-converted-space\">\u00a0<\/span>Dra. en Ciencias Agrarias Paulina Flores, investigadora de la Universidad de Ays\u00e9n quien se ha desempe\u00f1ado en \u00e1reas relacionadas a producci\u00f3n animal sustentable de ganader\u00eda bovina, ovina y porcina, con experiencia en sistemas pastoriles e industria c\u00e1rnica, en Chile y Nueva Zelanda. Ese d\u00eda tambi\u00e9n expondr\u00e1 el<span class=\"v1gmail-Apple-converted-space\">\u00a0<\/span>Dr. en Ecolog\u00eda Mauricio Gonz\u00e1lez, especializado en agroecolog\u00eda y agricultura sustentable, hoy acad\u00e9mico del Instituto de Producci\u00f3n y Sanidad Vegetal de la Facultad de Ciencias Agrarias y Alimentarias de la Universidad Austral de Chile.\u00a0<span class=\"v1gmail-Apple-converted-space\">\u00a0<\/span>Moderar\u00e1 la periodista de la ONG Ecosistemas Mitzi Urtubia.<\/span><\/p>\n<p class=\"v1MsoNormal\" style=\"text-align: justify;\"><span lang=\"X-NONE\">El<span class=\"v1gmail-Apple-converted-space\">\u00a0<\/span>jueves 11<span class=\"v1gmail-Apple-converted-space\">\u00a0<\/span>ser\u00e1 el turno de<span class=\"v1gmail-Apple-converted-space\">\u00a0<\/span>\u00abActividad pesquera: Efectos, aportes, resiliencia y mitigaci\u00f3n\u00bb, donde participar\u00e1 el<span class=\"v1gmail-Apple-converted-space\">\u00a0<\/span>PhD en Qu\u00edmica Rodrigo Torres, investigador del CIEP y del Centro IDEAL, donde investiga la biogeoqu\u00edmica del carbono, la s\u00edlice y el hierro. Parte de su trabajo se ha centrado en el intercambio de di\u00f3xido de carbono entre el mar y la atm\u00f3sfera.\u00a0<span class=\"v1gmail-Apple-converted-space\">\u00a0<\/span>Moderar\u00e1 la soci\u00f3loga Ver\u00f3nica Venegas, directora de Codesa.<span class=\"v1gmail-Apple-converted-space\">\u00a0<\/span><\/span><\/p>\n<p class=\"v1MsoNormal\" style=\"text-align: justify;\"><span lang=\"X-NONE\">El<span class=\"v1gmail-Apple-converted-space\">\u00a0<\/span>viernes 12, en tanto, se realizar\u00e1 el taller \u00abClima y agua: Efectos, aportes, resiliencia y mitigaci\u00f3n\u00bb con la exposici\u00f3n del PhD. en Ingenier\u00eda Civil y Ambiental<span class=\"v1gmail-Apple-converted-space\">\u00a0<\/span>Alejandro Dussaillant, acad\u00e9mico de la Universidad de Ays\u00e9n con m\u00e1s de 20 a\u00f1os de experiencia en procesos hidrol\u00f3gicos, an\u00e1lisis de datos y modelaci\u00f3n de hidromorfolog\u00eda fluvial, infraestructura verde y ciencias de captaci\u00f3n, trabajando en proyectos relacionados con extremos hidrol\u00f3gicos y sistemas sostenibles de drenaje, recarga de acu\u00edferos subterr\u00e1neos, energ\u00eda hidroel\u00e9ctrica sustentable e inundaciones extremas, entre otros. Tambi\u00e9n estar\u00e1 el Qu\u00edmico Ambiental y Meteor\u00f3logo<span class=\"v1gmail-Apple-converted-space\">\u00a0<\/span>Luis Alberto G\u00f3mez, investigador del CIEP y acad\u00e9mico de la Universidad Austral de Chile, quien desde 1999 trabaja en temas de calidad del aire urbana y hoy lidera un grupo de investigaci\u00f3n en temas de contaminaci\u00f3n atmosf\u00e9rica y cambio clim\u00e1tico en la regi\u00f3n de Ays\u00e9n. Moderar\u00e1 el periodista de Chile Sustentable y director de Codesa, Patricio Segura.<\/span><\/p>\n<p class=\"v1MsoNormal\" style=\"text-align: justify;\"><span lang=\"X-NONE\">Mayores informaciones e inscripciones al correo<span class=\"v1gmail-Apple-converted-space\">\u00a0<\/span><a href=\"mailto:comunicaciones@chilesustentable.net\" rel=\"noreferrer\">comunicaciones@chilesustentable.net<\/a><span class=\"v1gmail-Apple-converted-space\">\u00a0<\/span>y en la p\u00e1gina<span class=\"v1gmail-Apple-converted-space\">\u00a0<\/span><a href=\"https:\/\/escuelasuaysen.cl\/\" target=\"_blank\" rel=\"noopener noreferrer\">https:\/\/escuelasuaysen.cl<\/a><span class=\"v1gmail-Apple-converted-space\">\u00a0<\/span>.<\/span><\/p>\n<\/div><\/section><\/div><div  style='height:50px' class='hr hr-invisible   avia-builder-el-6  el_after_av_one_full  el_before_av_social_share '><span class='hr-inner ' ><span class='hr-inner-style'><\/span><\/span><\/div><\/p>\n<div  class='av-social-sharing-box  avia-builder-el-7  el_after_av_hr  el_before_av_hr  '><div class='av-share-box'><h5 class='av-share-link-description av-no-toc '>Compartir esta noticia<\/h5><ul class='av-share-box-list noLightbox'><li class='av-share-link av-social-link-facebook' ><a target=\"_blank\" aria-label=\"Compartir en Facebook\" href='https:\/\/www.facebook.com\/sharer.php?u=https:\/\/radiorevelacionfm.cl\/?p=19981&#038;t=Ciclo%20de%20Talleres%3A%20Investigadores%20abordar%C3%A1n%20en%20Coyhaique%20efectos%20concretos%20de%20la%20crisis%20clim%C3%A1tica%20en%20Ays%C3%A9n' aria-hidden='false' data-av_icon='\ue8f3' data-av_iconfont='entypo-fontello' title='' data-avia-related-tooltip='Compartir en Facebook' rel=\"noopener\"><span class='avia_hidden_link_text'>Compartir en Facebook<\/span><\/a><\/li><li class='av-share-link av-social-link-twitter' ><a target=\"_blank\" aria-label=\"Compartir en Twitter\" href='https:\/\/twitter.com\/share?text=Ciclo%20de%20Talleres%3A%20Investigadores%20abordar%C3%A1n%20en%20Coyhaique%20efectos%20concretos%20de%20la%20crisis%20clim%C3%A1tica%20en%20Ays%C3%A9n&#038;url=https:\/\/radiorevelacionfm.cl\/?p=19981' aria-hidden='false' data-av_icon='\ue8f1' data-av_iconfont='entypo-fontello' title='' data-avia-related-tooltip='Compartir en Twitter' rel=\"noopener\"><span class='avia_hidden_link_text'>Compartir en Twitter<\/span><\/a><\/li><li class='av-share-link av-social-link-whatsapp' ><a target=\"_blank\" aria-label=\"Compartir en Whatsapp\" href='https:\/\/api.whatsapp.com\/send?text=https:\/\/radiorevelacionfm.cl\/?p=19981' aria-hidden='false' data-av_icon='\uf232' data-av_iconfont='entypo-fontello' title='' data-avia-related-tooltip='Compartir en Whatsapp' rel=\"noopener\"><span class='avia_hidden_link_text'>Compartir en Whatsapp<\/span><\/a><\/li><li class='av-share-link av-social-link-linkedin' ><a target=\"_blank\" aria-label=\"Compartir en LinkedIn\" href='https:\/\/linkedin.com\/shareArticle?mini=true&#038;title=Ciclo%20de%20Talleres%3A%20Investigadores%20abordar%C3%A1n%20en%20Coyhaique%20efectos%20concretos%20de%20la%20crisis%20clim%C3%A1tica%20en%20Ays%C3%A9n&#038;url=https:\/\/radiorevelacionfm.cl\/?p=19981' aria-hidden='false' data-av_icon='\ue8fc' data-av_iconfont='entypo-fontello' title='' data-avia-related-tooltip='Compartir en LinkedIn' rel=\"noopener\"><span class='avia_hidden_link_text'>Compartir en LinkedIn<\/span><\/a><\/li><li class='av-share-link av-social-link-mail' ><a  aria-label=\"Compartir por correo\" href='mailto:?subject=Ciclo%20de%20Talleres%3A%20Investigadores%20abordar%C3%A1n%20en%20Coyhaique%20efectos%20concretos%20de%20la%20crisis%20clim%C3%A1tica%20en%20Ays%C3%A9n&#038;body=https:\/\/radiorevelacionfm.cl\/?p=19981' aria-hidden='false' data-av_icon='\ue805' data-av_iconfont='entypo-fontello' title='' data-avia-related-tooltip='Compartir por correo'><span class='avia_hidden_link_text'>Compartir por correo<\/span><\/a><\/li><\/ul><\/div><\/div>\n<div  style='height:50px' class='hr hr-invisible   avia-builder-el-8  el_after_av_social_share  el_before_av_comments_list '><span class='hr-inner ' ><span class='hr-inner-style'><\/span><\/span><\/div>\n<div  class='av-buildercomment  av-blog-meta-html-info-disabled av-blog-meta-tag-disabled  '><\/div>\n","protected":false},"excerpt":{"rendered":"","protected":false},"author":1,"featured_media":19985,"comment_status":"open","ping_status":"open","sticky":false,"template":"","format":"standard","meta":{"footnotes":""},"categories":[39],"tags":[],"class_list":["post-19981","post","type-post","status-publish","format-standard","has-post-thumbnail","hentry","category-medio-ambiente"],"jetpack_featured_media_url":"https:\/\/radiorevelacionfm.cl\/wp-content\/uploads\/2022\/08\/mesa-de-trabajo-2-1-1_optimized-1.jpg","_links":{"self":[{"href":"https:\/\/radiorevelacionfm.cl\/index.php?rest_route=\/wp\/v2\/posts\/19981","targetHints":{"allow":["GET"]}}],"collection":[{"href":"https:\/\/radiorevelacionfm.cl\/index.php?rest_route=\/wp\/v2\/posts"}],"about":[{"href":"https:\/\/radiorevelacionfm.cl\/index.php?rest_route=\/wp\/v2\/types\/post"}],"author":[{"embeddable":true,"href":"https:\/\/radiorevelacionfm.cl\/index.php?rest_route=\/wp\/v2\/users\/1"}],"replies":[{"embeddable":true,"href":"https:\/\/radiorevelacionfm.cl\/index.php?rest_route=%2Fwp%2Fv2%2Fcomments&post=19981"}],"version-history":[{"count":2,"href":"https:\/\/radiorevelacionfm.cl\/index.php?rest_route=\/wp\/v2\/posts\/19981\/revisions"}],"predecessor-version":[{"id":19996,"href":"https:\/\/radiorevelacionfm.cl\/index.php?rest_route=\/wp\/v2\/posts\/19981\/revisions\/19996"}],"wp:featuredmedia":[{"embeddable":true,"href":"https:\/\/radiorevelacionfm.cl\/index.php?rest_route=\/wp\/v2\/media\/19985"}],"wp:attachment":[{"href":"https:\/\/radiorevelacionfm.cl\/index.php?rest_route=%2Fwp%2Fv2%2Fmedia&parent=19981"}],"wp:term":[{"taxonomy":"category","embeddable":true,"href":"https:\/\/radiorevelacionfm.cl\/index.php?rest_route=%2Fwp%2Fv2%2Fcategories&post=19981"},{"taxonomy":"post_tag","embeddable":true,"href":"https:\/\/radiorevelacionfm.cl\/index.php?rest_route=%2Fwp%2Fv2%2Ftags&post=19981"}],"curies":[{"name":"wp","href":"https:\/\/api.w.org\/{rel}","templated":true}]}}