{"id":19977,"date":"2022-08-03T17:25:24","date_gmt":"2022-08-03T20:25:24","guid":{"rendered":"https:\/\/radiorevelacionfm.cl\/?p=19977"},"modified":"2022-08-03T18:11:09","modified_gmt":"2022-08-03T21:11:09","slug":"directorio-de-puerto-chacabuco-apuesta-por-fortalecer-clima-laboral-entre-sus-equipos","status":"publish","type":"post","link":"https:\/\/radiorevelacionfm.cl\/?p=19977","title":{"rendered":"Directorio de Puerto Chacabuco apuesta por fortalecer clima laboral entre sus equipos"},"content":{"rendered":"<div class=\"flex_column av_one_full  flex_column_div av-zero-column-padding first  avia-builder-el-0  el_before_av_one_full  avia-builder-el-first  \" style='border-radius:0px; '><div  class='avia-image-container  av-styling-    avia-builder-el-1  avia-builder-el-no-sibling  avia-align-center '  itemprop=\"image\" itemscope=\"itemscope\" itemtype=\"https:\/\/schema.org\/ImageObject\"  ><div class='avia-image-container-inner'><div class='avia-image-overlay-wrap'><img decoding=\"async\" class='wp-image-19978 avia-img-lazy-loading-not-19978 avia_image' src=\"https:\/\/radiorevelacionfm.cl\/wp-content\/uploads\/2022\/08\/portuaria-2022-07-21-at-22_optimized.30.58-1.jpeg\" alt='' title='portuaria-2022-07-21-at-22_optimized.30.58-(1)' height=\"600\" width=\"949\"  itemprop=\"thumbnailUrl\" srcset=\"https:\/\/radiorevelacionfm.cl\/wp-content\/uploads\/2022\/08\/portuaria-2022-07-21-at-22_optimized.30.58-1.jpeg 949w, https:\/\/radiorevelacionfm.cl\/wp-content\/uploads\/2022\/08\/portuaria-2022-07-21-at-22_optimized.30.58-1-300x190.jpeg 300w, https:\/\/radiorevelacionfm.cl\/wp-content\/uploads\/2022\/08\/portuaria-2022-07-21-at-22_optimized.30.58-1-768x486.jpeg 768w, https:\/\/radiorevelacionfm.cl\/wp-content\/uploads\/2022\/08\/portuaria-2022-07-21-at-22_optimized.30.58-1-705x446.jpeg 705w, https:\/\/radiorevelacionfm.cl\/wp-content\/uploads\/2022\/08\/portuaria-2022-07-21-at-22_optimized.30.58-1-600x379.jpeg 600w\" sizes=\"(max-width: 949px) 100vw, 949px\" \/><\/div><\/div><\/div><\/div><div class=\"flex_column av_one_full  flex_column_div av-zero-column-padding first  avia-builder-el-2  el_after_av_one_full  el_before_av_one_full  column-top-margin\" style='border-radius:0px; '><section class=\"av_textblock_section \"  itemscope=\"itemscope\" itemtype=\"https:\/\/schema.org\/BlogPosting\" itemprop=\"blogPost\" ><div class='avia_textblock  '   itemprop=\"text\" ><p style=\"text-align: center;\"><strong><span style=\"font-size: 18pt;\">Directorio de Puerto Chacabuco apuesta por fortalecer clima laboral entre sus equipos<\/span><\/strong><\/p>\n<div id=\"gtx-trans\" style=\"position: absolute; left: -50px; top: 4.31534px;\">\n<div class=\"gtx-trans-icon\"><\/div>\n<\/div>\n<\/div><\/section><\/div><div class=\"flex_column av_one_full  flex_column_div av-zero-column-padding first  avia-builder-el-4  el_after_av_one_full  el_before_av_hr  column-top-margin\" style='border-radius:0px; '><section class=\"av_textblock_section \"  itemscope=\"itemscope\" itemtype=\"https:\/\/schema.org\/BlogPosting\" itemprop=\"blogPost\" ><div class='avia_textblock  '   itemprop=\"text\" ><p class=\"v1Marcelo\" style=\"text-align: justify;\"><span lang=\"ES-MX\">Adem\u00e1s de mantener una activa agenda de trabajo y relacionamiento con autoridades de la regi\u00f3n de Ays\u00e9n, otro foco importante durante el proceso de instalaci\u00f3n del nuevo directorio de Puerto Chacabuco ha estado \u00abpuertas adentro\u00bb, es decir, en lo relativo a los equipos humanos de la portuaria estatal.<\/span><\/p>\n<p class=\"v1Marcelo\" style=\"text-align: justify;\"><span lang=\"ES-MX\">En esa l\u00ednea, adem\u00e1s de algunas definiciones en la reestructuraci\u00f3n de los liderazgos que permitan al puerto abordar sus pr\u00f3ximos desaf\u00edos en materia de vinculaci\u00f3n con la ciudad, infraestructura y sostenibilidad, la mesa directiva sostuvo que ser\u00e1 relevante el fortalecimiento del clima laboral interno entre los trabajadores.<\/span><\/p>\n<p class=\"v1Marcelo\" style=\"text-align: justify;\"><span lang=\"ES-MX\">\u00abComo directorio creemos que los trabajadores forman parte clave dentro del funcionamiento de la empresa. Nosotros queremos tener mucha comunicaci\u00f3n, fluidez y aportar en la construcci\u00f3n un clima laboral propicio y adecuado para que nuestras trabajadoras y trabajadores se mantengan en un ambiente de trabajo grato\u00bb, detall\u00f3 Enrique Runin, presidente de Puerto Chacabuco.<\/span><\/p>\n<p class=\"v1Marcelo\" style=\"text-align: justify;\"><span lang=\"ES-MX\">Desde esa perspectiva, afirm\u00f3 el timonel de la portuaria, \u00abnos hemos propuesto aportar en que ese ambiente sea beneficioso y, sobre todo, que ayude a que los equipos puedan crecer profesionalmente en sus distintas labores, y de esa manera contribuir entre todos a que Puerto Chacabuco pueda cumplir su misi\u00f3n y los distintos lineamientos que el Gobierno nos ha impartido a las distintas empresas del Estado\u00bb.<\/span><\/p>\n<p class=\"v1Marcelo\" style=\"text-align: justify;\"><span lang=\"ES-MX\">Por ello, el directorio encabez\u00f3 una reuni\u00f3n de camarader\u00eda con los trabajadores de Puerto Chacabuco, en los que cada nuevo Director hizo entrega de su mensaje, ocasi\u00f3n en la que los equipos pudieron conocer de forma m\u00e1s cercana a los directores y abordar temas relacionados con el bienestar y desarrollo personal de los colaboradores y colaboradoras.<\/span><\/p>\n<\/div><\/section><\/div><div  style='height:50px' class='hr hr-invisible   avia-builder-el-6  el_after_av_one_full  el_before_av_social_share '><span class='hr-inner ' ><span class='hr-inner-style'><\/span><\/span><\/div><\/p>\n<div  class='av-social-sharing-box  avia-builder-el-7  el_after_av_hr  el_before_av_hr  '><div class='av-share-box'><h5 class='av-share-link-description av-no-toc '>Compartir esta noticia<\/h5><ul class='av-share-box-list noLightbox'><li class='av-share-link av-social-link-facebook' ><a target=\"_blank\" aria-label=\"Compartir en Facebook\" href='https:\/\/www.facebook.com\/sharer.php?u=https:\/\/radiorevelacionfm.cl\/?p=19977&#038;t=Directorio%20de%20Puerto%20Chacabuco%20apuesta%20por%20fortalecer%20clima%20laboral%20entre%20sus%20equipos' aria-hidden='false' data-av_icon='\ue8f3' data-av_iconfont='entypo-fontello' title='' data-avia-related-tooltip='Compartir en Facebook' rel=\"noopener\"><span class='avia_hidden_link_text'>Compartir en Facebook<\/span><\/a><\/li><li class='av-share-link av-social-link-twitter' ><a target=\"_blank\" aria-label=\"Compartir en Twitter\" href='https:\/\/twitter.com\/share?text=Directorio%20de%20Puerto%20Chacabuco%20apuesta%20por%20fortalecer%20clima%20laboral%20entre%20sus%20equipos&#038;url=https:\/\/radiorevelacionfm.cl\/?p=19977' aria-hidden='false' data-av_icon='\ue8f1' data-av_iconfont='entypo-fontello' title='' data-avia-related-tooltip='Compartir en Twitter' rel=\"noopener\"><span class='avia_hidden_link_text'>Compartir en Twitter<\/span><\/a><\/li><li class='av-share-link av-social-link-whatsapp' ><a target=\"_blank\" aria-label=\"Compartir en Whatsapp\" href='https:\/\/api.whatsapp.com\/send?text=https:\/\/radiorevelacionfm.cl\/?p=19977' aria-hidden='false' data-av_icon='\uf232' data-av_iconfont='entypo-fontello' title='' data-avia-related-tooltip='Compartir en Whatsapp' rel=\"noopener\"><span class='avia_hidden_link_text'>Compartir en Whatsapp<\/span><\/a><\/li><li class='av-share-link av-social-link-linkedin' ><a target=\"_blank\" aria-label=\"Compartir en LinkedIn\" href='https:\/\/linkedin.com\/shareArticle?mini=true&#038;title=Directorio%20de%20Puerto%20Chacabuco%20apuesta%20por%20fortalecer%20clima%20laboral%20entre%20sus%20equipos&#038;url=https:\/\/radiorevelacionfm.cl\/?p=19977' aria-hidden='false' data-av_icon='\ue8fc' data-av_iconfont='entypo-fontello' title='' data-avia-related-tooltip='Compartir en LinkedIn' rel=\"noopener\"><span class='avia_hidden_link_text'>Compartir en LinkedIn<\/span><\/a><\/li><li class='av-share-link av-social-link-mail' ><a  aria-label=\"Compartir por correo\" href='mailto:?subject=Directorio%20de%20Puerto%20Chacabuco%20apuesta%20por%20fortalecer%20clima%20laboral%20entre%20sus%20equipos&#038;body=https:\/\/radiorevelacionfm.cl\/?p=19977' aria-hidden='false' data-av_icon='\ue805' data-av_iconfont='entypo-fontello' title='' data-avia-related-tooltip='Compartir por correo'><span class='avia_hidden_link_text'>Compartir por correo<\/span><\/a><\/li><\/ul><\/div><\/div>\n<div  style='height:50px' class='hr hr-invisible   avia-builder-el-8  el_after_av_social_share  el_before_av_comments_list '><span class='hr-inner ' ><span class='hr-inner-style'><\/span><\/span><\/div>\n<div  class='av-buildercomment  av-blog-meta-html-info-disabled av-blog-meta-tag-disabled  '><\/div>\n","protected":false},"excerpt":{"rendered":"","protected":false},"author":1,"featured_media":19978,"comment_status":"open","ping_status":"open","sticky":false,"template":"","format":"standard","meta":{"footnotes":""},"categories":[38],"tags":[],"class_list":["post-19977","post","type-post","status-publish","format-standard","has-post-thumbnail","hentry","category-regional"],"jetpack_featured_media_url":"https:\/\/radiorevelacionfm.cl\/wp-content\/uploads\/2022\/08\/portuaria-2022-07-21-at-22_optimized.30.58-1.jpeg","_links":{"self":[{"href":"https:\/\/radiorevelacionfm.cl\/index.php?rest_route=\/wp\/v2\/posts\/19977","targetHints":{"allow":["GET"]}}],"collection":[{"href":"https:\/\/radiorevelacionfm.cl\/index.php?rest_route=\/wp\/v2\/posts"}],"about":[{"href":"https:\/\/radiorevelacionfm.cl\/index.php?rest_route=\/wp\/v2\/types\/post"}],"author":[{"embeddable":true,"href":"https:\/\/radiorevelacionfm.cl\/index.php?rest_route=\/wp\/v2\/users\/1"}],"replies":[{"embeddable":true,"href":"https:\/\/radiorevelacionfm.cl\/index.php?rest_route=%2Fwp%2Fv2%2Fcomments&post=19977"}],"version-history":[{"count":2,"href":"https:\/\/radiorevelacionfm.cl\/index.php?rest_route=\/wp\/v2\/posts\/19977\/revisions"}],"predecessor-version":[{"id":20016,"href":"https:\/\/radiorevelacionfm.cl\/index.php?rest_route=\/wp\/v2\/posts\/19977\/revisions\/20016"}],"wp:featuredmedia":[{"embeddable":true,"href":"https:\/\/radiorevelacionfm.cl\/index.php?rest_route=\/wp\/v2\/media\/19978"}],"wp:attachment":[{"href":"https:\/\/radiorevelacionfm.cl\/index.php?rest_route=%2Fwp%2Fv2%2Fmedia&parent=19977"}],"wp:term":[{"taxonomy":"category","embeddable":true,"href":"https:\/\/radiorevelacionfm.cl\/index.php?rest_route=%2Fwp%2Fv2%2Fcategories&post=19977"},{"taxonomy":"post_tag","embeddable":true,"href":"https:\/\/radiorevelacionfm.cl\/index.php?rest_route=%2Fwp%2Fv2%2Ftags&post=19977"}],"curies":[{"name":"wp","href":"https:\/\/api.w.org\/{rel}","templated":true}]}}