{"id":1997,"date":"2021-01-21T17:40:59","date_gmt":"2021-01-21T20:40:59","guid":{"rendered":"https:\/\/radiorevelacionfm.cl\/?p=1997"},"modified":"2021-01-21T17:40:59","modified_gmt":"2021-01-21T20:40:59","slug":"exponen-avances-en-disenos-de-terminal-de-buses-de-puerto-cisnes-y-la-junta","status":"publish","type":"post","link":"https:\/\/radiorevelacionfm.cl\/?p=1997","title":{"rendered":"Exponen avances en dise\u00f1os de Terminal de Buses de Puerto Cisnes y La Junta"},"content":{"rendered":"<div class=\"flex_column av_one_full  flex_column_div av-zero-column-padding first  avia-builder-el-0  el_before_av_one_full  avia-builder-el-first  \" style='border-radius:0px; '><div  class='avia-image-container  av-styling-    avia-builder-el-1  avia-builder-el-no-sibling  avia-align-center '  itemprop=\"image\" itemscope=\"itemscope\" itemtype=\"https:\/\/schema.org\/ImageObject\"  ><div class='avia-image-container-inner'><div class='avia-image-overlay-wrap'><img decoding=\"async\" class='wp-image-0 avia-img-lazy-loading-not-0 avia_image' src=\"https:\/\/radiorevelacionfm.cl\/wp-content\/uploads\/2021\/01\/DSC_3075-1.jpg\" alt='' title=''   itemprop=\"thumbnailUrl\"  \/><\/div><\/div><\/div><\/div><div class=\"flex_column av_one_full  flex_column_div av-zero-column-padding first  avia-builder-el-2  el_after_av_one_full  el_before_av_one_full  column-top-margin\" style='border-radius:0px; '><section class=\"av_textblock_section \"  itemscope=\"itemscope\" itemtype=\"https:\/\/schema.org\/BlogPosting\" itemprop=\"blogPost\" ><div class='avia_textblock  '   itemprop=\"text\" ><p style=\"text-align: center;\"><span style=\"font-size: 18pt;\"><strong>Exponen avances en dise\u00f1os de Terminal de Buses de Puerto Cisnes y La Junta<\/strong><\/span><\/p>\n<div id=\"gtx-trans\" style=\"position: absolute; left: -50px; top: 4.31534px;\">\n<div class=\"gtx-trans-icon\"><\/div>\n<\/div>\n<\/div><\/section><\/div><div class=\"flex_column av_one_full  flex_column_div av-zero-column-padding first  avia-builder-el-4  el_after_av_one_full  el_before_av_hr  column-top-margin\" style='border-radius:0px; '><section class=\"av_textblock_section \"  itemscope=\"itemscope\" itemtype=\"https:\/\/schema.org\/BlogPosting\" itemprop=\"blogPost\" ><div class='avia_textblock  '   itemprop=\"text\" ><p style=\"text-align: justify;\"><em>En el marco de la visita de la ministra de Transportes y Telecomunicaciones Gloria Hutt, la municipalidad de la comuna de Cisnes present\u00f3 avance de los proyecto de dise\u00f1o de los terminales de buses de la capital comunal y de La Junta.<\/em><\/p>\n<p style=\"text-align: justify;\">El pasado s\u00e1bado 16 de enero, luego de dar inicio oficial a la tercera frecuencia semanal\u00a0 en el tramo mar\u00edtimo subvencionado Quell\u00f3n \u2013 Melinka \u2013 Puerto Cisnes, la ministra de Transportes y Telecomunicaciones, Gloria Hutt, \u00a0visit\u00f3 el sitio donde estar\u00e1 emplazado el futuro terminal de buses de la cabecera comunal de Cisnes. En el lugar, se realiz\u00f3 una exposici\u00f3n de las propuestas de dise\u00f1o que ha trabajado el municipio con financiamiento ministerial, por un monto de m\u00e1s de $122 millones. Adem\u00e1s se inform\u00f3 que el dise\u00f1o de terminal de La Junta est\u00e1 en proceso de adjudicaci\u00f3n,\u00a0 estudio que se ha financiado por el MTT con una inversi\u00f3n de $90 millones.<\/p>\n<p style=\"text-align: justify;\">La primera autoridad de Transportes a nivel nacional, mencion\u00f3 que desde el ministerio se han hecho avances significativos para generar una Red de Terminales de Buses en Ays\u00e9n. Al trabajo en la comuna de Cisnes, se suma la adjudicaci\u00f3n de los dise\u00f1os de este tipo de infraestructura vial en Puerto Ays\u00e9n y Puerto Tranquilo, con una inversi\u00f3n de $123 y $90 millones, respectivamente.<\/p>\n<p style=\"text-align: justify;\">\u201cYa tenemos el terminal de buses de Coyhaique, y nos falta configurar esta red de terminales. Queremos que \u00e9stos tengan un rol clave en la conectividad y que las personas reciban el mejor servicio. No s\u00f3lo durante el transporte, sino que tambi\u00e9n en la espera encuentren una instalaci\u00f3n del mejor nivel. Esta regi\u00f3n tiene una vocaci\u00f3n tur\u00edstica de gran potencial y con estas instalaciones se asegura que eso se pueda desarrollar. Es posible que pueda existir un alto est\u00e1ndar en cualquier lugar de la regi\u00f3n de Ays\u00e9n\u201d, asegur\u00f3 la ministra Hutt.<\/p>\n<p style=\"text-align: justify;\">El seremiTT Fabi\u00e1n Rojas, a\u00f1adi\u00f3 que, los terminales de buses en Puerto Cisnes y La Junta son \u201cdos puntos importantes desde el punto de vista de la planificaci\u00f3n de transporte. En el caso de La Junta que es la puerta de entrada norte a Ays\u00e9n que no contaba con un espacio de calidad para recibir turistas o a los usuarios del d\u00eda a d\u00eda. Puerto Cisnes es la puerta mar\u00edtima de entrada, la mayor cantidad de pasajeros circula por Puerto Cisnes. Tambi\u00e9n es importante que exista un crecimiento arm\u00f3nico, as\u00ed lo ha establecido el alcalde en orden a generar infraestructura. \u00a0Esto va a potenciar la imagen productiva y tur\u00edstica de la comuna de Cisnes\u201d, concluy\u00f3<\/p>\n<p style=\"text-align: justify;\">Desde el municipio de Cisnes, su alcalde Francisco Roncagliolo, valor\u00f3 el aporte a la infraestructura local, acorde a las aspiraciones de desarrollo que se proyectan en la comuna. \u201cEs muy esperado este terminal y esto se suma a un trabajo que hemos estado desarrollando en La Junta con el seremi. Con esto le vamos a cambiar la cara a nuestra ciudad y lo vamos a instalar como una puerta de entrada a la regi\u00f3n. Es lo que nos faltaba para consolidar el transporte de pasajeros porque va haber una ruta para quienes nos visitan y una ruta para la log\u00edstica regional. Estas inversiones van a ser un antes y un despu\u00e9s en el desarrollo de Puerto Cisnes y la Junta\u201d.<\/p>\n<p style=\"text-align: justify;\">Cada uno de estos estudios de dise\u00f1o incluir\u00e1 procesos de participaci\u00f3n ciudadana de forma de plasmar en el proyecto final las necesidades de la poblaci\u00f3n usuaria.<\/p>\n<\/div><\/section><\/div><div  style='height:50px' class='hr hr-invisible   avia-builder-el-6  el_after_av_one_full  el_before_av_social_share '><span class='hr-inner ' ><span class='hr-inner-style'><\/span><\/span><\/div><\/p>\n<div  class='av-social-sharing-box  avia-builder-el-7  el_after_av_hr  el_before_av_hr  '><div class='av-share-box'><h5 class='av-share-link-description av-no-toc '>Compartir esta noticia<\/h5><ul class='av-share-box-list noLightbox'><li class='av-share-link av-social-link-facebook' ><a target=\"_blank\" aria-label=\"Compartir en Facebook\" href='https:\/\/www.facebook.com\/sharer.php?u=https:\/\/radiorevelacionfm.cl\/?p=1997&#038;t=Exponen%20avances%20en%20dise%C3%B1os%20de%20Terminal%20de%20Buses%20de%20Puerto%20Cisnes%20y%20La%20Junta' aria-hidden='false' data-av_icon='\ue8f3' data-av_iconfont='entypo-fontello' title='' data-avia-related-tooltip='Compartir en Facebook' rel=\"noopener\"><span class='avia_hidden_link_text'>Compartir en Facebook<\/span><\/a><\/li><li class='av-share-link av-social-link-twitter' ><a target=\"_blank\" aria-label=\"Compartir en Twitter\" href='https:\/\/twitter.com\/share?text=Exponen%20avances%20en%20dise%C3%B1os%20de%20Terminal%20de%20Buses%20de%20Puerto%20Cisnes%20y%20La%20Junta&#038;url=https:\/\/radiorevelacionfm.cl\/?p=1997' aria-hidden='false' data-av_icon='\ue8f1' data-av_iconfont='entypo-fontello' title='' data-avia-related-tooltip='Compartir en Twitter' rel=\"noopener\"><span class='avia_hidden_link_text'>Compartir en Twitter<\/span><\/a><\/li><li class='av-share-link av-social-link-whatsapp' ><a target=\"_blank\" aria-label=\"Compartir en Whatsapp\" href='https:\/\/api.whatsapp.com\/send?text=https:\/\/radiorevelacionfm.cl\/?p=1997' aria-hidden='false' data-av_icon='\uf232' data-av_iconfont='entypo-fontello' title='' data-avia-related-tooltip='Compartir en Whatsapp' rel=\"noopener\"><span class='avia_hidden_link_text'>Compartir en Whatsapp<\/span><\/a><\/li><li class='av-share-link av-social-link-linkedin' ><a target=\"_blank\" aria-label=\"Compartir en LinkedIn\" href='https:\/\/linkedin.com\/shareArticle?mini=true&#038;title=Exponen%20avances%20en%20dise%C3%B1os%20de%20Terminal%20de%20Buses%20de%20Puerto%20Cisnes%20y%20La%20Junta&#038;url=https:\/\/radiorevelacionfm.cl\/?p=1997' aria-hidden='false' data-av_icon='\ue8fc' data-av_iconfont='entypo-fontello' title='' data-avia-related-tooltip='Compartir en LinkedIn' rel=\"noopener\"><span class='avia_hidden_link_text'>Compartir en LinkedIn<\/span><\/a><\/li><li class='av-share-link av-social-link-mail' ><a  aria-label=\"Compartir por correo\" href='mailto:?subject=Exponen%20avances%20en%20dise%C3%B1os%20de%20Terminal%20de%20Buses%20de%20Puerto%20Cisnes%20y%20La%20Junta&#038;body=https:\/\/radiorevelacionfm.cl\/?p=1997' aria-hidden='false' data-av_icon='\ue805' data-av_iconfont='entypo-fontello' title='' data-avia-related-tooltip='Compartir por correo'><span class='avia_hidden_link_text'>Compartir por correo<\/span><\/a><\/li><\/ul><\/div><\/div>\n<div  style='height:50px' class='hr hr-invisible   avia-builder-el-8  el_after_av_social_share  el_before_av_comments_list '><span class='hr-inner ' ><span class='hr-inner-style'><\/span><\/span><\/div>\n<div  class='av-buildercomment  av-blog-meta-html-info-disabled av-blog-meta-tag-disabled  '><\/div>\n","protected":false},"excerpt":{"rendered":"","protected":false},"author":1,"featured_media":0,"comment_status":"open","ping_status":"open","sticky":false,"template":"","format":"standard","meta":{"footnotes":""},"categories":[38],"tags":[],"class_list":["post-1997","post","type-post","status-publish","format-standard","hentry","category-regional"],"jetpack_featured_media_url":"","_links":{"self":[{"href":"https:\/\/radiorevelacionfm.cl\/index.php?rest_route=\/wp\/v2\/posts\/1997","targetHints":{"allow":["GET"]}}],"collection":[{"href":"https:\/\/radiorevelacionfm.cl\/index.php?rest_route=\/wp\/v2\/posts"}],"about":[{"href":"https:\/\/radiorevelacionfm.cl\/index.php?rest_route=\/wp\/v2\/types\/post"}],"author":[{"embeddable":true,"href":"https:\/\/radiorevelacionfm.cl\/index.php?rest_route=\/wp\/v2\/users\/1"}],"replies":[{"embeddable":true,"href":"https:\/\/radiorevelacionfm.cl\/index.php?rest_route=%2Fwp%2Fv2%2Fcomments&post=1997"}],"version-history":[{"count":1,"href":"https:\/\/radiorevelacionfm.cl\/index.php?rest_route=\/wp\/v2\/posts\/1997\/revisions"}],"predecessor-version":[{"id":1999,"href":"https:\/\/radiorevelacionfm.cl\/index.php?rest_route=\/wp\/v2\/posts\/1997\/revisions\/1999"}],"wp:attachment":[{"href":"https:\/\/radiorevelacionfm.cl\/index.php?rest_route=%2Fwp%2Fv2%2Fmedia&parent=1997"}],"wp:term":[{"taxonomy":"category","embeddable":true,"href":"https:\/\/radiorevelacionfm.cl\/index.php?rest_route=%2Fwp%2Fv2%2Fcategories&post=1997"},{"taxonomy":"post_tag","embeddable":true,"href":"https:\/\/radiorevelacionfm.cl\/index.php?rest_route=%2Fwp%2Fv2%2Ftags&post=1997"}],"curies":[{"name":"wp","href":"https:\/\/api.w.org\/{rel}","templated":true}]}}