{"id":19968,"date":"2022-08-03T10:56:27","date_gmt":"2022-08-03T13:56:27","guid":{"rendered":"https:\/\/radiorevelacionfm.cl\/?p=19968"},"modified":"2022-08-03T10:56:27","modified_gmt":"2022-08-03T13:56:27","slug":"delegacion-de-estudiantes-del-liceo-raul-broussain-campino-realizo-gira-a-santiago","status":"publish","type":"post","link":"https:\/\/radiorevelacionfm.cl\/?p=19968","title":{"rendered":"Delegaci\u00f3n de estudiantes del liceo Ra\u00fal Broussain Campino realiz\u00f3 gira a Santiago"},"content":{"rendered":"<div class=\"flex_column av_one_full  flex_column_div av-zero-column-padding first  avia-builder-el-0  el_before_av_one_full  avia-builder-el-first  \" style='border-radius:0px; '><div  class='avia-image-container  av-styling-    avia-builder-el-1  avia-builder-el-no-sibling  avia-align-center '  itemprop=\"image\" itemscope=\"itemscope\" itemtype=\"https:\/\/schema.org\/ImageObject\"  ><div class='avia-image-container-inner'><div class='avia-image-overlay-wrap'><img decoding=\"async\" class='wp-image-19969 avia-img-lazy-loading-not-19969 avia_image' src=\"https:\/\/radiorevelacionfm.cl\/wp-content\/uploads\/2022\/08\/290923059_1915225348867134_4067847178292901607_n-1_optimized.jpg\" alt='' title='290923059_1915225348867134_4067847178292901607_n-(1)_optimized' height=\"600\" width=\"718\"  itemprop=\"thumbnailUrl\" srcset=\"https:\/\/radiorevelacionfm.cl\/wp-content\/uploads\/2022\/08\/290923059_1915225348867134_4067847178292901607_n-1_optimized.jpg 718w, https:\/\/radiorevelacionfm.cl\/wp-content\/uploads\/2022\/08\/290923059_1915225348867134_4067847178292901607_n-1_optimized-300x251.jpg 300w, https:\/\/radiorevelacionfm.cl\/wp-content\/uploads\/2022\/08\/290923059_1915225348867134_4067847178292901607_n-1_optimized-705x589.jpg 705w, https:\/\/radiorevelacionfm.cl\/wp-content\/uploads\/2022\/08\/290923059_1915225348867134_4067847178292901607_n-1_optimized-600x501.jpg 600w\" sizes=\"(max-width: 718px) 100vw, 718px\" \/><\/div><\/div><\/div><\/div><div class=\"flex_column av_one_full  flex_column_div av-zero-column-padding first  avia-builder-el-2  el_after_av_one_full  el_before_av_one_full  column-top-margin\" style='border-radius:0px; '><section class=\"av_textblock_section \"  itemscope=\"itemscope\" itemtype=\"https:\/\/schema.org\/BlogPosting\" itemprop=\"blogPost\" ><div class='avia_textblock  '   itemprop=\"text\" ><p style=\"text-align: center;\"><strong><span style=\"font-size: 18pt;\">Delegaci\u00f3n de estudiantes del liceo Ra\u00fal Broussain Campino realiz\u00f3 gira a Santiago\u00a0<\/span><\/strong><\/p>\n<div id=\"gtx-trans\" style=\"position: absolute; left: -50px; top: 4.31534px;\">\n<div class=\"gtx-trans-icon\"><\/div>\n<\/div>\n<\/div><\/section><\/div><div class=\"flex_column av_one_full  flex_column_div av-zero-column-padding first  avia-builder-el-4  el_after_av_one_full  el_before_av_hr  column-top-margin\" style='border-radius:0px; '><section class=\"av_textblock_section \"  itemscope=\"itemscope\" itemtype=\"https:\/\/schema.org\/BlogPosting\" itemprop=\"blogPost\" ><div class='avia_textblock  '   itemprop=\"text\" ><p style=\"text-align: justify;\">Como una oportunidad \u00fanica calificaron las alumnas del liceo Ra\u00fal Broussain Campino, en Puerto Ays\u00e9n, la posibilidad de viajar hasta Santiago. Destino que les permiti\u00f3 recorrer algunas de las facultades que forman parte de la Universidad de Chile, as\u00ed como lugares hist\u00f3ricos, como son Centro Cultural La Moneda, Centro Hist\u00f3rico de Santiago, Catedral Metropolitana, cerro Santa Luc\u00eda; y museos de la Memoria, de las Artes, e Hist\u00f3rico Nacional, entre otros.<\/p>\n<p style=\"text-align: justify;\">La instancia se gener\u00f3 tras el buen desempe\u00f1o de las estudiantes, quienes forman parte de la Escuela de Desarrollo de Talentos de la Facultad de Econom\u00eda y Negocios de la prestigiosa universidad. \u201cTenemos desde hace cuatro a\u00f1os un v\u00ednculo con esta escuela de talentos y desde que iniciamos siempre quisimos y anhelamos que nuestros estudiantes que pertenec\u00edan a la escuela pudiesen ir a Santiago y conocer esta universidad. Por razones obvias, ellos son parte de un programa impartido por esta universidad y por todo lo que significa a nivel acad\u00e9mico en nuestro pa\u00eds\u201d, indic\u00f3 Mar\u00eda Jos\u00e9 Molina, jefa UTP del liceo aysenino, y encargada del proceso de postulaci\u00f3n a la EDT y la permanencia de los y las j\u00f3venes. \u201cNuestras estudiantes postularon a este programa, cumplieron los criterios que se exigen y quedaron en la escuela. Y, por supuesto, esperamos que nuestro liceo mantenga este v\u00ednculo por much\u00edsimo tiempo, V\u00ednculo que es posible gracias a la responsabilidad y compromiso de nuestros alumnos\u201d, agreg\u00f3 la profesional, quien fue parte de este viaje.<\/p>\n<p style=\"text-align: justify;\">Junto a ella, un total de ocho estudiantes, acompa\u00f1adas de algunos apoderados y el docente Francisco \u00c1lvarez, conformaron la comitiva raulina, quienes pudieron conocer durante toda una semana las diversas actividades acad\u00e9micas, culturales y extraprogram\u00e1ticas de la casa de estudios superiores, participar de clases magistrales, as\u00ed como intercambiar experiencias de aprendizaje con sus pares de diversos puntos del pa\u00eds, entre otros.<\/p>\n<p style=\"text-align: justify;\">\u201cMe siento orgullosa de poder representar al liceo en este programa en que postul\u00e9 y qued\u00e9 por mi esfuerzo, vine a Santiago como parte del liceo. Es importante ya que somos de una regi\u00f3n extrema que no tiene todas las facilidades y\/o comodidades que la Regi\u00f3n Metropolitana, por eso lo veo como una oportunidad tremenda para crecer como estudiante y persona\u201d, manifest\u00f3 Crishna Molina, de 3er a\u00f1o medio, quien particip\u00f3 de la gira de estudios.<\/p>\n<p style=\"text-align: justify;\">Por su parte, el director del establecimiento, Eduardo Obando, explic\u00f3 que \u201ceste tipo de experiencias permiten hacer carne un anhelo no solamente del liceo RBC, sino de las autoridades educacionales de que la educaci\u00f3n sea, efectivamente, integral. Que se atienda tanto a los alumnos que tienen algunas dificultades para aprender, a trav\u00e9s de reforzamientos y otras estrategias. As\u00ed tambi\u00e9n, a aquellos alumnos cuyo aprendizaje es r\u00e1pido, de manera que todos puedan progresar de acuerdo a su singularidad. Felicitar a todos quienes participaron, y agradecer al municipio aysenino, a trav\u00e9s del DEM, quienes hicieron posible que el sue\u00f1o de estas ocho j\u00f3venes se haya hecho realidad\u201d.<\/p>\n<p style=\"text-align: justify;\">Finalmente, el director DEM, Patricio B\u00f3rquez, relev\u00f3 este viaje \u201ccuya importancia tiene que ver con el aliciente que significar\u00e1 para las j\u00f3venes conocer de cerca el mundo estudiantil e incentivarlas a continuar con sus estudios superiores. Abrir su mundo respecto a las posibilidades que les esperan una vez egresadas de cuarto medio, as\u00ed como sumar una enriquecedora experiencia de vida\u201d.<\/p>\n<\/div><\/section><\/div><div  style='height:50px' class='hr hr-invisible   avia-builder-el-6  el_after_av_one_full  el_before_av_social_share '><span class='hr-inner ' ><span class='hr-inner-style'><\/span><\/span><\/div><\/p>\n<div  class='av-social-sharing-box  avia-builder-el-7  el_after_av_hr  el_before_av_hr  '><div class='av-share-box'><h5 class='av-share-link-description av-no-toc '>Compartir esta noticia<\/h5><ul class='av-share-box-list noLightbox'><li class='av-share-link av-social-link-facebook' ><a target=\"_blank\" aria-label=\"Compartir en Facebook\" href='https:\/\/www.facebook.com\/sharer.php?u=https:\/\/radiorevelacionfm.cl\/?p=19968&#038;t=Delegaci%C3%B3n%20de%20estudiantes%20del%20liceo%20Ra%C3%BAl%20Broussain%20Campino%20realiz%C3%B3%20gira%20a%20Santiago' aria-hidden='false' data-av_icon='\ue8f3' data-av_iconfont='entypo-fontello' title='' data-avia-related-tooltip='Compartir en Facebook' rel=\"noopener\"><span class='avia_hidden_link_text'>Compartir en Facebook<\/span><\/a><\/li><li class='av-share-link av-social-link-twitter' ><a target=\"_blank\" aria-label=\"Compartir en Twitter\" href='https:\/\/twitter.com\/share?text=Delegaci%C3%B3n%20de%20estudiantes%20del%20liceo%20Ra%C3%BAl%20Broussain%20Campino%20realiz%C3%B3%20gira%20a%20Santiago&#038;url=https:\/\/radiorevelacionfm.cl\/?p=19968' aria-hidden='false' data-av_icon='\ue8f1' data-av_iconfont='entypo-fontello' title='' data-avia-related-tooltip='Compartir en Twitter' rel=\"noopener\"><span class='avia_hidden_link_text'>Compartir en Twitter<\/span><\/a><\/li><li class='av-share-link av-social-link-whatsapp' ><a target=\"_blank\" aria-label=\"Compartir en Whatsapp\" href='https:\/\/api.whatsapp.com\/send?text=https:\/\/radiorevelacionfm.cl\/?p=19968' aria-hidden='false' data-av_icon='\uf232' data-av_iconfont='entypo-fontello' title='' data-avia-related-tooltip='Compartir en Whatsapp' rel=\"noopener\"><span class='avia_hidden_link_text'>Compartir en Whatsapp<\/span><\/a><\/li><li class='av-share-link av-social-link-linkedin' ><a target=\"_blank\" aria-label=\"Compartir en LinkedIn\" href='https:\/\/linkedin.com\/shareArticle?mini=true&#038;title=Delegaci%C3%B3n%20de%20estudiantes%20del%20liceo%20Ra%C3%BAl%20Broussain%20Campino%20realiz%C3%B3%20gira%20a%20Santiago&#038;url=https:\/\/radiorevelacionfm.cl\/?p=19968' aria-hidden='false' data-av_icon='\ue8fc' data-av_iconfont='entypo-fontello' title='' data-avia-related-tooltip='Compartir en LinkedIn' rel=\"noopener\"><span class='avia_hidden_link_text'>Compartir en LinkedIn<\/span><\/a><\/li><li class='av-share-link av-social-link-mail' ><a  aria-label=\"Compartir por correo\" href='mailto:?subject=Delegaci%C3%B3n%20de%20estudiantes%20del%20liceo%20Ra%C3%BAl%20Broussain%20Campino%20realiz%C3%B3%20gira%20a%20Santiago&#038;body=https:\/\/radiorevelacionfm.cl\/?p=19968' aria-hidden='false' data-av_icon='\ue805' data-av_iconfont='entypo-fontello' title='' data-avia-related-tooltip='Compartir por correo'><span class='avia_hidden_link_text'>Compartir por correo<\/span><\/a><\/li><\/ul><\/div><\/div>\n<div  style='height:50px' class='hr hr-invisible   avia-builder-el-8  el_after_av_social_share  el_before_av_comments_list '><span class='hr-inner ' ><span class='hr-inner-style'><\/span><\/span><\/div>\n<div  class='av-buildercomment  av-blog-meta-html-info-disabled av-blog-meta-tag-disabled  '><\/div>\n","protected":false},"excerpt":{"rendered":"","protected":false},"author":1,"featured_media":19969,"comment_status":"open","ping_status":"open","sticky":false,"template":"","format":"standard","meta":{"footnotes":""},"categories":[49],"tags":[],"class_list":["post-19968","post","type-post","status-publish","format-standard","has-post-thumbnail","hentry","category-educacion"],"jetpack_featured_media_url":"https:\/\/radiorevelacionfm.cl\/wp-content\/uploads\/2022\/08\/290923059_1915225348867134_4067847178292901607_n-1_optimized.jpg","_links":{"self":[{"href":"https:\/\/radiorevelacionfm.cl\/index.php?rest_route=\/wp\/v2\/posts\/19968","targetHints":{"allow":["GET"]}}],"collection":[{"href":"https:\/\/radiorevelacionfm.cl\/index.php?rest_route=\/wp\/v2\/posts"}],"about":[{"href":"https:\/\/radiorevelacionfm.cl\/index.php?rest_route=\/wp\/v2\/types\/post"}],"author":[{"embeddable":true,"href":"https:\/\/radiorevelacionfm.cl\/index.php?rest_route=\/wp\/v2\/users\/1"}],"replies":[{"embeddable":true,"href":"https:\/\/radiorevelacionfm.cl\/index.php?rest_route=%2Fwp%2Fv2%2Fcomments&post=19968"}],"version-history":[{"count":2,"href":"https:\/\/radiorevelacionfm.cl\/index.php?rest_route=\/wp\/v2\/posts\/19968\/revisions"}],"predecessor-version":[{"id":19980,"href":"https:\/\/radiorevelacionfm.cl\/index.php?rest_route=\/wp\/v2\/posts\/19968\/revisions\/19980"}],"wp:featuredmedia":[{"embeddable":true,"href":"https:\/\/radiorevelacionfm.cl\/index.php?rest_route=\/wp\/v2\/media\/19969"}],"wp:attachment":[{"href":"https:\/\/radiorevelacionfm.cl\/index.php?rest_route=%2Fwp%2Fv2%2Fmedia&parent=19968"}],"wp:term":[{"taxonomy":"category","embeddable":true,"href":"https:\/\/radiorevelacionfm.cl\/index.php?rest_route=%2Fwp%2Fv2%2Fcategories&post=19968"},{"taxonomy":"post_tag","embeddable":true,"href":"https:\/\/radiorevelacionfm.cl\/index.php?rest_route=%2Fwp%2Fv2%2Ftags&post=19968"}],"curies":[{"name":"wp","href":"https:\/\/api.w.org\/{rel}","templated":true}]}}